{"id":10536,"date":"2022-03-02T14:29:00","date_gmt":"2022-03-02T12:29:00","guid":{"rendered":"http:\/\/cmpaix.eu\/fr\/?p=10536"},"modified":"2022-06-29T12:08:48","modified_gmt":"2022-06-29T10:08:48","slug":"crise-en-ukraine-mobilisation-du-centre-mondial-de-la-paix","status":"publish","type":"post","link":"http:\/\/cmpaix.eu\/fr\/crise-en-ukraine-mobilisation-du-centre-mondial-de-la-paix\/","title":{"rendered":"Crise en Ukraine &#8211; Mobilisation du Centre Mondial de la Paix"},"content":{"rendered":"<p><strong>La situation en Ukraine invite naturellement le Centre Mondial de la Paix, des libert\u00e9s et des droits de l\u2019Homme \u00e0 se mobiliser face \u00e0 l\u2019\u00e9volution extr\u00eamement rapide des \u00e9v\u00e8nements. Plusieurs actions imm\u00e9diates ont \u00e9t\u00e9 d\u00e9cid\u00e9es en compl\u00e9ment de la pr\u00e9sentation de crise depuis 2015<\/strong> :<\/p>\n<p><strong><u>EXPOSITIONS<\/u> : En partenariat avec le Mus\u00e9e National de l\u2019Histoire de l\u2019Ukraine durant la Seconde Guerre mondiale, le Centre Mondial de la Paix pr\u00e9sente en exclusivit\u00e9 mondiale, deux expositions de photographies, terribles reflets des r\u00e9alit\u00e9s d&rsquo;un pays en guerre<\/strong><br \/>\n<strong>\u00ab  <a href=\"http:\/\/cmpaix.eu\/fr\/kiev-rapport-dune-journee-le-8-mars-2022\/\">Kiev : Rapport d\u2019une journ\u00e9e : le 8 mars 2022<\/a> \u00bb<\/strong> : 44 photographies g\u00e9antes donnant un aper\u00e7u de la vie \u00e0 Kiev en temps de guerre.<br \/>\n<strong>\u00ab  <a href=\"http:\/\/cmpaix.eu\/fr\/ukraine-guerre-totale\/\">Ukraine Guerre Totale<\/a> \u00bb<\/strong> : 70 photos prises imm\u00e9diatement au sein des zones lib\u00e9r\u00e9es par l\u2019Arm\u00e9e Ukrainienne, t\u00e9moignages des destructions et des conditions de vie des habitants confront\u00e9s \u00e0 l\u2019arm\u00e9e russe durant plusieurs semaines.<\/p>\n<p><strong><u>PEDAGOGIE<\/u> : Renforcement de l\u2019explication de la crise en Ukraine dans l\u2019exposition \u00ab Dr\u00f4les de Paix \u00bb<\/strong><\/p>\n<p><strong><u>LIBRAIRIE<\/u> : La boutique s&rsquo;est enrichie de nouveaux ouvrages permettant de mieux appr\u00e9hender le conflit en Ukraine <\/strong><\/p>\n<table width=\"100%\" border=\"0\" cellspacing=\"1\" cellpadding=\"5\" style=\"font-family: Helvetica, arial, sans-serif; font-size: 10px; color: #00000; text-align:left; line-height: 14px;\">\n<tr>\n<td align=\"center\"><img class=\"lazyload\" decoding=\"async\" src=\"data:image\/gif;base64,R0lGODlhAQABAAAAACH5BAEKAAEALAAAAAABAAEAAAICTAEAOw==\" data-orig-src=\"http:\/\/cmpaix.eu\/fr\/wp-content\/uploads\/2022\/06\/Au-coeur-du-Kremlin.jpg\"  width=\"80\"\/> <br \/>\n      <strong>Au coeur du Kremlin<\/strong><br \/> Vladimir Fedorovski<\/td>\n<td align=\"center\"><img class=\"lazyload\" decoding=\"async\" src=\"data:image\/gif;base64,R0lGODlhAQABAAAAACH5BAEKAAEALAAAAAABAAEAAAICTAEAOw==\" data-orig-src=\"http:\/\/cmpaix.eu\/fr\/wp-content\/uploads\/2022\/06\/Donbass.jpg\"  width=\"80\"\/> <br \/> <strong>Donbass <\/strong><br \/> Beno\u00eet Vitkine<\/td>\n<td align=\"center\"><img class=\"lazyload\" decoding=\"async\" src=\"data:image\/gif;base64,R0lGODlhAQABAAAAACH5BAEKAAEALAAAAAABAAEAAAICTAEAOw==\" data-orig-src=\"http:\/\/cmpaix.eu\/fr\/wp-content\/uploads\/2022\/06\/L-Engrenage.jpg\"  width=\"80\"\/> <br \/>\n      <strong>L&rsquo;engrenage : <br \/> Que veut Poutine <\/strong><br \/> Sergue\u00ef Jirnov<\/td>\n<td align=\"center\"><img class=\"lazyload\" decoding=\"async\" src=\"data:image\/gif;base64,R0lGODlhAQABAAAAACH5BAEKAAEALAAAAAABAAEAAAICTAEAOw==\" data-orig-src=\"http:\/\/cmpaix.eu\/fr\/wp-content\/uploads\/2022\/06\/Carnet-de-bord-de-la-resistance-ukrainienne.jpg\"  width=\"80\"\/> <br \/> <strong>Carnet de bord <br \/> de la r\u00e9sistance ukrainienne <\/strong><br \/> The Kyiv Independent <\/td>\n<\/tr>\n<tr>\n<td align=\"center\"><img class=\"lazyload\" decoding=\"async\" src=\"data:image\/gif;base64,R0lGODlhAQABAAAAACH5BAEKAAEALAAAAAABAAEAAAICTAEAOw==\" data-orig-src=\"http:\/\/cmpaix.eu\/fr\/wp-content\/uploads\/2022\/06\/Pour-l-ukraine.jpg\"  width=\"80\"\/> <br \/>\n      <strong>Pour l&rsquo;Ukraine <\/strong><br \/> Volodymyr Zelensky<\/td>\n<td align=\"center\"><img class=\"lazyload\" decoding=\"async\" src=\"data:image\/gif;base64,R0lGODlhAQABAAAAACH5BAEKAAEALAAAAAABAAEAAAICTAEAOw==\" data-orig-src=\"http:\/\/cmpaix.eu\/fr\/wp-content\/uploads\/2022\/06\/Dans-la-tete-de-vladimir-poutine.jpg\"  width=\"80\"\/> <br \/>\n      <strong>Dans la t\u00eate <br \/> de Vladimir Poutine <\/strong><br \/> Michel Eltchaninoff<\/td>\n<td align=\"center\"><img class=\"lazyload\" decoding=\"async\" src=\"data:image\/gif;base64,R0lGODlhAQABAAAAACH5BAEKAAEALAAAAAABAAEAAAICTAEAOw==\" data-orig-src=\"http:\/\/cmpaix.eu\/fr\/wp-content\/uploads\/2022\/06\/Kiev-journal-de-guerre.jpg\"  width=\"80\"\/> <br \/>\n      <strong>Kiev journal de guerre <\/strong><br \/> Evgenia Belorusets<\/td>\n<td align=\"center\"><img class=\"lazyload\" decoding=\"async\" src=\"data:image\/gif;base64,R0lGODlhAQABAAAAACH5BAEKAAEALAAAAAABAAEAAAICTAEAOw==\" data-orig-src=\"http:\/\/cmpaix.eu\/fr\/wp-content\/uploads\/2022\/06\/Poutine.jpg\"  width=\"80\"\/> <br \/>\n      <strong>Poutine <\/strong><br \/> Fr\u00e9d\u00e9ric Pons<\/td>\n<\/tr>\n<tr>\n<td align=\"center\"><img class=\"lazyload\" decoding=\"async\" src=\"data:image\/gif;base64,R0lGODlhAQABAAAAACH5BAEKAAEALAAAAAABAAEAAAICTAEAOw==\" data-orig-src=\"http:\/\/cmpaix.eu\/fr\/wp-content\/uploads\/2022\/06\/Un-Autre-Monde-L-ere-des-dictateurs.jpg\"  width=\"80\"\/> <br \/>\n      <strong>Un autre monde : <br \/> L&rsquo;\u00e8re des dictateurs <\/strong><br \/> Alain Frachon<\/td>\n<td align=\"center\"><img class=\"lazyload\" decoding=\"async\" src=\"data:image\/gif;base64,R0lGODlhAQABAAAAACH5BAEKAAEALAAAAAABAAEAAAICTAEAOw==\" data-orig-src=\"http:\/\/cmpaix.eu\/fr\/wp-content\/uploads\/2022\/06\/Poutine-par-lui-meme.jpg\" width=\"80\"\/> <br \/>\n      <strong>Poutine par lui-m\u00eame : <br \/> La conqu\u00eate du pouvoir <\/strong><br \/> Vladimir Poutine<\/td>\n<td align=\"center\"><img class=\"lazyload\" decoding=\"async\" src=\"data:image\/gif;base64,R0lGODlhAQABAAAAACH5BAEKAAEALAAAAAABAAEAAAICTAEAOw==\" data-orig-src=\"http:\/\/cmpaix.eu\/fr\/wp-content\/uploads\/2022\/06\/L-Ukraine-une-histoire-entre-deux-destins.jpg \"  width=\"80\"\/> <br \/>  <strong>Ukraine :  <br \/> Une histoire entre deux destins <\/strong><br \/> Pierre Lorrain<\/td>\n<td align=\"center\"><img class=\"lazyload\" decoding=\"async\" src=\"data:image\/gif;base64,R0lGODlhAQABAAAAACH5BAEKAAEALAAAAAABAAEAAAICTAEAOw==\" data-orig-src=\"http:\/\/cmpaix.eu\/fr\/wp-content\/uploads\/2022\/06\/L-Ukraine-de-l-independance-a-la-guerre.jpg \"  width=\"80\"\/> <br \/>  <strong>L&rsquo;Ukraine : <br \/> De l&rsquo;ind\u00e9pendance \u00e0 la guerre <\/strong><br \/> Alexandra Goujon<\/td>\n<\/tr>\n<tr>\n<td align=\"center\"><img class=\"lazyload\" decoding=\"async\" src=\"data:image\/gif;base64,R0lGODlhAQABAAAAACH5BAEKAAEALAAAAAABAAEAAAICTAEAOw==\" data-orig-src=\"http:\/\/cmpaix.eu\/fr\/wp-content\/uploads\/2022\/06\/Volodymyr-Zelensky-Dans-la-tete-d-un-heros.jpg\"  width=\"80\"\/> <br \/>\n      <strong>Volodymyr Zelensky : <br \/> Dans la t\u00eate d&rsquo;un h\u00e9ros <\/strong><br \/> R\u00e9gis Gent\u00e9<\/td>\n<td align=\"center\"><img class=\"lazyload\" decoding=\"async\" src=\"data:image\/gif;base64,R0lGODlhAQABAAAAACH5BAEKAAEALAAAAAABAAEAAAICTAEAOw==\" data-orig-src=\"http:\/\/cmpaix.eu\/fr\/wp-content\/uploads\/2022\/06\/Moi-Marat-ex-commandant-de-l-armee-Wagner-Les-deous-de-l-armee-secrete-de-Poutine-enfin-revele.jpg\" width=\"80\"\/> <br \/>\n      <strong>Moi, Marat, ex-commandant <br \/> de l&rsquo;arm\u00e9e Wagner<\/strong><br \/>Marat Gabidullin<\/td>\n<td align=\"center\">  <\/td>\n<td align=\"center\">  <\/td>\n<\/tr>\n<\/table>\n<p><strong><u>SOUTIEN<\/u> : Pavoisement du Palais Episcopal aux couleurs de l\u2019Ukraine<\/strong><br \/>\nLe Palais \u00c9piscopal de Verdun, si\u00e8ge du Centre Mondial de la Paix, des libert\u00e9s et des droits de l&rsquo;Homme, <strong>sera pavois\u00e9 aux couleurs de l\u2019Ukraine.<\/strong><\/p>\n<p><img decoding=\"async\" src=\"data:image\/svg+xml,%3Csvg%20xmlns%3D%27http%3A%2F%2Fwww.w3.org%2F2000%2Fsvg%27%20width%3D%272560%27%20height%3D%271920%27%20viewBox%3D%270%200%202560%201920%27%3E%3Crect%20width%3D%272560%27%20height%3D%271920%27%20fill-opacity%3D%220%22%2F%3E%3C%2Fsvg%3E\" data-orig-src=\"http:\/\/cmpaix.eu\/fr\/wp-content\/uploads\/2022\/03\/IMG_5035-scaled.jpg\" alt=\"\" width=100% class=\"lazyload aligncenter size-full  \/><\/p>\n","protected":false},"excerpt":{"rendered":"<p>La situation en Ukraine invite naturellement le Centre Mondial de la Paix, des libert\u00e9s et des droits de l\u2019Homme \u00e0 se mobiliser face \u00e0 l\u2019\u00e9volution extr\u00eamement rapide des \u00e9v\u00e8nements. Plusieurs actions imm\u00e9diates ont \u00e9t\u00e9 d\u00e9cid\u00e9es en compl\u00e9ment de la pr\u00e9sentation de crise depuis 2015 : EXPOSITIONS : En partenariat avec  [&#8230;]<\/p>\n","protected":false},"author":1,"featured_media":0,"comment_status":"closed","ping_status":"closed","sticky":false,"template":"","format":"standard","meta":{"ngg_post_thumbnail":0,"footnotes":""},"categories":[1],"tags":[],"class_list":["post-10536","post","type-post","status-publish","format-standard","hentry","category-non-classe"],"_links":{"self":[{"href":"http:\/\/cmpaix.eu\/fr\/wp-json\/wp\/v2\/posts\/10536","targetHints":{"allow":["GET"]}}],"collection":[{"href":"http:\/\/cmpaix.eu\/fr\/wp-json\/wp\/v2\/posts"}],"about":[{"href":"http:\/\/cmpaix.eu\/fr\/wp-json\/wp\/v2\/types\/post"}],"author":[{"embeddable":true,"href":"http:\/\/cmpaix.eu\/fr\/wp-json\/wp\/v2\/users\/1"}],"replies":[{"embeddable":true,"href":"http:\/\/cmpaix.eu\/fr\/wp-json\/wp\/v2\/comments?post=10536"}],"version-history":[{"count":20,"href":"http:\/\/cmpaix.eu\/fr\/wp-json\/wp\/v2\/posts\/10536\/revisions"}],"predecessor-version":[{"id":10908,"href":"http:\/\/cmpaix.eu\/fr\/wp-json\/wp\/v2\/posts\/10536\/revisions\/10908"}],"wp:attachment":[{"href":"http:\/\/cmpaix.eu\/fr\/wp-json\/wp\/v2\/media?parent=10536"}],"wp:term":[{"taxonomy":"category","embeddable":true,"href":"http:\/\/cmpaix.eu\/fr\/wp-json\/wp\/v2\/categories?post=10536"},{"taxonomy":"post_tag","embeddable":true,"href":"http:\/\/cmpaix.eu\/fr\/wp-json\/wp\/v2\/tags?post=10536"}],"curies":[{"name":"wp","href":"https:\/\/api.w.org\/{rel}","templated":true}]}}