{"id":10741,"date":"2021-05-05T15:59:41","date_gmt":"2021-05-05T13:59:41","guid":{"rendered":"http:\/\/cmpaix.eu\/fr\/?p=10741"},"modified":"2022-05-05T15:59:53","modified_gmt":"2022-05-05T13:59:53","slug":"defa-pedagogie","status":"publish","type":"post","link":"http:\/\/cmpaix.eu\/fr\/defa-pedagogie\/","title":{"rendered":"defa-pedagogie"},"content":{"rendered":"\r\n<style type=\"text\/css\">\r\n<!--\r\n#titre {\r\n\tfont-family: Arial, Helvetica, sans-serif;\r\n\tfont-size: 11px;\r\n\tline-height: 11px;\r\n}\r\n-->\r\n\r\n\r\n\t\r\n\t\r\n.fr-btn:not(.fr-btn--unstyled) {\r\n  border-radius: 50rem;\r\n}\r\n\r\n.fr-btn {\r\n  transition: background-color .2s cubic-bezier(.45,.4,.45,1),color .2s cubic-bezier(.45,.4,.45,1);\r\n}\r\n\r\n.fr-btn {\r\n  background-color: #002776;\r\n  color: #fff;\r\n}\r\n\r\n.fr-btn2 {\r\n  background-color: red;\r\n  color: #fff;\r\n  transition: background-color .2s cubic-bezier(.45,.4,.45,1),color .2s cubic-bezier(.45,.4,.45,1);\r\n  border-radius: 20rem;\r\n    font-size: 1.2rem;\r\n  line-height: 1.4rem;\r\n  min-height: 1.4rem;\r\n  padding: .1rem .3rem;\r\n    text-decoration: none;\r\n  margin: 0;\r\n  display: inline-flex;\r\n  flex-direction: row;\r\n  align-items: center;\r\n  z-index: 1;\r\n}\r\n\r\n\r\n.fr-btn3 {\r\n  background-color: red;\r\n  color: #fff;\r\n  transition: background-color .2s cubic-bezier(.45,.4,.45,1),color .2s cubic-bezier(.45,.4,.45,1);\r\n  border-radius: 20rem;\r\n    font-size: 0.9rem;\r\n  line-height: 1.4rem;\r\n  min-height: 1.4rem;\r\n  padding: .1rem .3rem;\r\n    text-decoration: none;\r\n  margin: 0;\r\n  display: inline-flex;\r\n  flex-direction: row;\r\n  align-items: center;\r\n  z-index: 1;\r\n}\r\n\r\n\r\n.fr-btn:hover {\r\n    background-color: #43A047;\r\n}\r\n.fr-btn:active {\r\n    background-color: #43A047;\r\n}\r\n\r\n\r\n.fr-btn {\r\n  font-size: 0.6rem;\r\n  line-height: 1.5rem;\r\n  min-height: 1.5rem;\r\n  padding: .1rem 1.1rem;\r\n}\r\n\r\n.fr-btn {\r\n  text-decoration: none;\r\n  margin: 0;\r\n  display: inline-flex;\r\n  flex-direction: row;\r\n  align-items: center;\r\n  z-index: 1;\r\n}\r\n\r\n.text-white {\r\n  --bs-france-text-opacity: 1;\r\n  color: #fff !important;\r\n}\t\r\n<\/style>\r\n\r\n                                                                   \r\n                                                                   \r\n                                                               \r\n                                                                   \r\n                              \r\n\r\n\r\n\r\n\r\n                                                               \r\n                                                                \r\n\r\n    \r\n    \r\n\r\n    \r\n    \r\n    \r\n<table width=\"100%\" border=\"0\" cellspacing=\"1\" cellpadding=\"5\">\r\n     <tr>\r\n   <td width=\"20%\"  style=\"font-family: Helvetica, arial, sans-serif; font-size: 12px; color: #00000; text-align:left; line-height: 18px; vertical-align: top;\">&nbsp;<\/td>\r\n <td width=\"60%\" style=\"font-family: Helvetica, arial, sans-serif; font-size: 20px; color: 4b4a4d; text-align:center; line-height: 30px;\"><p id=\"resa\"><strong>D\u00e9couvrez comment l\u2019\u00e9v\u00e9nement Dessert embl\u00e9matique franco-allemand et   Gastronomie diplomatique europ\u00e9enne privil\u00e9gie la p\u00e9dagogie<\/strong><br \/>\r\n   \r\n   \r\n   \r\n   \r\n   \r\n<HR align=center size=1 width=\"30%\"><\/td>\r\n   <td width=\"20%\" style=\"font-family: Helvetica, arial, sans-serif; font-size: 12px; color: #00000; text-align:left; line-height: 18px; vertical-align: top;\">&nbsp;<\/td>\r\n <\/tr>  \r\n         \r\n       <tr>\r\n   <td width=\"20%\"  style=\"font-family: Helvetica, arial, sans-serif; font-size: 12px; color: #00000; text-align:left; line-height: 18px; vertical-align: top;\">&nbsp;<\/td>\r\n   \r\n   \r\n   \r\n   <td width=\"60%\"  style=\"font-family: Helvetica, arial, sans-serif; font-size: 20px; color: 4b4a4d; text-align:center; line-height: 30px;\"> \r\n   \r\n   <table width=\"100%\" border=\"0\" cellspacing=\"1\" cellpadding=\"5\">\r\n      \r\n \r\n  \r\n  \r\n\r\n  \r\n  \r\n\r\n\r\n  \r\n  \r\n\r\n  \r\n  \r\n  \r\n \r\n \r\n   <tr>\r\n\r\n     <td style=\"font-family: Helvetica, arial, sans-serif; font-size: 14px; color: #00000; text-align:left; line-height: 25px; vertical-align: middle;\">\r\n     \r\n     \r\n     \r\n <p align=\"center\" style=\"font-family: Helvetica, arial, sans-serif; font-size: 14px; color: #00000; text-align:center; line-height: 18px; vertical-align: top;\">&nbsp;<\/p>\r\n         \r\n          <p style=\"font-size: 13px; line-height: 16px;\" align=\"left\">\r\n          \r\n\r\n         \r\n         \r\n    \r\n\r\n\r\n\r\n\r\n\r\n-> Les \u00e9l\u00e8ves du Lyc\u00e9e Professionnel H\u00f4telier ALAIN-FOURNIER de Verdun, Justus-von-Liebig-Schule \u00e0 Mannheim (Allemagne) et de l\u2019\u00e9cole d\u2019H\u00f4tellerie et de Tourisme du Luxembourg sont syst\u00e9matiquement associ\u00e9s \u00e0 toutes les s\u00e9quences et si possible plac\u00e9s en situation de r\u00e9aliser les diff\u00e9rentes s\u00e9quences sous la supervision des Chefs Cuisiniers.\r\n\r\n <br \/> <br \/>\r\n-> Les diff\u00e9rentes s\u00e9quences sont organis\u00e9es pour permettre un \u00e9change permanent avec le public, y compris durant les Master Class sur els techniques culinaires utilis\u00e9es\r\n <br \/> <br \/>\r\n\r\n-> Le Chef Ukrainien Ievgen KLOPOTENKO r\u00e9alisera une d\u00e9monstration p\u00e9dagogique de la Recette traditionnelle Ukrainienne du bortsch. Pour m\u00e9moire cette recette fait l\u2019objet d\u2019une candidature au patrimoine immat\u00e9riel de l\u2019UNESCO. En Ukraine, le Chef Ievgen KLOPOTENKO est Ambassadeur en charge de la mise en place du nouveau programme de formation des jeunes cuisiniers\r\n <br \/> <br \/>\r\n\r\n-> Guillaume GOMEZ, Ambassadeur, repr\u00e9sentant personnel du Pr\u00e9sident de la R\u00e9publique, en charge de la valorisation de la gastronomie, sera pr\u00e9sent. Il est un acteur essentiel de la valorisation des m\u00e9tiers de la gastronomie, infatigable p\u00e9dagogue.\r\n <br \/> <br \/>\r\n\r\n-> Des ouvrages de cuisine seront propos\u00e9s \u00e0 la vente durant l\u2019\u00e9v\u00e9nement : ces ouvrages privil\u00e9gient la p\u00e9dagogie.\r\n\r\n  \r\n         \r\n         \r\n         \r\n         \r\n          <\/p>\r\n\r\n\r\n\r\n\r\n\r\n         \r\n      <br \/><br \/>\r\n      \r\n   <p align=\"center\"> <a href=\"http:\/\/cmpaix.eu\/fr\/dessert-emblematique-franco-allemand-et-gastronomie-diplomatique-europeenne\" style=\"text-decoration:none;\">  Retour sur la page Dessert embl\u00e9matique franco-allemand et Gastronomie diplomatique europ\u00e9enne<\/a><\/p>\r\n<\/td>\r\n   <\/tr>\r\n   <\/table>\r\n   \r\n   \r\n   <\/td>\r\n\r\n\r\n\r\n\r\n\r\n   <td width=\"20%\" style=\"font-family: Helvetica, arial, sans-serif; font-size: 12px; color: #00000; text-align:left; line-height: 18px; vertical-align: top;\">&nbsp;<\/td>\r\n <\/tr>         \r\n       \r\n   \r\n \r\n<\/table>\r\n    \r\n    \r\n    \r\n    \r\n    \r\n    \r\n\r\n    \r\n    \r\n   \r\n","protected":false},"excerpt":{"rendered":"<p>&nbsp; D\u00e9couvrez comment l\u2019\u00e9v\u00e9nement Dessert embl\u00e9matique franco-allemand et Gastronomie diplomatique europ\u00e9enne privil\u00e9gie la p\u00e9dagogie &nbsp; &nbsp; &nbsp; -> Les \u00e9l\u00e8ves du Lyc\u00e9e Professionnel H\u00f4telier ALAIN-FOURNIER de Verdun, Justus-von-Liebig-Schule \u00e0 Mannheim (Allemagne) et de l\u2019\u00e9cole d\u2019H\u00f4tellerie et de Tourisme du Luxembourg sont syst\u00e9matiquement associ\u00e9s \u00e0 toutes les s\u00e9quences et si possible  [&#8230;]<\/p>\n","protected":false},"author":1,"featured_media":0,"comment_status":"closed","ping_status":"closed","sticky":false,"template":"","format":"standard","meta":{"ngg_post_thumbnail":0,"footnotes":""},"categories":[1],"tags":[],"class_list":["post-10741","post","type-post","status-publish","format-standard","hentry","category-non-classe"],"_links":{"self":[{"href":"http:\/\/cmpaix.eu\/fr\/wp-json\/wp\/v2\/posts\/10741","targetHints":{"allow":["GET"]}}],"collection":[{"href":"http:\/\/cmpaix.eu\/fr\/wp-json\/wp\/v2\/posts"}],"about":[{"href":"http:\/\/cmpaix.eu\/fr\/wp-json\/wp\/v2\/types\/post"}],"author":[{"embeddable":true,"href":"http:\/\/cmpaix.eu\/fr\/wp-json\/wp\/v2\/users\/1"}],"replies":[{"embeddable":true,"href":"http:\/\/cmpaix.eu\/fr\/wp-json\/wp\/v2\/comments?post=10741"}],"version-history":[{"count":1,"href":"http:\/\/cmpaix.eu\/fr\/wp-json\/wp\/v2\/posts\/10741\/revisions"}],"predecessor-version":[{"id":10742,"href":"http:\/\/cmpaix.eu\/fr\/wp-json\/wp\/v2\/posts\/10741\/revisions\/10742"}],"wp:attachment":[{"href":"http:\/\/cmpaix.eu\/fr\/wp-json\/wp\/v2\/media?parent=10741"}],"wp:term":[{"taxonomy":"category","embeddable":true,"href":"http:\/\/cmpaix.eu\/fr\/wp-json\/wp\/v2\/categories?post=10741"},{"taxonomy":"post_tag","embeddable":true,"href":"http:\/\/cmpaix.eu\/fr\/wp-json\/wp\/v2\/tags?post=10741"}],"curies":[{"name":"wp","href":"https:\/\/api.w.org\/{rel}","templated":true}]}}