{"id":10850,"date":"2022-06-03T13:30:22","date_gmt":"2022-06-03T11:30:22","guid":{"rendered":"http:\/\/cmpaix.eu\/fr\/?p=10850"},"modified":"2022-06-03T15:30:02","modified_gmt":"2022-06-03T13:30:02","slug":"guerre-en-ukraine-visites-pedagogiques","status":"publish","type":"post","link":"http:\/\/cmpaix.eu\/fr\/guerre-en-ukraine-visites-pedagogiques\/","title":{"rendered":"Guerre en Ukraine Visites p\u00e9dagogiques"},"content":{"rendered":"<p><strong>Tr\u00e8s engag\u00e9 dans la p\u00e9dagogie pour expliquer la guerre en Ukraine<\/strong>, le Centre Mondial de la Paix, des libert\u00e9s et des droits de l&rsquo;Homme a \u00e9galement d\u00e9velopp\u00e9 des parcours p\u00e9dagogiques destin\u00e9s \u00e0 tous les niveaux d\u2019\u00e9l\u00e8ves, dont un <strong>parcours \u00ab Flash Ukraine \u00bb accessible aux \u00e9l\u00e8ves de CM1 et CM2 depuis le 17 mai 2022<\/strong>.<\/p>\n<p>Ce parcours, accompagn\u00e9 par le professeur d\u2019histoire Thibaut VILLEMIN offre une visite de 45 minutes comment\u00e9e, ax\u00e9e uniquement sur la guerre en Ukraine.<br \/>\nLe parcours est accessible en visite accompagn\u00e9e tous les mardis \u00e0 partir de 13h30, pour un prix symbolique tr\u00e8s accessible de 1 euro par \u00e9l\u00e8ve avec gratuit\u00e9 pour les adultes accompagnateurs. Les r\u00e9servations sont imp\u00e9ratives par mail \u00e0 l\u2019adresse thibautvillemin@gmail.com<\/p>\n","protected":false},"excerpt":{"rendered":"<p>Tr\u00e8s engag\u00e9 dans la p\u00e9dagogie pour expliquer la guerre en Ukraine, le Centre Mondial de la Paix, des libert\u00e9s et des droits de l&rsquo;Homme a \u00e9galement d\u00e9velopp\u00e9 des parcours p\u00e9dagogiques destin\u00e9s \u00e0 tous les niveaux d\u2019\u00e9l\u00e8ves, dont un parcours \u00ab Flash Ukraine \u00bb accessible aux \u00e9l\u00e8ves de CM1 et CM2  [&#8230;]<\/p>\n","protected":false},"author":1,"featured_media":0,"comment_status":"closed","ping_status":"closed","sticky":false,"template":"","format":"standard","meta":{"ngg_post_thumbnail":0,"footnotes":""},"categories":[1],"tags":[],"class_list":["post-10850","post","type-post","status-publish","format-standard","hentry","category-non-classe"],"_links":{"self":[{"href":"http:\/\/cmpaix.eu\/fr\/wp-json\/wp\/v2\/posts\/10850","targetHints":{"allow":["GET"]}}],"collection":[{"href":"http:\/\/cmpaix.eu\/fr\/wp-json\/wp\/v2\/posts"}],"about":[{"href":"http:\/\/cmpaix.eu\/fr\/wp-json\/wp\/v2\/types\/post"}],"author":[{"embeddable":true,"href":"http:\/\/cmpaix.eu\/fr\/wp-json\/wp\/v2\/users\/1"}],"replies":[{"embeddable":true,"href":"http:\/\/cmpaix.eu\/fr\/wp-json\/wp\/v2\/comments?post=10850"}],"version-history":[{"count":4,"href":"http:\/\/cmpaix.eu\/fr\/wp-json\/wp\/v2\/posts\/10850\/revisions"}],"predecessor-version":[{"id":10857,"href":"http:\/\/cmpaix.eu\/fr\/wp-json\/wp\/v2\/posts\/10850\/revisions\/10857"}],"wp:attachment":[{"href":"http:\/\/cmpaix.eu\/fr\/wp-json\/wp\/v2\/media?parent=10850"}],"wp:term":[{"taxonomy":"category","embeddable":true,"href":"http:\/\/cmpaix.eu\/fr\/wp-json\/wp\/v2\/categories?post=10850"},{"taxonomy":"post_tag","embeddable":true,"href":"http:\/\/cmpaix.eu\/fr\/wp-json\/wp\/v2\/tags?post=10850"}],"curies":[{"name":"wp","href":"https:\/\/api.w.org\/{rel}","templated":true}]}}