{"id":11258,"date":"2022-09-21T15:43:13","date_gmt":"2022-09-21T13:43:13","guid":{"rendered":"http:\/\/cmpaix.eu\/fr\/?p=11258"},"modified":"2023-02-06T17:03:34","modified_gmt":"2023-02-06T15:03:34","slug":"tag-des-deutsch-franzozischen-austausches","status":"publish","type":"post","link":"http:\/\/cmpaix.eu\/fr\/tag-des-deutsch-franzozischen-austausches\/","title":{"rendered":"Tag des deutsch-franz\u00f6zischen Austausches"},"content":{"rendered":"\r\n<style type=\"text\/css\">\r\n\r\n\t\r\n\r\n<\/style>\r\n<table width=\"100%\" border=\"0\" cellspacing=\"1\" cellpadding=\"5\">\r\n  <tr>\r\n    <td style=\"font-family: Helvetica, arial, sans-serif; font-size: 14px; color: #00000; text-align:center; line-height: 20px;\">\r\n      <h2>Im Rahmen des 60. Jahrestags\r\ndes Elys\u00e9e-Vertrags <\/h2><h1>TAG DES DEUTSCH-FRANZ\u00d6ZISCHEN AUSTAUSCHES<\/h1>\r\n\r\n    \r\n    <\/td><tr>\r\n\r\n\r\n \r\n <tr><td width=\"100%\" style=\"font-family: Helvetica, arial, sans-serif; font-size: 16px;  text-align:center; line-height: 22px; vertical-align: top;\"><strong>Hinter 60 Jahren Freundschaft stehen 3 wichtige deutsch-franz\u00f6sische Fragen<\/strong><\/td><\/tr>\r\n  <tr><td width=\"100%\" style=\"font-family: Helvetica, arial, sans-serif; font-size: 18px; color: #00000; text-align:center; line-height: 18px; vertical-align: top;\"><br \/>\r\n  \r\n <p align=\"center\" style=\"font-family: Helvetica, arial, sans-serif; font-size: 12px; color: #000000;\">in Partnerschaft\r\nmit ARTE<br \/><img class=\"lazyload\" decoding=\"async\" src=\"data:image\/svg+xml,%3Csvg%20xmlns%3D%27http%3A%2F%2Fwww.w3.org%2F2000%2Fsvg%27%20width%3D%27170%27%20height%3D%2742%27%20viewBox%3D%270%200%20170%2042%27%3E%3Crect%20width%3D%27170%27%20height%3D%2742%27%20fill-opacity%3D%220%22%2F%3E%3C%2Fsvg%3E\" data-orig-src=\"http:\/\/cmpaix.eu\/fr\/wp-content\/uploads\/2022\/04\/arte_logo.jpg\" width=8%><\/p>\r\n      \r\n        <p align=\"center\" style=\"font-family: Helvetica, arial, sans-serif; font-size: 20px; color: #000000;\"><strong>Freitag, 20. Januar 2023<\/strong><br \/>\r\n  <br>\r\n        Centre Mondial de la Paix, <br>des libert\u00e9s et des droits de l&rsquo;Homme &#8211; Verdun <\/p>\r\n  \r\n  <\/td><\/tr>\r\n  \r\n  \r\n  \r\n\t\r\n\t<td width=\"60%\" colspan=\"2\"  style=\"font-family: Helvetica, arial, sans-serif; font-size: 20px; color: 4b4a4d; text-align:center; line-height: 30px;\"> \r\n\t\r\n\t\r\n\t\t<TR> <table><tr>\r\n   <td width=\"20%\"  style=\"font-family: Helvetica, arial, sans-serif; font-size: 12px; color: #00000; text-align:left; line-height: 18px; vertical-align: top;\">&nbsp;<\/td>\r\n   <td width=\"60%\" colspan=\"2\" style=\"font-family: Helvetica, arial, sans-serif; font-size: 16px; color: #00000; text-align:left; line-height: 20px;\">\r\n  \r\n\r\n\r\n    \r\n       \r\n\r\n  <\/td>\r\n    \r\n  <\/td>\r\n   <td >&nbsp;<\/td>\r\n <\/tr><\/table>\r\n<\/TR>\r\n\t\t\r\n\t<tr><td ><HR align=center size=1 width=\"30%\">\r\n<p align=center style=\"font-family: Helvetica, arial, sans-serif; font-size: 20px; color: 4b4a4d; text-align:center; line-height: 30px;\"><strong>PROGRAMM<\/strong>  <br \/>\r\n\t\t <a href=\"http:\/\/cmpaix.eu\/fr\/journee-dechanges-franco-allemands\"  rel=\"noopener noreferrer\"><img class=\"lazyload\" decoding=\"async\" src=\"data:image\/gif;base64,R0lGODlhAQABAAAAACH5BAEKAAEALAAAAAABAAEAAAICTAEAOw==\" data-orig-src=\"http:\/\/www.cmpaix.eu\/design\/drapeau-fr.png\">&nbsp;franz\u00f6sische Version<\/a><\/p><\/td><\/tr>\t\r\n\t\t\r\n\t\t\r\n\t\t\r\n  <tr><td>  \r\n \r\n<table width=\"100%\" border=\"0\" cellspacing=\"1\" cellpadding=\"5\">\r\n  <tr>\r\n <td width=\"15%\">&nbsp;<\/td>\r\n  <td width=\"65%\" >\r\n  <table width=\"100%\" border=\"1\" cellspacing=\"1\" cellpadding=\"5\">\r\n\r\n            <tr>\r\n\r\n\t\t<td colspan=\"6\" style=\"font-family: Helvetica, arial, sans-serif; font-size: 14px; color: #00000; text-align:center; line-height: 18px; vertical-align: top;\"><strong>10:00 Uhr &#8211; Diskussionsrunde : Wirtschaft &#8211; Finanzen &nbsp; <\/strong><\/td>\r\n\t\t<\/tr>\r\n                                                                  \r\n         \t\r\n                                                                     \r\n                                         <tr>\r\n                                                                  \r\n  \t \t\r\n        <td width=\"16%\" style=\"font-family: Helvetica, arial, sans-serif; font-size: 12px; color: #00000; text-align:center; line-height: 18px; vertical-align: top; font-weight: bold;\"><p align=\"center\" ><img class=\"lazyload\" decoding=\"async\" src=\"data:image\/svg+xml,%3Csvg%20xmlns%3D%27http%3A%2F%2Fwww.w3.org%2F2000%2Fsvg%27%20width%3D%2798%27%20height%3D%2792%27%20viewBox%3D%270%200%2098%2092%27%3E%3Crect%20width%3D%2798%27%20height%3D%2792%27%20fill-opacity%3D%220%22%2F%3E%3C%2Fsvg%3E\" data-orig-src=\"http:\/\/cmpaix.eu\/fr\/wp-content\/uploads\/2022\/12\/Francois-VILLEROY-de-GALHAU.jpg\" \/><br \/><br \/>\r\n\t\t    <strong>Fran\u00e7ois VILLEROY de GALHAU<\/strong><\/p><p style=\"font-family: Helvetica, arial, sans-serif; font-size: 10px; color: #00000; text-align:center; line-height: 18px; vertical-align: top; font-weight: bold;\">\r\n            Gouverneur der Banque de France\r\n\t\t  <\/p><\/td>\r\n\t\t  <td width=\"16%\" style=\"font-family: Helvetica, arial, sans-serif; font-size: 12px; color: #00000; text-align:center; line-height: 18px; vertical-align: top; font-weight: bold;\"><p align=\"center\" ><img class=\"lazyload\" decoding=\"async\" src=\"data:image\/svg+xml,%3Csvg%20xmlns%3D%27http%3A%2F%2Fwww.w3.org%2F2000%2Fsvg%27%20width%3D%2798%27%20height%3D%2792%27%20viewBox%3D%270%200%2098%2092%27%3E%3Crect%20width%3D%2798%27%20height%3D%2792%27%20fill-opacity%3D%220%22%2F%3E%3C%2Fsvg%3E\" data-orig-src=\"http:\/\/cmpaix.eu\/fr\/wp-content\/uploads\/2022\/12\/Joachim-NAGEL.jpg\" \/><br \/><br \/>\r\n\t\t    <strong>Dr. Joachim NAGEL<\/strong><\/p><p style=\"font-family: Helvetica, arial, sans-serif; font-size: 10px; color: #00000; text-align:center; line-height: 18px; vertical-align: top; font-weight: bold;\">\r\n            Pr\u00e4sident der Deutschen Bundesbank, Mitglied des EZB-Rats\r\n\t\t  <\/p><\/td>\r\n\t\t  <td width=\"16%\" style=\"font-family: Helvetica, arial, sans-serif; font-size: 12px; color: #00000; text-align:center; line-height: 18px; vertical-align: top; font-weight: bold;\"><p align=\"center\" ><img class=\"lazyload\" decoding=\"async\" src=\"data:image\/svg+xml,%3Csvg%20xmlns%3D%27http%3A%2F%2Fwww.w3.org%2F2000%2Fsvg%27%20width%3D%2798%27%20height%3D%2792%27%20viewBox%3D%270%200%2098%2092%27%3E%3Crect%20width%3D%2798%27%20height%3D%2792%27%20fill-opacity%3D%220%22%2F%3E%3C%2Fsvg%3E\" data-orig-src=\"http:\/\/cmpaix.eu\/fr\/wp-content\/uploads\/2022\/12\/Bruno-LE-MAIRE.jpg\" \/><br \/><br \/>\r\n\t\t    <strong>Bruno LE MAIRE<\/strong><\/p><p style=\"font-family: Helvetica, arial, sans-serif; font-size: 10px; color: #00000; text-align:center; line-height: 18px; vertical-align: top; font-weight: bold;\">\r\n            Minister f\u00fcr Wirtschaft, Finanzen und industrielle und digitale Souver\u00e4nit\u00e4t\r\n\t\t  <\/p><\/td>\r\n\t\t  <td width=\"16%\" style=\"font-family: Helvetica, arial, sans-serif; font-size: 12px; color: #00000; text-align:center; line-height: 18px; vertical-align: top; font-weight: bold;\"><p align=\"center\" ><img class=\"lazyload\" decoding=\"async\" src=\"data:image\/svg+xml,%3Csvg%20xmlns%3D%27http%3A%2F%2Fwww.w3.org%2F2000%2Fsvg%27%20width%3D%2798%27%20height%3D%2792%27%20viewBox%3D%270%200%2098%2092%27%3E%3Crect%20width%3D%2798%27%20height%3D%2792%27%20fill-opacity%3D%220%22%2F%3E%3C%2Fsvg%3E\" data-orig-src=\"http:\/\/cmpaix.eu\/fr\/wp-content\/uploads\/2022\/12\/Martin-SCHULZ.jpg\" \/><br \/><br \/>\r\n\t\t    <strong>Martin SCHULZ<\/strong><\/p><p style=\"font-family: Helvetica, arial, sans-serif; font-size: 10px; color: #00000; text-align:center; line-height: 18px; vertical-align: top; font-weight: bold;\">\r\n            Ehemaliger Pr\u00e4sident des Europ\u00e4ischen Parlaments\r\n\t\t  <\/p><\/td>\r\n\t\t   <td width=\"16%\" style=\"font-family: Helvetica, arial, sans-serif; font-size: 12px; color: #00000; text-align:center; line-height: 18px; vertical-align: top; font-weight: bold;\"><p align=\"center\" ><img class=\"lazyload\" decoding=\"async\" src=\"data:image\/svg+xml,%3Csvg%20xmlns%3D%27http%3A%2F%2Fwww.w3.org%2F2000%2Fsvg%27%20width%3D%2798%27%20height%3D%2792%27%20viewBox%3D%270%200%2098%2092%27%3E%3Crect%20width%3D%2798%27%20height%3D%2792%27%20fill-opacity%3D%220%22%2F%3E%3C%2Fsvg%3E\" data-orig-src=\"http:\/\/cmpaix.eu\/fr\/wp-content\/uploads\/2022\/12\/Jean-Dominique-GIULIANI.jpg\" \/><br \/><br \/>\r\n\t\t    <strong>Jean-Dominique GIULIANI<\/strong><\/p><p style=\"font-family: Helvetica, arial, sans-serif; font-size: 10px; color: #00000; text-align:center; line-height: 18px; vertical-align: top; font-weight: bold;\">\r\n            Mitglied des Aufsichtsrats von ARTE France, Pr\u00e4sident der Robert-Schuman-Stiftung\r\n\t\t  <\/p><\/td>\t  <td width=\"16%\" style=\"font-family: Helvetica, arial, sans-serif; font-size: 12px; color: #00000; text-align:center; line-height: 18px; vertical-align: top; font-weight: bold;\"><p align=\"center\" ><img class=\"lazyload\" decoding=\"async\" src=\"data:image\/gif;base64,R0lGODlhAQABAAAAACH5BAEKAAEALAAAAAABAAEAAAICTAEAOw==\" data-orig-src=\"http:\/\/cmpaix.eu\/fr\/wp-content\/uploads\/2022\/12\/Niklas-ZABOJI.jpg\" \/><br \/><br \/>\r\n\t\t    <strong>Niklas ZABOJI<\/strong><\/p><p style=\"font-family: Helvetica, arial, sans-serif; font-size: 10px; color: #00000; text-align:center; line-height: 18px; vertical-align: top; font-weight: bold;\">\r\n            Korrespondent  Journalist der Frankurter Allgemeinen Zeitung in Paris\r\n\t\t  <\/p><\/td>\r\n                                                                   \r\n  <\/tr>\r\n\r\n   <br>                                                               \r\n           \r\n                                                         \r\n<\/table>\r\n  <\/td>\r\n <td width=\"15%\" >&nbsp;<\/td>\r\n \r\n <\/tr>\r\n\t  \r\n\t  \r\n <tr>\r\n <td width=\"15%\">&nbsp;<\/td>\r\n  <td width=\"65%\" >\r\n  <table width=\"100%\" border=\"1\" cellspacing=\"1\" cellpadding=\"5\">\r\n \r\n                                                                   <tr>\r\n\r\n\t\t<td colspan=\"6\" style=\"font-family: Helvetica, arial, sans-serif; font-size: 14px; color: #00000; text-align:center; line-height: 18px; vertical-align: top;\"><strong>14:00 Uhr &#8211; Diskussionsrunde : Verteidigung &#8211; Souver\u00e4nit\u00e4t  &nbsp; <\/strong><\/td>\r\n\t\t<\/tr>\r\n                                                                  \r\n         \t\r\n                                                                     \r\n                                         <tr>\r\n                                                                  \r\n  \t \t\r\n        <td width=\"16%\" style=\"font-family: Helvetica, arial, sans-serif; font-size: 12px; color: #00000; text-align:center; line-height: 18px; vertical-align: top; font-weight: bold;\"><p align=\"center\" ><img class=\"lazyload\" decoding=\"async\" src=\"data:image\/svg+xml,%3Csvg%20xmlns%3D%27http%3A%2F%2Fwww.w3.org%2F2000%2Fsvg%27%20width%3D%2798%27%20height%3D%2792%27%20viewBox%3D%270%200%2098%2092%27%3E%3Crect%20width%3D%2798%27%20height%3D%2792%27%20fill-opacity%3D%220%22%2F%3E%3C%2Fsvg%3E\" data-orig-src=\"http:\/\/cmpaix.eu\/fr\/wp-content\/uploads\/2022\/12\/Edouard-GUILLAUD.jpg\" \/><br \/><br \/>\r\n\t\t    <strong>Amiral \u00c9douard GUILLAUD<\/strong><\/p><p style=\"font-family: Helvetica, arial, sans-serif; font-size: 10px; color: #00000; text-align:center; line-height: 18px; vertical-align: top; font-weight: bold;\">\r\n            Ehemaliger Chef des Generalstabs der franz\u00f6sischen Streitkr\u00e4fte\r\n\t\t  <\/p><\/td>\r\n\t\t  <td width=\"16%\" style=\"font-family: Helvetica, arial, sans-serif; font-size: 12px; color: #00000; text-align:center; line-height: 18px; vertical-align: top; font-weight: bold;\"><p align=\"center\" ><img class=\"lazyload\" decoding=\"async\" src=\"data:image\/svg+xml,%3Csvg%20xmlns%3D%27http%3A%2F%2Fwww.w3.org%2F2000%2Fsvg%27%20width%3D%2798%27%20height%3D%2792%27%20viewBox%3D%270%200%2098%2092%27%3E%3Crect%20width%3D%2798%27%20height%3D%2792%27%20fill-opacity%3D%220%22%2F%3E%3C%2Fsvg%3E\" data-orig-src=\"http:\/\/cmpaix.eu\/fr\/wp-content\/uploads\/2022\/12\/Annegret-KRAMP-KARRENBAUER.jpg\" \/><br \/><br \/>\r\n\t\t    <strong>Annegret KRAMP-KARRENBAUER<\/strong><\/p><p style=\"font-family: Helvetica, arial, sans-serif; font-size: 10px; color: #00000; text-align:center; line-height: 18px; vertical-align: top; font-weight: bold;\">\r\n            Ehemalige Bundesministerin f\u00fcr Verteidigung\r\n\t\t  <\/p><\/td>\r\n\t\t  <td width=\"16%\" style=\"font-family: Helvetica, arial, sans-serif; font-size: 12px; color: #00000; text-align:center; line-height: 18px; vertical-align: top; font-weight: bold;\"><p align=\"center\" ><img class=\"lazyload\" decoding=\"async\" src=\"data:image\/svg+xml,%3Csvg%20xmlns%3D%27http%3A%2F%2Fwww.w3.org%2F2000%2Fsvg%27%20width%3D%2798%27%20height%3D%2792%27%20viewBox%3D%270%200%2098%2092%27%3E%3Crect%20width%3D%2798%27%20height%3D%2792%27%20fill-opacity%3D%220%22%2F%3E%3C%2Fsvg%3E\" data-orig-src=\"http:\/\/cmpaix.eu\/fr\/wp-content\/uploads\/2022\/12\/Gerard-LONGUET.jpg\" \/><br \/><br \/>\r\n\t\t    <strong>G\u00e9rard LONGUET<\/strong><\/p><p style=\"font-family: Helvetica, arial, sans-serif; font-size: 10px; color: #00000; text-align:center; line-height: 18px; vertical-align: top; font-weight: bold;\">\r\n            Ehemaliger Verteidigungsminister\r\n\t\t  <\/p><\/td>\r\n\t\t  <td width=\"16%\" style=\"font-family: Helvetica, arial, sans-serif; font-size: 12px; color: #00000; text-align:center; line-height: 18px; vertical-align: top; font-weight: bold;\"><p align=\"center\" ><img class=\"lazyload\" decoding=\"async\" src=\"data:image\/svg+xml,%3Csvg%20xmlns%3D%27http%3A%2F%2Fwww.w3.org%2F2000%2Fsvg%27%20width%3D%2798%27%20height%3D%2792%27%20viewBox%3D%270%200%2098%2092%27%3E%3Crect%20width%3D%2798%27%20height%3D%2792%27%20fill-opacity%3D%220%22%2F%3E%3C%2Fsvg%3E\" data-orig-src=\"http:\/\/cmpaix.eu\/fr\/wp-content\/uploads\/2022\/12\/Hans-Werner-WIERMANN.jpg\" \/><br \/><br \/>\r\n\t\t    <strong>G\u00e9n\u00e9ral de corps d\u2019arm\u00e9e Hans-Werner WIERMANN<\/strong><\/p><p style=\"font-family: Helvetica, arial, sans-serif; font-size: 10px; color: #00000; text-align:center; line-height: 18px; vertical-align: top; font-weight: bold;\">\r\n            Ehemaliger Generaldirektor des Internationalen Milit\u00e4rstabs der NATO\r\n\t\t  <\/p><\/td>\r\n\t\t  <td width=\"16%\" style=\"font-family: Helvetica, arial, sans-serif; font-size: 12px; color: #00000; text-align:center; line-height: 18px; vertical-align: top; font-weight: bold;\"><p align=\"center\" ><img class=\"lazyload\" decoding=\"async\" src=\"data:image\/svg+xml,%3Csvg%20xmlns%3D%27http%3A%2F%2Fwww.w3.org%2F2000%2Fsvg%27%20width%3D%2798%27%20height%3D%2792%27%20viewBox%3D%270%200%2098%2092%27%3E%3Crect%20width%3D%2798%27%20height%3D%2792%27%20fill-opacity%3D%220%22%2F%3E%3C%2Fsvg%3E\" data-orig-src=\"http:\/\/cmpaix.eu\/fr\/wp-content\/uploads\/2022\/12\/Jean-Dominique-GIULIANI.jpg\" \/><br \/><br \/>\r\n\t\t    <strong>Jean-Dominique GIULIANI<\/strong><\/p><p style=\"font-family: Helvetica, arial, sans-serif; font-size: 10px; color: #00000; text-align:center; line-height: 18px; vertical-align: top; font-weight: bold;\">\r\n            Mitglied des Aufsichtsrats von ARTE France, Pr\u00e4sident der Robert-Schuman-Stiftung\r\n\t\t  <\/p><\/td>\t  \r\n\t\t  <td width=\"16%\" style=\"font-family: Helvetica, arial, sans-serif; font-size: 12px; color: #00000; text-align:center; line-height: 18px; vertical-align: top; font-weight: bold;\"><p align=\"center\" ><img class=\"lazyload\" decoding=\"async\" src=\"data:image\/svg+xml,%3Csvg%20xmlns%3D%27http%3A%2F%2Fwww.w3.org%2F2000%2Fsvg%27%20width%3D%2798%27%20height%3D%2792%27%20viewBox%3D%270%200%2098%2092%27%3E%3Crect%20width%3D%2798%27%20height%3D%2792%27%20fill-opacity%3D%220%22%2F%3E%3C%2Fsvg%3E\" data-orig-src=\"http:\/\/cmpaix.eu\/fr\/wp-content\/uploads\/2022\/12\/Bertrand-GALLICHER.jpg\" \/><br \/><br \/>\r\n\t\t    <strong>Bertrand GALLICHER<\/strong><\/p><p style=\"font-family: Helvetica, arial, sans-serif; font-size: 10px; color: #00000; text-align:center; line-height: 18px; vertical-align: top; font-weight: bold;\">\r\n            Journalist, Gro\u00dfreporter, diplomatischer Korrespondent in der Internationalen Redaktion bei Radio France\r\n\t\t  <\/p><\/td>\r\n                                                                   \r\n  <\/tr>\r\n\r\n                                                                  \r\n           \r\n                                                         \r\n<\/table>\r\n  <\/td>\r\n <td width=\"15%\" >&nbsp;<\/td>\r\n \r\n <\/tr>\t  \r\n\t  \r\n\t  \t  \r\n\t  \r\n <tr>\r\n <td width=\"15%\">&nbsp;<\/td>\r\n  <td width=\"65%\" >\r\n  <table width=\"100%\" border=\"1\" cellspacing=\"1\" cellpadding=\"5\">\r\n \r\n                                                                   <tr>\r\n\r\n\t\t<td colspan=\"6\" style=\"font-family: Helvetica, arial, sans-serif; font-size: 14px; color: #00000; text-align:center; line-height: 18px; vertical-align: top;\"><strong>16:00 Uhr &#8211; Diskussionsrunde : Umwelt &#8211; Energie \r\n  &nbsp; <\/strong><\/td>\r\n\t\t<\/tr>\r\n                                                                  \r\n         \t\r\n                                                                     \r\n                                         <tr>\r\n                                                                  \r\n  \t \t\r\n        <td width=\"16%\" style=\"font-family: Helvetica, arial, sans-serif; font-size: 12px; color: #00000; text-align:center; line-height: 18px; vertical-align: top; font-weight: bold;\"><p align=\"center\" ><img class=\"lazyload\" decoding=\"async\" src=\"data:image\/svg+xml,%3Csvg%20xmlns%3D%27http%3A%2F%2Fwww.w3.org%2F2000%2Fsvg%27%20width%3D%2798%27%20height%3D%2792%27%20viewBox%3D%270%200%2098%2092%27%3E%3Crect%20width%3D%2798%27%20height%3D%2792%27%20fill-opacity%3D%220%22%2F%3E%3C%2Fsvg%3E\" data-orig-src=\"http:\/\/cmpaix.eu\/fr\/wp-content\/uploads\/2022\/12\/Agnes-PANNIER-RUNACHER.jpg\" \/><br \/><br \/>\r\n\t\t    <strong>Agn\u00e8s PANNIER-RUNACHER<\/strong><\/p><p style=\"font-family: Helvetica, arial, sans-serif; font-size: 10px; color: #00000; text-align:center; line-height: 18px; vertical-align: top; font-weight: bold;\">\r\n            Ministerin f\u00fcr die Energiewende\r\n\t\t  <\/p><\/td>\r\n\t\t  <td width=\"16%\" style=\"font-family: Helvetica, arial, sans-serif; font-size: 12px; color: #00000; text-align:center; line-height: 18px; vertical-align: top; font-weight: bold;\"><p align=\"center\" ><img class=\"lazyload\" decoding=\"async\" src=\"data:image\/svg+xml,%3Csvg%20xmlns%3D%27http%3A%2F%2Fwww.w3.org%2F2000%2Fsvg%27%20width%3D%2798%27%20height%3D%2792%27%20viewBox%3D%270%200%2098%2092%27%3E%3Crect%20width%3D%2798%27%20height%3D%2792%27%20fill-opacity%3D%220%22%2F%3E%3C%2Fsvg%3E\" data-orig-src=\"http:\/\/cmpaix.eu\/fr\/wp-content\/uploads\/2022\/12\/Franziska-BRANTNER.jpg\" \/><br \/><br \/>\r\n\t\t    <strong>Dr. Franziska BRANTNER<\/strong><\/p><p style=\"font-family: Helvetica, arial, sans-serif; font-size: 10px; color: #00000; text-align:center; line-height: 18px; vertical-align: top; font-weight: bold;\">\r\n            Parlamentarische Staatssekret\u00e4rin beim Bundesminister f\u00fcr Wirtschaft und Klimaschutz\r\n\t\t  <\/p><\/td>\r\n\t\t  <td width=\"16%\" style=\"font-family: Helvetica, arial, sans-serif; font-size: 12px; color: #00000; text-align:center; line-height: 18px; vertical-align: top; font-weight: bold;\"><p align=\"center\" ><img class=\"lazyload\" decoding=\"async\" src=\"data:image\/svg+xml,%3Csvg%20xmlns%3D%27http%3A%2F%2Fwww.w3.org%2F2000%2Fsvg%27%20width%3D%2798%27%20height%3D%2792%27%20viewBox%3D%270%200%2098%2092%27%3E%3Crect%20width%3D%2798%27%20height%3D%2792%27%20fill-opacity%3D%220%22%2F%3E%3C%2Fsvg%3E\" data-orig-src=\"http:\/\/cmpaix.eu\/fr\/wp-content\/uploads\/2022\/12\/Brice-LALONDE.jpg\" \/><br \/><br \/>\r\n\t\t    <strong>Brice LALONDE<\/strong><\/p><p style=\"font-family: Helvetica, arial, sans-serif; font-size: 10px; color: #00000; text-align:center; line-height: 18px; vertical-align: top; font-weight: bold;\">\r\n            Ehemaliger Umweltminister, Vorsitzender von \u00c9quilibre des \u00e9nergies\r\n\t\t  <\/p><\/td>\r\n\t\t  <td width=\"16%\" style=\"font-family: Helvetica, arial, sans-serif; font-size: 12px; color: #00000; text-align:center; line-height: 18px; vertical-align: top; font-weight: bold;\"><p align=\"center\" ><img class=\"lazyload\" decoding=\"async\" src=\"data:image\/svg+xml,%3Csvg%20xmlns%3D%27http%3A%2F%2Fwww.w3.org%2F2000%2Fsvg%27%20width%3D%2798%27%20height%3D%2792%27%20viewBox%3D%270%200%2098%2092%27%3E%3Crect%20width%3D%2798%27%20height%3D%2792%27%20fill-opacity%3D%220%22%2F%3E%3C%2Fsvg%3E\" data-orig-src=\"http:\/\/cmpaix.eu\/fr\/wp-content\/uploads\/2022\/12\/Anne-LAUVERGEON.jpg\" \/><br \/><br \/>\r\n\t\t    <strong>Anne LAUVERGEON<\/strong><\/p><p style=\"font-family: Helvetica, arial, sans-serif; font-size: 10px; color: #00000; text-align:center; line-height: 18px; vertical-align: top; font-weight: bold;\">\r\n            Ehemalige Vorstandsvorsitzende von Areva\r\n\t\t  <\/p><\/td>\r\n\t\t   <td width=\"16%\" style=\"font-family: Helvetica, arial, sans-serif; font-size: 12px; color: #00000; text-align:center; line-height: 18px; vertical-align: top; font-weight: bold;\"><p align=\"center\" ><img class=\"lazyload\" decoding=\"async\" src=\"data:image\/svg+xml,%3Csvg%20xmlns%3D%27http%3A%2F%2Fwww.w3.org%2F2000%2Fsvg%27%20width%3D%2798%27%20height%3D%2792%27%20viewBox%3D%270%200%2098%2092%27%3E%3Crect%20width%3D%2798%27%20height%3D%2792%27%20fill-opacity%3D%220%22%2F%3E%3C%2Fsvg%3E\" data-orig-src=\"http:\/\/cmpaix.eu\/fr\/wp-content\/uploads\/2022\/12\/Pascal-THIBAUT.jpg\" \/><br \/><br \/>\r\n\t\t    <strong>Pascal THIBAUT<\/strong><\/p><p style=\"font-family: Helvetica, arial, sans-serif; font-size: 10px; color: #00000; text-align:center; line-height: 18px; vertical-align: top; font-weight: bold;\">\r\n            Journalist, Korrespondent von RFI in BERLIN\r\n\t\t  <\/p><\/td>  \r\n\t\t  <td width=\"16%\" style=\"font-family: Helvetica, arial, sans-serif; font-size: 12px; color: #00000; text-align:center; line-height: 18px; vertical-align: top; font-weight: bold;\"><p align=\"center\" ><br \/><br \/>\r\n\t\t    <strong> <\/strong><\/p><p style=\"font-family: Helvetica, arial, sans-serif; font-size: 10px; color: #00000; text-align:center; line-height: 18px; vertical-align: top; font-weight: bold;\">\r\n           \r\n\t\t  <\/p><\/td>\r\n                                                                   \r\n  <\/tr>\r\n\r\n                                                                  \r\n           \r\n                                                         \r\n<\/table>\r\n  <\/td>\r\n <td width=\"15%\" >&nbsp;<\/td>\r\n \r\n <\/tr>\t\r\n\t  \r\n\r\n\t\r\n\t  \r\n\t  <\/table>\r\n\t  \r\n\t  \r\n\t  \r\n\t  \r\n\t  <table width=\"100%\" border=\"0\" cellspacing=\"1\" cellpadding=\"5\">\r\n  \r\n\r\n\r\n \r\n <tr>\r\n   <td width=\"100%\" style=\"font-family: Helvetica, arial, sans-serif; font-size: 16px;  text-align:center; line-height: 22px; vertical-align: top;\"><strong>diesen Diskussionsrunden nehmen auch Studenten des Deutsch-Franz\u00f6sischen Campus Sciences Po in Nancy teil<\/strong><\/td><\/tr>\r\n  <tr><td width=\"100%\" style=\"font-family: Helvetica, arial, sans-serif; font-size: 18px; color: #00000; text-align:center; line-height: 18px; vertical-align: top;\"><br \/>\r\n  \r\n \r\n      \r\n        <p align=\"center\" style=\"font-family: Helvetica, arial, sans-serif; font-size: 20px; color: #000000;\"><strong>Freier Eintritt mit Reservierung : <a href=\"mailto:dialoguefa@cmpaix.eu\">dialoguefa@cmpaix.eu<\/a><\/strong>\r\n \r\n         <\/p>\r\n\t  \r\n\t  <\/td><\/tr>\r\n\t  \r\n\t  \r\n\t  <td width=\"60%\" colspan=\"2\"  style=\"font-family: Helvetica, arial, sans-serif; font-size: 20px; color: 4b4a4d; text-align:center; line-height: 30px;\"> \r\n\t\t  \r\n\t\t  <br><HR align=center size=1 width=\"30%\">\r\n<p><strong>EINLADUNG <\/strong>  <br \/>\r\n\t\t <a href=\"http:\/\/cmpaix.eu\/fr\/wp-content\/uploads\/2022\/12\/DE-invitation-60-ans-traite-elysee-l.pdf\" target=\"_blank\" rel=\"noopener\"> <strong>Download <\/a><\/strong>\r\n\t\t  <\/p>\r\n\t\t  \r\n\t\t  <br><HR align=center size=1 width=\"30%\">\r\n<p><strong>PARTNERS<\/strong>  <br \/ <\/p><\/td> <tr>\r\n   <td width=\"100%\" style=\"font-family: Helvetica, arial, sans-serif; font-size: 16px;  text-align:center; line-height: 22px; vertical-align: top;\"><strong>Eine Veranstaltung mit der finanziellen Unterst\u00fctzung von :<\/strong><br><br>\r\n\t\t  Deutsch-Franz\u00f6sischer B\u00fcrgerfonds <br>\r\nAusw\u00e4rtiges Amt der Bundesrepublik Deutschland<br><br>\r\n\t   \r\n\t\t  <img class=\"lazyload\" decoding=\"async\" src=\"data:image\/svg+xml,%3Csvg%20xmlns%3D%27http%3A%2F%2Fwww.w3.org%2F2000%2Fsvg%27%20width%3D%27425%27%20height%3D%27116%27%20viewBox%3D%270%200%20425%20116%27%3E%3Crect%20width%3D%27425%27%20height%3D%27116%27%20fill-opacity%3D%220%22%2F%3E%3C%2Fsvg%3E\" data-orig-src=\"http:\/\/cmpaix.eu\/fr\/wp-content\/uploads\/2022\/12\/logos-partenaires-20-01-2023.jpg\" \/>\r\n\t\t  \r\n\t\t  <\/td><\/tr>\r\n\t  \r\n\t  \r\n\t  <\/table>\r\n\r\n\r\n\r\n  <br><HR align=center size=1 width=\"30%\">\r\n<p style=\"font-family: Helvetica, arial, sans-serif; font-size: 20px; color: 4b4a4d; text-align:center; line-height: 30px;\"><strong>Fotos <\/strong>  <\/p>\r\n<p style=\"font-family: Helvetica, arial, sans-serif; font-size: 16px;  text-align:center; line-height: 22px; vertical-align: top;\"><strong>Diskussionsrunde : Wirtschaft \u2013 Finanzen  <\/strong><\/p>\r\n<style id=\"bwg-style-0\">    #bwg_container1_0 #bwg_container2_0 .bwg-container-0.bwg-standard-thumbnails {      width: 1254px;              justify-content: center;        margin:0 auto !important;              background-color: rgba(255, 255, 255, 0.00);            padding-left: 4px;      padding-top: 4px;      max-width: 100%;            }        #bwg_container1_0 #bwg_container2_0 .bwg-container-0.bwg-standard-thumbnails .bwg-item {    justify-content: flex-start;      max-width: 250px;          }    #bwg_container1_0 #bwg_container2_0 .bwg-container-0.bwg-standard-thumbnails .bwg-item a {       margin-right: 4px;       margin-bottom: 4px;    }    #bwg_container1_0 #bwg_container2_0 .bwg-container-0.bwg-standard-thumbnails .bwg-item0 {      padding: 0px;            background-color:rgba(0,0,0, 0.30);      border: 0px none #CCCCCC;      opacity: 1.00;      border-radius: 0;      box-shadow: ;    }    #bwg_container1_0 #bwg_container2_0 .bwg-container-0.bwg-standard-thumbnails .bwg-item1 img {      max-height: none;      max-width: none;      padding: 0 !important;    }         @media only screen and (min-width: 480px) {\t\t#bwg_container1_0 #bwg_container2_0 .bwg-container-0.bwg-standard-thumbnails .bwg-item1 img {\t\t\t-webkit-transition: all .3s; transition: all .3s;\t\t}\t\t#bwg_container1_0 #bwg_container2_0 .bwg-container-0.bwg-standard-thumbnails .bwg-item1 img:hover {\t\t\t-ms-transform: scale(1.08);\t\t\t-webkit-transform: scale(1.08);\t\t\ttransform: scale(1.08);\t\t}\t\t\t\t.bwg-standard-thumbnails .bwg-zoom-effect .bwg-zoom-effect-overlay {\t\t\t\t\t\tbackground-color:rgba(0,0,0, 0.3);\t\t}\t\t.bwg-standard-thumbnails .bwg-zoom-effect:hover img {\t\t\t-ms-transform: scale(1.08);\t\t\t-webkit-transform: scale(1.08);\t\t\ttransform: scale(1.08);\t\t}\t\t      }\t    #bwg_container1_0 #bwg_container2_0 .bwg-container-0.bwg-standard-thumbnails .bwg-item1 {      padding-top: 56%;    }        #bwg_container1_0 #bwg_container2_0 .bwg-container-0.bwg-standard-thumbnails .bwg-title1 {      position: absolute;      top: 0;      z-index: 100;      width: 100%;      height: 100%;      display: flex;      justify-content: center;      align-content: center;      flex-direction: column;      opacity: 0;    }\t      #bwg_container1_0 #bwg_container2_0 .bwg-container-0.bwg-standard-thumbnails .bwg-title2,    #bwg_container1_0 #bwg_container2_0 .bwg-container-0.bwg-standard-thumbnails .bwg-ecommerce2 {      color: #FFFFFF;      font-family: Ubuntu;      font-size: 16px;      font-weight: bold;      padding: 2px;      text-shadow: ;      max-height: 100%;    }    #bwg_container1_0 #bwg_container2_0 .bwg-container-0.bwg-standard-thumbnails .bwg-thumb-description span {    color: #323A45;    font-family: Ubuntu;    font-size: 12px;    max-height: 100%;    word-wrap: break-word;    }    #bwg_container1_0 #bwg_container2_0 .bwg-container-0.bwg-standard-thumbnails .bwg-play-icon2 {      font-size: 32px;    }    #bwg_container1_0 #bwg_container2_0 .bwg-container-0.bwg-standard-thumbnails .bwg-ecommerce2 {      font-size: 19.2px;      color: #323A45;    }    <\/style>    <div id=\"bwg_container1_0\"         class=\"bwg_container bwg_thumbnail bwg_thumbnails \"         data-right-click-protection=\"0\"         data-bwg=\"0\"         data-scroll=\"0\"         data-gallery-type=\"thumbnails\"         data-gallery-view-type=\"thumbnails\"         data-current-url=\"\/fr\/wp-json\/wp\/v2\/posts\/11258\"         data-lightbox-url=\"http:\/\/cmpaix.eu\/fr\/wp-admin\/admin-ajax.php?action=GalleryBox&#038;current_view=0&#038;gallery_id=18&#038;tag=0&#038;theme_id=1&#038;shortcode_id=34&#038;sort_by=order&#038;order_by=asc&#038;current_url=%2Ffr%2Fwp-json%2Fwp%2Fv2%2Fposts%2F11258\"         data-gallery-id=\"18\"         data-popup-width=\"800\"         data-popup-height=\"500\"         data-is-album=\"gallery\"         data-buttons-position=\"bottom\">      <div id=\"bwg_container2_0\">             <div id=\"ajax_loading_0\" class=\"bwg_loading_div_1\">      <div class=\"bwg_loading_div_2\">        <div class=\"bwg_loading_div_3\">          <div id=\"loading_div_0\" class=\"bwg_spider_ajax_loading\">          <\/div>        <\/div>      <\/div>    <\/div>            <form id=\"gal_front_form_0\"              class=\"bwg-hidden\"              method=\"post\"              action=\"#\"              data-current=\"0\"              data-shortcode-id=\"34\"              data-gallery-type=\"thumbnails\"              data-gallery-id=\"18\"              data-tag=\"0\"              data-album-id=\"0\"              data-theme-id=\"1\"              data-ajax-url=\"http:\/\/cmpaix.eu\/fr\/wp-admin\/admin-ajax.php?action=bwg_frontend_data\">          <div id=\"bwg_container3_0\" class=\"bwg-background bwg-background-0\">                <div data-max-count=\"5\"         data-thumbnail-width=\"250\"         data-bwg=\"0\"         data-gallery-id=\"18\"         data-lightbox-url=\"http:\/\/cmpaix.eu\/fr\/wp-admin\/admin-ajax.php?action=GalleryBox&amp;current_view=0&amp;gallery_id=18&amp;tag=0&amp;theme_id=1&amp;shortcode_id=34&amp;sort_by=order&amp;order_by=asc&amp;current_url=%2Ffr%2Fwp-json%2Fwp%2Fv2%2Fposts%2F11258\"         id=\"bwg_thumbnails_0\"         class=\"bwg-container-0 bwg-thumbnails bwg-standard-thumbnails bwg-container bwg-border-box\">            <div class=\"bwg-item\">        <a class=\"bwg-a  bwg_lightbox\"  data-image-id=\"198\" href=\"http:\/\/cmpaix.eu\/fr\/wp-content\/uploads\/photo-gallery\/conf1-001.jpg?bwg=1675692272\" data-elementor-open-lightbox=\"no\">                <div class=\"bwg-item0 \">          <div class=\"bwg-item1 bwg-zoom-effect\">            <div class=\"bwg-item2\">              <img decoding=\"async\" class=\"lazyload skip-lazy bwg_standart_thumb_img_0 \"                   data-id=\"198\"                   data-width=\"500.00\"                   data-height=\"334.00\"                   data-src=\"http:\/\/cmpaix.eu\/fr\/wp-content\/uploads\/photo-gallery\/thumb\/conf1-001.jpg?bwg=1675692272\"                   src=\"data:image\/svg+xml,%3Csvg%20xmlns%3D%27http%3A%2F%2Fwww.w3.org%2F2000%2Fsvg%27%20width%3D%27500%27%20height%3D%27334%27%20viewBox%3D%270%200%20500%20334%27%3E%3Crect%20width%3D%27500%27%20height%3D%27334%27%20fill-opacity%3D%220%22%2F%3E%3C%2Fsvg%3E\" data-orig-src=\"http:\/\/cmpaix.eu\/fr\/wp-content\/uploads\/photo-gallery\/thumb\/conf1-001.jpg?bwg=1675692272\"                   alt=\"Colloque franco-allemand - table-ronde \u00c9conomie \u2013 Finances\"                   title=\"Colloque franco-allemand - table-ronde \u00c9conomie \u2013 Finances\" \/>            <\/div>            <div class=\"bwg-zoom-effect-overlay\">              <div class=\"bwg-title1\"><div class=\"bwg-title2\">Colloque franco-allemand - table-ronde \u00c9conomie \u2013 Finances<\/div><\/div>                                        <\/div>          <\/div>        <\/div>                        <\/a>              <\/div>            <div class=\"bwg-item\">        <a class=\"bwg-a  bwg_lightbox\"  data-image-id=\"199\" href=\"http:\/\/cmpaix.eu\/fr\/wp-content\/uploads\/photo-gallery\/conf1-002.jpg?bwg=1675692272\" data-elementor-open-lightbox=\"no\">                <div class=\"bwg-item0 \">          <div class=\"bwg-item1 bwg-zoom-effect\">            <div class=\"bwg-item2\">              <img decoding=\"async\" class=\"lazyload skip-lazy bwg_standart_thumb_img_0 \"                   data-id=\"199\"                   data-width=\"500.00\"                   data-height=\"334.00\"                   data-src=\"http:\/\/cmpaix.eu\/fr\/wp-content\/uploads\/photo-gallery\/thumb\/conf1-002.jpg?bwg=1675692272\"                   src=\"data:image\/svg+xml,%3Csvg%20xmlns%3D%27http%3A%2F%2Fwww.w3.org%2F2000%2Fsvg%27%20width%3D%27500%27%20height%3D%27334%27%20viewBox%3D%270%200%20500%20334%27%3E%3Crect%20width%3D%27500%27%20height%3D%27334%27%20fill-opacity%3D%220%22%2F%3E%3C%2Fsvg%3E\" data-orig-src=\"http:\/\/cmpaix.eu\/fr\/wp-content\/uploads\/photo-gallery\/thumb\/conf1-002.jpg?bwg=1675692272\"                   alt=\"Colloque franco-allemand - table-ronde \u00c9conomie \u2013 Finances\"                   title=\"Colloque franco-allemand - table-ronde \u00c9conomie \u2013 Finances\" \/>            <\/div>            <div class=\"bwg-zoom-effect-overlay\">              <div class=\"bwg-title1\"><div class=\"bwg-title2\">Colloque franco-allemand - table-ronde \u00c9conomie \u2013 Finances<\/div><\/div>                                        <\/div>          <\/div>        <\/div>                        <\/a>              <\/div>            <div class=\"bwg-item\">        <a class=\"bwg-a  bwg_lightbox\"  data-image-id=\"201\" href=\"http:\/\/cmpaix.eu\/fr\/wp-content\/uploads\/photo-gallery\/conf1-003.jpg?bwg=1675692272\" data-elementor-open-lightbox=\"no\">                <div class=\"bwg-item0 \">          <div class=\"bwg-item1 bwg-zoom-effect\">            <div class=\"bwg-item2\">              <img decoding=\"async\" class=\"lazyload skip-lazy bwg_standart_thumb_img_0 \"                   data-id=\"201\"                   data-width=\"500.00\"                   data-height=\"334.00\"                   data-src=\"http:\/\/cmpaix.eu\/fr\/wp-content\/uploads\/photo-gallery\/thumb\/conf1-003.jpg?bwg=1675692272\"                   src=\"data:image\/svg+xml,%3Csvg%20xmlns%3D%27http%3A%2F%2Fwww.w3.org%2F2000%2Fsvg%27%20width%3D%27500%27%20height%3D%27334%27%20viewBox%3D%270%200%20500%20334%27%3E%3Crect%20width%3D%27500%27%20height%3D%27334%27%20fill-opacity%3D%220%22%2F%3E%3C%2Fsvg%3E\" data-orig-src=\"http:\/\/cmpaix.eu\/fr\/wp-content\/uploads\/photo-gallery\/thumb\/conf1-003.jpg?bwg=1675692272\"                   alt=\"Colloque franco-allemand - table-ronde \u00c9conomie \u2013 Finances\"                   title=\"Colloque franco-allemand - table-ronde \u00c9conomie \u2013 Finances\" \/>            <\/div>            <div class=\"bwg-zoom-effect-overlay\">              <div class=\"bwg-title1\"><div class=\"bwg-title2\">Colloque franco-allemand - table-ronde \u00c9conomie \u2013 Finances<\/div><\/div>                                        <\/div>          <\/div>        <\/div>                        <\/a>              <\/div>            <div class=\"bwg-item\">        <a class=\"bwg-a  bwg_lightbox\"  data-image-id=\"202\" href=\"http:\/\/cmpaix.eu\/fr\/wp-content\/uploads\/photo-gallery\/conf1-004.jpg?bwg=1675692272\" data-elementor-open-lightbox=\"no\">                <div class=\"bwg-item0 \">          <div class=\"bwg-item1 bwg-zoom-effect\">            <div class=\"bwg-item2\">              <img decoding=\"async\" class=\"lazyload skip-lazy bwg_standart_thumb_img_0 \"                   data-id=\"202\"                   data-width=\"500.00\"                   data-height=\"334.00\"                   data-src=\"http:\/\/cmpaix.eu\/fr\/wp-content\/uploads\/photo-gallery\/thumb\/conf1-004.jpg?bwg=1675692272\"                   src=\"data:image\/svg+xml,%3Csvg%20xmlns%3D%27http%3A%2F%2Fwww.w3.org%2F2000%2Fsvg%27%20width%3D%27500%27%20height%3D%27334%27%20viewBox%3D%270%200%20500%20334%27%3E%3Crect%20width%3D%27500%27%20height%3D%27334%27%20fill-opacity%3D%220%22%2F%3E%3C%2Fsvg%3E\" data-orig-src=\"http:\/\/cmpaix.eu\/fr\/wp-content\/uploads\/photo-gallery\/thumb\/conf1-004.jpg?bwg=1675692272\"                   alt=\"Colloque franco-allemand - table-ronde \u00c9conomie \u2013 Finances\"                   title=\"Colloque franco-allemand - table-ronde \u00c9conomie \u2013 Finances\" \/>            <\/div>            <div class=\"bwg-zoom-effect-overlay\">              <div class=\"bwg-title1\"><div class=\"bwg-title2\">Colloque franco-allemand - table-ronde \u00c9conomie \u2013 Finances<\/div><\/div>                                        <\/div>          <\/div>        <\/div>                        <\/a>              <\/div>            <div class=\"bwg-item\">        <a class=\"bwg-a  bwg_lightbox\"  data-image-id=\"203\" href=\"http:\/\/cmpaix.eu\/fr\/wp-content\/uploads\/photo-gallery\/conf1-004-1.jpg?bwg=1675692272\" data-elementor-open-lightbox=\"no\">                <div class=\"bwg-item0 \">          <div class=\"bwg-item1 bwg-zoom-effect\">            <div class=\"bwg-item2\">              <img decoding=\"async\" class=\"lazyload skip-lazy bwg_standart_thumb_img_0 \"                   data-id=\"203\"                   data-width=\"500.00\"                   data-height=\"334.00\"                   data-src=\"http:\/\/cmpaix.eu\/fr\/wp-content\/uploads\/photo-gallery\/thumb\/conf1-004-1.jpg?bwg=1675692272\"                   src=\"data:image\/svg+xml,%3Csvg%20xmlns%3D%27http%3A%2F%2Fwww.w3.org%2F2000%2Fsvg%27%20width%3D%27500%27%20height%3D%27334%27%20viewBox%3D%270%200%20500%20334%27%3E%3Crect%20width%3D%27500%27%20height%3D%27334%27%20fill-opacity%3D%220%22%2F%3E%3C%2Fsvg%3E\" data-orig-src=\"http:\/\/cmpaix.eu\/fr\/wp-content\/uploads\/photo-gallery\/thumb\/conf1-004-1.jpg?bwg=1675692272\"                   alt=\"Colloque franco-allemand - table-ronde \u00c9conomie \u2013 Finances\"                   title=\"Colloque franco-allemand - table-ronde \u00c9conomie \u2013 Finances\" \/>            <\/div>            <div class=\"bwg-zoom-effect-overlay\">              <div class=\"bwg-title1\"><div class=\"bwg-title2\">Colloque franco-allemand - table-ronde \u00c9conomie \u2013 Finances<\/div><\/div>                                        <\/div>          <\/div>        <\/div>                        <\/a>              <\/div>            <div class=\"bwg-item\">        <a class=\"bwg-a  bwg_lightbox\"  data-image-id=\"204\" href=\"http:\/\/cmpaix.eu\/fr\/wp-content\/uploads\/photo-gallery\/conf1-005.jpg?bwg=1675692272\" data-elementor-open-lightbox=\"no\">                <div class=\"bwg-item0 \">          <div class=\"bwg-item1 bwg-zoom-effect\">            <div class=\"bwg-item2\">              <img decoding=\"async\" class=\"lazyload skip-lazy bwg_standart_thumb_img_0 \"                   data-id=\"204\"                   data-width=\"500.00\"                   data-height=\"334.00\"                   data-src=\"http:\/\/cmpaix.eu\/fr\/wp-content\/uploads\/photo-gallery\/thumb\/conf1-005.jpg?bwg=1675692272\"                   src=\"data:image\/svg+xml,%3Csvg%20xmlns%3D%27http%3A%2F%2Fwww.w3.org%2F2000%2Fsvg%27%20width%3D%27500%27%20height%3D%27334%27%20viewBox%3D%270%200%20500%20334%27%3E%3Crect%20width%3D%27500%27%20height%3D%27334%27%20fill-opacity%3D%220%22%2F%3E%3C%2Fsvg%3E\" data-orig-src=\"http:\/\/cmpaix.eu\/fr\/wp-content\/uploads\/photo-gallery\/thumb\/conf1-005.jpg?bwg=1675692272\"                   alt=\"Colloque franco-allemand - table-ronde \u00c9conomie \u2013 Finances\"                   title=\"Colloque franco-allemand - table-ronde \u00c9conomie \u2013 Finances\" \/>            <\/div>            <div class=\"bwg-zoom-effect-overlay\">              <div class=\"bwg-title1\"><div class=\"bwg-title2\">Colloque franco-allemand - table-ronde \u00c9conomie \u2013 Finances<\/div><\/div>                                        <\/div>          <\/div>        <\/div>                        <\/a>              <\/div>            <div class=\"bwg-item\">        <a class=\"bwg-a  bwg_lightbox\"  data-image-id=\"205\" href=\"http:\/\/cmpaix.eu\/fr\/wp-content\/uploads\/photo-gallery\/conf1-006.jpg?bwg=1675692272\" data-elementor-open-lightbox=\"no\">                <div class=\"bwg-item0 \">          <div class=\"bwg-item1 bwg-zoom-effect\">            <div class=\"bwg-item2\">              <img decoding=\"async\" class=\"lazyload skip-lazy bwg_standart_thumb_img_0 \"                   data-id=\"205\"                   data-width=\"500.00\"                   data-height=\"334.00\"                   data-src=\"http:\/\/cmpaix.eu\/fr\/wp-content\/uploads\/photo-gallery\/thumb\/conf1-006.jpg?bwg=1675692272\"                   src=\"data:image\/svg+xml,%3Csvg%20xmlns%3D%27http%3A%2F%2Fwww.w3.org%2F2000%2Fsvg%27%20width%3D%27500%27%20height%3D%27334%27%20viewBox%3D%270%200%20500%20334%27%3E%3Crect%20width%3D%27500%27%20height%3D%27334%27%20fill-opacity%3D%220%22%2F%3E%3C%2Fsvg%3E\" data-orig-src=\"http:\/\/cmpaix.eu\/fr\/wp-content\/uploads\/photo-gallery\/thumb\/conf1-006.jpg?bwg=1675692272\"                   alt=\"Colloque franco-allemand - table-ronde \u00c9conomie \u2013 Finances\"                   title=\"Colloque franco-allemand - table-ronde \u00c9conomie \u2013 Finances\" \/>            <\/div>            <div class=\"bwg-zoom-effect-overlay\">              <div class=\"bwg-title1\"><div class=\"bwg-title2\">Colloque franco-allemand - table-ronde \u00c9conomie \u2013 Finances<\/div><\/div>                                        <\/div>          <\/div>        <\/div>                        <\/a>              <\/div>            <div class=\"bwg-item\">        <a class=\"bwg-a  bwg_lightbox\"  data-image-id=\"206\" href=\"http:\/\/cmpaix.eu\/fr\/wp-content\/uploads\/photo-gallery\/conf1-007.jpg?bwg=1675692272\" data-elementor-open-lightbox=\"no\">                <div class=\"bwg-item0 \">          <div class=\"bwg-item1 bwg-zoom-effect\">            <div class=\"bwg-item2\">              <img decoding=\"async\" class=\"lazyload skip-lazy bwg_standart_thumb_img_0 \"                   data-id=\"206\"                   data-width=\"500.00\"                   data-height=\"334.00\"                   data-src=\"http:\/\/cmpaix.eu\/fr\/wp-content\/uploads\/photo-gallery\/thumb\/conf1-007.jpg?bwg=1675692272\"                   src=\"data:image\/svg+xml,%3Csvg%20xmlns%3D%27http%3A%2F%2Fwww.w3.org%2F2000%2Fsvg%27%20width%3D%27500%27%20height%3D%27334%27%20viewBox%3D%270%200%20500%20334%27%3E%3Crect%20width%3D%27500%27%20height%3D%27334%27%20fill-opacity%3D%220%22%2F%3E%3C%2Fsvg%3E\" data-orig-src=\"http:\/\/cmpaix.eu\/fr\/wp-content\/uploads\/photo-gallery\/thumb\/conf1-007.jpg?bwg=1675692272\"                   alt=\"Colloque franco-allemand - table-ronde \u00c9conomie \u2013 Finances\"                   title=\"Colloque franco-allemand - table-ronde \u00c9conomie \u2013 Finances\" \/>            <\/div>            <div class=\"bwg-zoom-effect-overlay\">              <div class=\"bwg-title1\"><div class=\"bwg-title2\">Colloque franco-allemand - table-ronde \u00c9conomie \u2013 Finances<\/div><\/div>                                        <\/div>          <\/div>        <\/div>                        <\/a>              <\/div>            <div class=\"bwg-item\">        <a class=\"bwg-a  bwg_lightbox\"  data-image-id=\"207\" href=\"http:\/\/cmpaix.eu\/fr\/wp-content\/uploads\/photo-gallery\/conf1-008.jpg?bwg=1675692272\" data-elementor-open-lightbox=\"no\">                <div class=\"bwg-item0 \">          <div class=\"bwg-item1 bwg-zoom-effect\">            <div class=\"bwg-item2\">              <img decoding=\"async\" class=\"lazyload skip-lazy bwg_standart_thumb_img_0 \"                   data-id=\"207\"                   data-width=\"500.00\"                   data-height=\"334.00\"                   data-src=\"http:\/\/cmpaix.eu\/fr\/wp-content\/uploads\/photo-gallery\/thumb\/conf1-008.jpg?bwg=1675692272\"                   src=\"data:image\/svg+xml,%3Csvg%20xmlns%3D%27http%3A%2F%2Fwww.w3.org%2F2000%2Fsvg%27%20width%3D%27500%27%20height%3D%27334%27%20viewBox%3D%270%200%20500%20334%27%3E%3Crect%20width%3D%27500%27%20height%3D%27334%27%20fill-opacity%3D%220%22%2F%3E%3C%2Fsvg%3E\" data-orig-src=\"http:\/\/cmpaix.eu\/fr\/wp-content\/uploads\/photo-gallery\/thumb\/conf1-008.jpg?bwg=1675692272\"                   alt=\"Colloque franco-allemand - table-ronde \u00c9conomie \u2013 Finances\"                   title=\"Colloque franco-allemand - table-ronde \u00c9conomie \u2013 Finances\" \/>            <\/div>            <div class=\"bwg-zoom-effect-overlay\">              <div class=\"bwg-title1\"><div class=\"bwg-title2\">Colloque franco-allemand - table-ronde \u00c9conomie \u2013 Finances<\/div><\/div>                                        <\/div>          <\/div>        <\/div>                        <\/a>              <\/div>            <div class=\"bwg-item\">        <a class=\"bwg-a  bwg_lightbox\"  data-image-id=\"215\" href=\"http:\/\/cmpaix.eu\/fr\/wp-content\/uploads\/photo-gallery\/conf1-009.jpg?bwg=1675692346\" data-elementor-open-lightbox=\"no\">                <div class=\"bwg-item0 \">          <div class=\"bwg-item1 bwg-zoom-effect\">            <div class=\"bwg-item2\">              <img decoding=\"async\" class=\"lazyload skip-lazy bwg_standart_thumb_img_0 \"                   data-id=\"215\"                   data-width=\"500.00\"                   data-height=\"334.00\"                   data-src=\"http:\/\/cmpaix.eu\/fr\/wp-content\/uploads\/photo-gallery\/thumb\/conf1-009.jpg?bwg=1675692346\"                   src=\"data:image\/svg+xml,%3Csvg%20xmlns%3D%27http%3A%2F%2Fwww.w3.org%2F2000%2Fsvg%27%20width%3D%27500%27%20height%3D%27334%27%20viewBox%3D%270%200%20500%20334%27%3E%3Crect%20width%3D%27500%27%20height%3D%27334%27%20fill-opacity%3D%220%22%2F%3E%3C%2Fsvg%3E\" data-orig-src=\"http:\/\/cmpaix.eu\/fr\/wp-content\/uploads\/photo-gallery\/thumb\/conf1-009.jpg?bwg=1675692346\"                   alt=\"Colloque franco-allemand - table-ronde \u00c9conomie \u2013 Finances\"                   title=\"Colloque franco-allemand - table-ronde \u00c9conomie \u2013 Finances\" \/>            <\/div>            <div class=\"bwg-zoom-effect-overlay\">              <div class=\"bwg-title1\"><div class=\"bwg-title2\">Colloque franco-allemand - table-ronde \u00c9conomie \u2013 Finances<\/div><\/div>                                        <\/div>          <\/div>        <\/div>                        <\/a>              <\/div>            <div class=\"bwg-item\">        <a class=\"bwg-a  bwg_lightbox\"  data-image-id=\"209\" href=\"http:\/\/cmpaix.eu\/fr\/wp-content\/uploads\/photo-gallery\/conf1-010.jpg?bwg=1675692272\" data-elementor-open-lightbox=\"no\">                <div class=\"bwg-item0 \">          <div class=\"bwg-item1 bwg-zoom-effect\">            <div class=\"bwg-item2\">              <img decoding=\"async\" class=\"lazyload skip-lazy bwg_standart_thumb_img_0 \"                   data-id=\"209\"                   data-width=\"500.00\"                   data-height=\"334.00\"                   data-src=\"http:\/\/cmpaix.eu\/fr\/wp-content\/uploads\/photo-gallery\/thumb\/conf1-010.jpg?bwg=1675692272\"                   src=\"data:image\/svg+xml,%3Csvg%20xmlns%3D%27http%3A%2F%2Fwww.w3.org%2F2000%2Fsvg%27%20width%3D%27500%27%20height%3D%27334%27%20viewBox%3D%270%200%20500%20334%27%3E%3Crect%20width%3D%27500%27%20height%3D%27334%27%20fill-opacity%3D%220%22%2F%3E%3C%2Fsvg%3E\" data-orig-src=\"http:\/\/cmpaix.eu\/fr\/wp-content\/uploads\/photo-gallery\/thumb\/conf1-010.jpg?bwg=1675692272\"                   alt=\"Colloque franco-allemand - table-ronde \u00c9conomie \u2013 Finances\"                   title=\"Colloque franco-allemand - table-ronde \u00c9conomie \u2013 Finances\" \/>            <\/div>            <div class=\"bwg-zoom-effect-overlay\">              <div class=\"bwg-title1\"><div class=\"bwg-title2\">Colloque franco-allemand - table-ronde \u00c9conomie \u2013 Finances<\/div><\/div>                                        <\/div>          <\/div>        <\/div>                        <\/a>              <\/div>            <div class=\"bwg-item\">        <a class=\"bwg-a  bwg_lightbox\"  data-image-id=\"208\" href=\"http:\/\/cmpaix.eu\/fr\/wp-content\/uploads\/photo-gallery\/conf1-011.jpg?bwg=1675692272\" data-elementor-open-lightbox=\"no\">                <div class=\"bwg-item0 \">          <div class=\"bwg-item1 bwg-zoom-effect\">            <div class=\"bwg-item2\">              <img decoding=\"async\" class=\"lazyload skip-lazy bwg_standart_thumb_img_0 \"                   data-id=\"208\"                   data-width=\"500.00\"                   data-height=\"334.00\"                   data-src=\"http:\/\/cmpaix.eu\/fr\/wp-content\/uploads\/photo-gallery\/thumb\/conf1-011.jpg?bwg=1675692272\"                   src=\"data:image\/svg+xml,%3Csvg%20xmlns%3D%27http%3A%2F%2Fwww.w3.org%2F2000%2Fsvg%27%20width%3D%27500%27%20height%3D%27334%27%20viewBox%3D%270%200%20500%20334%27%3E%3Crect%20width%3D%27500%27%20height%3D%27334%27%20fill-opacity%3D%220%22%2F%3E%3C%2Fsvg%3E\" data-orig-src=\"http:\/\/cmpaix.eu\/fr\/wp-content\/uploads\/photo-gallery\/thumb\/conf1-011.jpg?bwg=1675692272\"                   alt=\"Colloque franco-allemand - table-ronde \u00c9conomie \u2013 Finances\"                   title=\"Colloque franco-allemand - table-ronde \u00c9conomie \u2013 Finances\" \/>            <\/div>            <div class=\"bwg-zoom-effect-overlay\">              <div class=\"bwg-title1\"><div class=\"bwg-title2\">Colloque franco-allemand - table-ronde \u00c9conomie \u2013 Finances<\/div><\/div>                                        <\/div>          <\/div>        <\/div>                        <\/a>              <\/div>            <div class=\"bwg-item\">        <a class=\"bwg-a  bwg_lightbox\"  data-image-id=\"211\" href=\"http:\/\/cmpaix.eu\/fr\/wp-content\/uploads\/photo-gallery\/conf1-012.jpg?bwg=1675692272\" data-elementor-open-lightbox=\"no\">                <div class=\"bwg-item0 \">          <div class=\"bwg-item1 bwg-zoom-effect\">            <div class=\"bwg-item2\">              <img decoding=\"async\" class=\"lazyload skip-lazy bwg_standart_thumb_img_0 \"                   data-id=\"211\"                   data-width=\"500.00\"                   data-height=\"334.00\"                   data-src=\"http:\/\/cmpaix.eu\/fr\/wp-content\/uploads\/photo-gallery\/thumb\/conf1-012.jpg?bwg=1675692272\"                   src=\"data:image\/svg+xml,%3Csvg%20xmlns%3D%27http%3A%2F%2Fwww.w3.org%2F2000%2Fsvg%27%20width%3D%27500%27%20height%3D%27334%27%20viewBox%3D%270%200%20500%20334%27%3E%3Crect%20width%3D%27500%27%20height%3D%27334%27%20fill-opacity%3D%220%22%2F%3E%3C%2Fsvg%3E\" data-orig-src=\"http:\/\/cmpaix.eu\/fr\/wp-content\/uploads\/photo-gallery\/thumb\/conf1-012.jpg?bwg=1675692272\"                   alt=\"Colloque franco-allemand - table-ronde \u00c9conomie \u2013 Finances\"                   title=\"Colloque franco-allemand - table-ronde \u00c9conomie \u2013 Finances\" \/>            <\/div>            <div class=\"bwg-zoom-effect-overlay\">              <div class=\"bwg-title1\"><div class=\"bwg-title2\">Colloque franco-allemand - table-ronde \u00c9conomie \u2013 Finances<\/div><\/div>                                        <\/div>          <\/div>        <\/div>                        <\/a>              <\/div>            <div class=\"bwg-item\">        <a class=\"bwg-a  bwg_lightbox\"  data-image-id=\"210\" href=\"http:\/\/cmpaix.eu\/fr\/wp-content\/uploads\/photo-gallery\/conf1-013.jpg?bwg=1675692272\" data-elementor-open-lightbox=\"no\">                <div class=\"bwg-item0 \">          <div class=\"bwg-item1 bwg-zoom-effect\">            <div class=\"bwg-item2\">              <img decoding=\"async\" class=\"lazyload skip-lazy bwg_standart_thumb_img_0 \"                   data-id=\"210\"                   data-width=\"500.00\"                   data-height=\"334.00\"                   data-src=\"http:\/\/cmpaix.eu\/fr\/wp-content\/uploads\/photo-gallery\/thumb\/conf1-013.jpg?bwg=1675692272\"                   src=\"data:image\/svg+xml,%3Csvg%20xmlns%3D%27http%3A%2F%2Fwww.w3.org%2F2000%2Fsvg%27%20width%3D%27500%27%20height%3D%27334%27%20viewBox%3D%270%200%20500%20334%27%3E%3Crect%20width%3D%27500%27%20height%3D%27334%27%20fill-opacity%3D%220%22%2F%3E%3C%2Fsvg%3E\" data-orig-src=\"http:\/\/cmpaix.eu\/fr\/wp-content\/uploads\/photo-gallery\/thumb\/conf1-013.jpg?bwg=1675692272\"                   alt=\"Colloque franco-allemand - table-ronde \u00c9conomie \u2013 Finances\"                   title=\"Colloque franco-allemand - table-ronde \u00c9conomie \u2013 Finances\" \/>            <\/div>            <div class=\"bwg-zoom-effect-overlay\">              <div class=\"bwg-title1\"><div class=\"bwg-title2\">Colloque franco-allemand - table-ronde \u00c9conomie \u2013 Finances<\/div><\/div>                                        <\/div>          <\/div>        <\/div>                        <\/a>              <\/div>            <div class=\"bwg-item\">        <a class=\"bwg-a  bwg_lightbox\"  data-image-id=\"212\" href=\"http:\/\/cmpaix.eu\/fr\/wp-content\/uploads\/photo-gallery\/conf1-013-1.jpg?bwg=1675692272\" data-elementor-open-lightbox=\"no\">                <div class=\"bwg-item0 \">          <div class=\"bwg-item1 bwg-zoom-effect\">            <div class=\"bwg-item2\">              <img decoding=\"async\" class=\"lazyload skip-lazy bwg_standart_thumb_img_0 \"                   data-id=\"212\"                   data-width=\"500.00\"                   data-height=\"334.00\"                   data-src=\"http:\/\/cmpaix.eu\/fr\/wp-content\/uploads\/photo-gallery\/thumb\/conf1-013-1.jpg?bwg=1675692272\"                   src=\"data:image\/svg+xml,%3Csvg%20xmlns%3D%27http%3A%2F%2Fwww.w3.org%2F2000%2Fsvg%27%20width%3D%27500%27%20height%3D%27334%27%20viewBox%3D%270%200%20500%20334%27%3E%3Crect%20width%3D%27500%27%20height%3D%27334%27%20fill-opacity%3D%220%22%2F%3E%3C%2Fsvg%3E\" data-orig-src=\"http:\/\/cmpaix.eu\/fr\/wp-content\/uploads\/photo-gallery\/thumb\/conf1-013-1.jpg?bwg=1675692272\"                   alt=\"Colloque franco-allemand - table-ronde \u00c9conomie \u2013 Finances\"                   title=\"Colloque franco-allemand - table-ronde \u00c9conomie \u2013 Finances\" \/>            <\/div>            <div class=\"bwg-zoom-effect-overlay\">              <div class=\"bwg-title1\"><div class=\"bwg-title2\">Colloque franco-allemand - table-ronde \u00c9conomie \u2013 Finances<\/div><\/div>                                        <\/div>          <\/div>        <\/div>                        <\/a>              <\/div>            <div class=\"bwg-item\">        <a class=\"bwg-a  bwg_lightbox\"  data-image-id=\"213\" href=\"http:\/\/cmpaix.eu\/fr\/wp-content\/uploads\/photo-gallery\/conf1-014.jpg?bwg=1675692272\" data-elementor-open-lightbox=\"no\">                <div class=\"bwg-item0 \">          <div class=\"bwg-item1 bwg-zoom-effect\">            <div class=\"bwg-item2\">              <img decoding=\"async\" class=\"lazyload skip-lazy bwg_standart_thumb_img_0 \"                   data-id=\"213\"                   data-width=\"500.00\"                   data-height=\"334.00\"                   data-src=\"http:\/\/cmpaix.eu\/fr\/wp-content\/uploads\/photo-gallery\/thumb\/conf1-014.jpg?bwg=1675692272\"                   src=\"data:image\/svg+xml,%3Csvg%20xmlns%3D%27http%3A%2F%2Fwww.w3.org%2F2000%2Fsvg%27%20width%3D%27500%27%20height%3D%27334%27%20viewBox%3D%270%200%20500%20334%27%3E%3Crect%20width%3D%27500%27%20height%3D%27334%27%20fill-opacity%3D%220%22%2F%3E%3C%2Fsvg%3E\" data-orig-src=\"http:\/\/cmpaix.eu\/fr\/wp-content\/uploads\/photo-gallery\/thumb\/conf1-014.jpg?bwg=1675692272\"                   alt=\"Colloque franco-allemand - table-ronde \u00c9conomie \u2013 Finances\"                   title=\"Colloque franco-allemand - table-ronde \u00c9conomie \u2013 Finances\" \/>            <\/div>            <div class=\"bwg-zoom-effect-overlay\">              <div class=\"bwg-title1\"><div class=\"bwg-title2\">Colloque franco-allemand - table-ronde \u00c9conomie \u2013 Finances<\/div><\/div>                                        <\/div>          <\/div>        <\/div>                        <\/a>              <\/div>            <div class=\"bwg-item\">        <a class=\"bwg-a  bwg_lightbox\"  data-image-id=\"214\" href=\"http:\/\/cmpaix.eu\/fr\/wp-content\/uploads\/photo-gallery\/conf1-015.jpg?bwg=1675692272\" data-elementor-open-lightbox=\"no\">                <div class=\"bwg-item0 \">          <div class=\"bwg-item1 bwg-zoom-effect\">            <div class=\"bwg-item2\">              <img decoding=\"async\" class=\"lazyload skip-lazy bwg_standart_thumb_img_0 \"                   data-id=\"214\"                   data-width=\"500.00\"                   data-height=\"334.00\"                   data-src=\"http:\/\/cmpaix.eu\/fr\/wp-content\/uploads\/photo-gallery\/thumb\/conf1-015.jpg?bwg=1675692272\"                   src=\"data:image\/svg+xml,%3Csvg%20xmlns%3D%27http%3A%2F%2Fwww.w3.org%2F2000%2Fsvg%27%20width%3D%27500%27%20height%3D%27334%27%20viewBox%3D%270%200%20500%20334%27%3E%3Crect%20width%3D%27500%27%20height%3D%27334%27%20fill-opacity%3D%220%22%2F%3E%3C%2Fsvg%3E\" data-orig-src=\"http:\/\/cmpaix.eu\/fr\/wp-content\/uploads\/photo-gallery\/thumb\/conf1-015.jpg?bwg=1675692272\"                   alt=\"Colloque franco-allemand - table-ronde \u00c9conomie \u2013 Finances\"                   title=\"Colloque franco-allemand - table-ronde \u00c9conomie \u2013 Finances\" \/>            <\/div>            <div class=\"bwg-zoom-effect-overlay\">              <div class=\"bwg-title1\"><div class=\"bwg-title2\">Colloque franco-allemand - table-ronde \u00c9conomie \u2013 Finances<\/div><\/div>                                        <\/div>          <\/div>        <\/div>                        <\/a>              <\/div>            <div class=\"bwg-item\">        <a class=\"bwg-a  bwg_lightbox\"  data-image-id=\"200\" href=\"http:\/\/cmpaix.eu\/fr\/wp-content\/uploads\/photo-gallery\/conf1-016.jpg?bwg=1675692272\" data-elementor-open-lightbox=\"no\">                <div class=\"bwg-item0 \">          <div class=\"bwg-item1 bwg-zoom-effect\">            <div class=\"bwg-item2\">              <img decoding=\"async\" class=\"lazyload skip-lazy bwg_standart_thumb_img_0 \"                   data-id=\"200\"                   data-width=\"500.00\"                   data-height=\"334.00\"                   data-src=\"http:\/\/cmpaix.eu\/fr\/wp-content\/uploads\/photo-gallery\/thumb\/conf1-016.jpg?bwg=1675692272\"                   src=\"data:image\/svg+xml,%3Csvg%20xmlns%3D%27http%3A%2F%2Fwww.w3.org%2F2000%2Fsvg%27%20width%3D%27500%27%20height%3D%27334%27%20viewBox%3D%270%200%20500%20334%27%3E%3Crect%20width%3D%27500%27%20height%3D%27334%27%20fill-opacity%3D%220%22%2F%3E%3C%2Fsvg%3E\" data-orig-src=\"http:\/\/cmpaix.eu\/fr\/wp-content\/uploads\/photo-gallery\/thumb\/conf1-016.jpg?bwg=1675692272\"                   alt=\"Colloque franco-allemand - table-ronde \u00c9conomie \u2013 Finances\"                   title=\"Colloque franco-allemand - table-ronde \u00c9conomie \u2013 Finances\" \/>            <\/div>            <div class=\"bwg-zoom-effect-overlay\">              <div class=\"bwg-title1\"><div class=\"bwg-title2\">Colloque franco-allemand - table-ronde \u00c9conomie \u2013 Finances<\/div><\/div>                                        <\/div>          <\/div>        <\/div>                        <\/a>              <\/div>          <\/div>    <style>      \/*pagination styles*\/      #bwg_container1_0 #bwg_container2_0 .tablenav-pages_0 {\t\t\t\ttext-align: center;\t\t\t\tfont-size: 12px;\t\t\t\tfont-family: Ubuntu;\t\t\t\tfont-weight: bold;\t\t\t\tcolor: #666666;\t\t\t\tmargin: 6px 0 4px;\t\t\t\tdisplay: block;      }      @media only screen and (max-width : 320px) {      #bwg_container1_0 #bwg_container2_0 .displaying-num_0 {     \t display: none;      }      }      #bwg_container1_0 #bwg_container2_0 .displaying-num_0 {\t\t\t\tfont-size: 12px;\t\t\t\tfont-family: Ubuntu;\t\t\t\tfont-weight: bold;\t\t\t\tcolor: #666666;\t\t\t\tmargin-right: 10px;\t\t\t\tvertical-align: middle;      }      #bwg_container1_0 #bwg_container2_0 .paging-input_0 {\t\t\t\tfont-size: 12px;\t\t\t\tfont-family: Ubuntu;\t\t\t\tfont-weight: bold;\t\t\t\tcolor: #666666;\t\t\t\tvertical-align: middle;      }      #bwg_container1_0 #bwg_container2_0 .tablenav-pages_0 a.disabled,      #bwg_container1_0 #bwg_container2_0 .tablenav-pages_0 a.disabled:hover,      #bwg_container1_0 #bwg_container2_0 .tablenav-pages_0 a.disabled:focus,\t\t\t#bwg_container1_0 #bwg_container2_0 .tablenav-pages_0 input.bwg_current_page {\t\t\t\tcursor: default;\t\t\t\tcolor: rgba(102, 102, 102, 0.5);      }      #bwg_container1_0 #bwg_container2_0 .tablenav-pages_0 a,      #bwg_container1_0 #bwg_container2_0 .tablenav-pages_0 input.bwg_current_page {\t\t\t\tcursor: pointer;\t\t\t\ttext-align: center;\t\t\t\tfont-size: 12px;\t\t\t\tfont-family: Ubuntu;\t\t\t\tfont-weight: bold;\t\t\t\tcolor: #666666;\t\t\t\ttext-decoration: none;\t\t\t\tpadding: 3px 6px;\t\t\t\tmargin: 0;\t\t\t\tborder-radius: 0;\t\t\t\tborder-style: solid;\t\t\t\tborder-width: 1px;\t\t\t\tborder-color: #E3E3E3;\t\t\t\t\t\t\t\tbackground-color: rgba(255, 255, 255, 1.00);\t\t\t\tbox-shadow: 0;\t\t\t\ttransition: all 0.3s ease 0s;-webkit-transition: all 0.3s ease 0s;      }      <\/style>      <span class=\"bwg_nav_cont_0\">              <div class=\"tablenav-pages_0\">                  <\/div>                <input type=\"hidden\" id=\"page_number_0\" name=\"page_number_0\" value=\"1\" \/>      <script type=\"text\/javascript\">        if( jQuery('.bwg_nav_cont_0').length > 1 ) {          jQuery('.bwg_nav_cont_0').first().remove()        }        function spider_page_0(cur, x, y, load_more) {          if (typeof load_more == \"undefined\") {            var load_more = false;          }          if (jQuery(cur).hasClass('disabled')) {            return false;          }          var items_county_0 = 1;          switch (y) {            case 1:              if (x >= items_county_0) {                document.getElementById('page_number_0').value = items_county_0;              }              else {                document.getElementById('page_number_0').value = x + 1;              }              break;            case 2:              document.getElementById('page_number_0').value = items_county_0;              break;            case -1:              if (x == 1) {                document.getElementById('page_number_0').value = 1;              }              else {                document.getElementById('page_number_0').value = x - 1;              }              break;            case -2:              document.getElementById('page_number_0').value = 1;              break;\t\t\t\t\t\tcase 0:              document.getElementById('page_number_0').value = x;              break;            default:              document.getElementById('page_number_0').value = 1;          }          bwg_ajax('gal_front_form_0', '0', 'bwg_thumbnails_0', '0', '', 'gallery', 0, '', '', load_more, '', 1);        }                    jQuery('.first-page-0').on('click', function () {              spider_page_0(this, 1, -2, 'numeric');              return false;            });            jQuery('.prev-page-0').on('click', function () {              spider_page_0(this, 1, -1, 'numeric');              return false;            });            jQuery('.next-page-0').on('click', function () {              spider_page_0(this, 1, 1, 'numeric');              return false;            });            jQuery('.last-page-0').on('click', function () {              spider_page_0(this, 1, 2, 'numeric');              return false;            });        \t\t\t\t\/* Change page on input enter. *\/        function bwg_change_page_0( e, that ) {          if (  e.key == 'Enter' ) {            var to_page = parseInt(jQuery(that).val());            var pages_count = jQuery(that).parents(\".pagination-links\").data(\"pages-count\");            var current_url_param = jQuery(that).attr('data-url-info');            if (to_page > pages_count) {              to_page = 1;            }\t \t\t\t\t\t\t\t\t\t\t\t\tspider_page_0(this, to_page, 0, 'numeric');\t\t\t\t\t\t\treturn false;\t\t\t\t\t\t          }          return true;        }        jQuery('.bwg_load_btn_0').on('click', function () {            spider_page_0(this, 1, 1, true);            return false;        });      <\/script>      <\/span>                <\/div>        <\/form>        <style>          #bwg_container1_0 #bwg_container2_0 #spider_popup_overlay_0 {          background-color: #EEEEEE;          opacity: 0.60;          }          <\/style>        <div id=\"bwg_spider_popup_loading_0\" class=\"bwg_spider_popup_loading\"><\/div>        <div id=\"spider_popup_overlay_0\" class=\"spider_popup_overlay\" onclick=\"spider_destroypopup(1000)\"><\/div>        <input type=\"hidden\" id=\"bwg_random_seed_0\" value=\"1378833208\">                <\/div>    <\/div>    <script>      if (document.readyState === 'complete') {        if( typeof bwg_main_ready == 'function' ) {          if ( jQuery(\"#bwg_container1_0\").height() ) {            bwg_main_ready(jQuery(\"#bwg_container1_0\"));          }        }      } else {        document.addEventListener('DOMContentLoaded', function() {          if( typeof bwg_main_ready == 'function' ) {            if ( jQuery(\"#bwg_container1_0\").height() ) {             bwg_main_ready(jQuery(\"#bwg_container1_0\"));            }          }        });      }    <\/script>    \r\n\r\n\r\n<p style=\"font-family: Helvetica, arial, sans-serif; font-size: 16px;  text-align:center; line-height: 22px; vertical-align: top;\"><strong>Diskussionsrunde : Verteidigung \u2013 Souver\u00e4nit\u00e4t   <\/strong><\/p>\r\n<style id=\"bwg-style-1\">    #bwg_container1_1 #bwg_container2_1 .bwg-container-1.bwg-standard-thumbnails {      width: 1254px;              justify-content: center;        margin:0 auto !important;              background-color: rgba(255, 255, 255, 0.00);            padding-left: 4px;      padding-top: 4px;      max-width: 100%;            }        #bwg_container1_1 #bwg_container2_1 .bwg-container-1.bwg-standard-thumbnails .bwg-item {    justify-content: flex-start;      max-width: 250px;          }    #bwg_container1_1 #bwg_container2_1 .bwg-container-1.bwg-standard-thumbnails .bwg-item a {       margin-right: 4px;       margin-bottom: 4px;    }    #bwg_container1_1 #bwg_container2_1 .bwg-container-1.bwg-standard-thumbnails .bwg-item0 {      padding: 0px;            background-color:rgba(0,0,0, 0.30);      border: 0px none #CCCCCC;      opacity: 1.00;      border-radius: 0;      box-shadow: ;    }    #bwg_container1_1 #bwg_container2_1 .bwg-container-1.bwg-standard-thumbnails .bwg-item1 img {      max-height: none;      max-width: none;      padding: 0 !important;    }         @media only screen and (min-width: 480px) {\t\t#bwg_container1_1 #bwg_container2_1 .bwg-container-1.bwg-standard-thumbnails .bwg-item1 img {\t\t\t-webkit-transition: all .3s; transition: all .3s;\t\t}\t\t#bwg_container1_1 #bwg_container2_1 .bwg-container-1.bwg-standard-thumbnails .bwg-item1 img:hover {\t\t\t-ms-transform: scale(1.08);\t\t\t-webkit-transform: scale(1.08);\t\t\ttransform: scale(1.08);\t\t}\t\t\t\t.bwg-standard-thumbnails .bwg-zoom-effect .bwg-zoom-effect-overlay {\t\t\t\t\t\tbackground-color:rgba(0,0,0, 0.3);\t\t}\t\t.bwg-standard-thumbnails .bwg-zoom-effect:hover img {\t\t\t-ms-transform: scale(1.08);\t\t\t-webkit-transform: scale(1.08);\t\t\ttransform: scale(1.08);\t\t}\t\t      }\t    #bwg_container1_1 #bwg_container2_1 .bwg-container-1.bwg-standard-thumbnails .bwg-item1 {      padding-top: 56%;    }        #bwg_container1_1 #bwg_container2_1 .bwg-container-1.bwg-standard-thumbnails .bwg-title1 {      position: absolute;      top: 0;      z-index: 100;      width: 100%;      height: 100%;      display: flex;      justify-content: center;      align-content: center;      flex-direction: column;      opacity: 0;    }\t      #bwg_container1_1 #bwg_container2_1 .bwg-container-1.bwg-standard-thumbnails .bwg-title2,    #bwg_container1_1 #bwg_container2_1 .bwg-container-1.bwg-standard-thumbnails .bwg-ecommerce2 {      color: #FFFFFF;      font-family: Ubuntu;      font-size: 16px;      font-weight: bold;      padding: 2px;      text-shadow: ;      max-height: 100%;    }    #bwg_container1_1 #bwg_container2_1 .bwg-container-1.bwg-standard-thumbnails .bwg-thumb-description span {    color: #323A45;    font-family: Ubuntu;    font-size: 12px;    max-height: 100%;    word-wrap: break-word;    }    #bwg_container1_1 #bwg_container2_1 .bwg-container-1.bwg-standard-thumbnails .bwg-play-icon2 {      font-size: 32px;    }    #bwg_container1_1 #bwg_container2_1 .bwg-container-1.bwg-standard-thumbnails .bwg-ecommerce2 {      font-size: 19.2px;      color: #323A45;    }    <\/style>    <div id=\"bwg_container1_1\"         class=\"bwg_container bwg_thumbnail bwg_thumbnails \"         data-right-click-protection=\"0\"         data-bwg=\"1\"         data-scroll=\"0\"         data-gallery-type=\"thumbnails\"         data-gallery-view-type=\"thumbnails\"         data-current-url=\"\/fr\/wp-json\/wp\/v2\/posts\/11258\"         data-lightbox-url=\"http:\/\/cmpaix.eu\/fr\/wp-admin\/admin-ajax.php?action=GalleryBox&#038;current_view=1&#038;gallery_id=19&#038;tag=0&#038;theme_id=1&#038;shortcode_id=35&#038;sort_by=order&#038;order_by=asc&#038;current_url=%2Ffr%2Fwp-json%2Fwp%2Fv2%2Fposts%2F11258\"         data-gallery-id=\"19\"         data-popup-width=\"800\"         data-popup-height=\"500\"         data-is-album=\"gallery\"         data-buttons-position=\"bottom\">      <div id=\"bwg_container2_1\">             <div id=\"ajax_loading_1\" class=\"bwg_loading_div_1\">      <div class=\"bwg_loading_div_2\">        <div class=\"bwg_loading_div_3\">          <div id=\"loading_div_1\" class=\"bwg_spider_ajax_loading\">          <\/div>        <\/div>      <\/div>    <\/div>            <form id=\"gal_front_form_1\"              class=\"bwg-hidden\"              method=\"post\"              action=\"#\"              data-current=\"1\"              data-shortcode-id=\"35\"              data-gallery-type=\"thumbnails\"              data-gallery-id=\"19\"              data-tag=\"0\"              data-album-id=\"0\"              data-theme-id=\"1\"              data-ajax-url=\"http:\/\/cmpaix.eu\/fr\/wp-admin\/admin-ajax.php?action=bwg_frontend_data\">          <div id=\"bwg_container3_1\" class=\"bwg-background bwg-background-1\">                <div data-max-count=\"5\"         data-thumbnail-width=\"250\"         data-bwg=\"1\"         data-gallery-id=\"19\"         data-lightbox-url=\"http:\/\/cmpaix.eu\/fr\/wp-admin\/admin-ajax.php?action=GalleryBox&amp;current_view=1&amp;gallery_id=19&amp;tag=0&amp;theme_id=1&amp;shortcode_id=35&amp;sort_by=order&amp;order_by=asc&amp;current_url=%2Ffr%2Fwp-json%2Fwp%2Fv2%2Fposts%2F11258\"         id=\"bwg_thumbnails_1\"         class=\"bwg-container-1 bwg-thumbnails bwg-standard-thumbnails bwg-container bwg-border-box\">            <div class=\"bwg-item\">        <a class=\"bwg-a  bwg_lightbox\"  data-image-id=\"216\" href=\"http:\/\/cmpaix.eu\/fr\/wp-content\/uploads\/photo-gallery\/conf2-001.jpg?bwg=1675692574\" data-elementor-open-lightbox=\"no\">                <div class=\"bwg-item0 \">          <div class=\"bwg-item1 bwg-zoom-effect\">            <div class=\"bwg-item2\">              <img decoding=\"async\" class=\"lazyload skip-lazy bwg_standart_thumb_img_1 \"                   data-id=\"216\"                   data-width=\"500.00\"                   data-height=\"334.00\"                   data-src=\"http:\/\/cmpaix.eu\/fr\/wp-content\/uploads\/photo-gallery\/thumb\/conf2-001.jpg?bwg=1675692574\"                   src=\"data:image\/svg+xml,%3Csvg%20xmlns%3D%27http%3A%2F%2Fwww.w3.org%2F2000%2Fsvg%27%20width%3D%27500%27%20height%3D%27334%27%20viewBox%3D%270%200%20500%20334%27%3E%3Crect%20width%3D%27500%27%20height%3D%27334%27%20fill-opacity%3D%220%22%2F%3E%3C%2Fsvg%3E\" data-orig-src=\"http:\/\/cmpaix.eu\/fr\/wp-content\/uploads\/photo-gallery\/thumb\/conf2-001.jpg?bwg=1675692574\"                   alt=\"Colloque franco-allemand - table-ronde D\u00e9fense \u2013 Souverainet\u00e9\"                   title=\"Colloque franco-allemand - table-ronde D\u00e9fense \u2013 Souverainet\u00e9\" \/>            <\/div>            <div class=\"bwg-zoom-effect-overlay\">              <div class=\"bwg-title1\"><div class=\"bwg-title2\">Colloque franco-allemand - table-ronde D\u00e9fense \u2013 Souverainet\u00e9<\/div><\/div>                                        <\/div>          <\/div>        <\/div>                        <\/a>              <\/div>            <div class=\"bwg-item\">        <a class=\"bwg-a  bwg_lightbox\"  data-image-id=\"217\" href=\"http:\/\/cmpaix.eu\/fr\/wp-content\/uploads\/photo-gallery\/conf2-002.jpg?bwg=1675692574\" data-elementor-open-lightbox=\"no\">                <div class=\"bwg-item0 \">          <div class=\"bwg-item1 bwg-zoom-effect\">            <div class=\"bwg-item2\">              <img decoding=\"async\" class=\"lazyload skip-lazy bwg_standart_thumb_img_1 \"                   data-id=\"217\"                   data-width=\"500.00\"                   data-height=\"334.00\"                   data-src=\"http:\/\/cmpaix.eu\/fr\/wp-content\/uploads\/photo-gallery\/thumb\/conf2-002.jpg?bwg=1675692574\"                   src=\"data:image\/svg+xml,%3Csvg%20xmlns%3D%27http%3A%2F%2Fwww.w3.org%2F2000%2Fsvg%27%20width%3D%27500%27%20height%3D%27334%27%20viewBox%3D%270%200%20500%20334%27%3E%3Crect%20width%3D%27500%27%20height%3D%27334%27%20fill-opacity%3D%220%22%2F%3E%3C%2Fsvg%3E\" data-orig-src=\"http:\/\/cmpaix.eu\/fr\/wp-content\/uploads\/photo-gallery\/thumb\/conf2-002.jpg?bwg=1675692574\"                   alt=\"Colloque franco-allemand - table-ronde D\u00e9fense \u2013 Souverainet\u00e9\"                   title=\"Colloque franco-allemand - table-ronde D\u00e9fense \u2013 Souverainet\u00e9\" \/>            <\/div>            <div class=\"bwg-zoom-effect-overlay\">              <div class=\"bwg-title1\"><div class=\"bwg-title2\">Colloque franco-allemand - table-ronde D\u00e9fense \u2013 Souverainet\u00e9<\/div><\/div>                                        <\/div>          <\/div>        <\/div>                        <\/a>              <\/div>            <div class=\"bwg-item\">        <a class=\"bwg-a  bwg_lightbox\"  data-image-id=\"218\" href=\"http:\/\/cmpaix.eu\/fr\/wp-content\/uploads\/photo-gallery\/conf2-003.jpg?bwg=1675692574\" data-elementor-open-lightbox=\"no\">                <div class=\"bwg-item0 \">          <div class=\"bwg-item1 bwg-zoom-effect\">            <div class=\"bwg-item2\">              <img decoding=\"async\" class=\"lazyload skip-lazy bwg_standart_thumb_img_1 \"                   data-id=\"218\"                   data-width=\"500.00\"                   data-height=\"334.00\"                   data-src=\"http:\/\/cmpaix.eu\/fr\/wp-content\/uploads\/photo-gallery\/thumb\/conf2-003.jpg?bwg=1675692574\"                   src=\"data:image\/svg+xml,%3Csvg%20xmlns%3D%27http%3A%2F%2Fwww.w3.org%2F2000%2Fsvg%27%20width%3D%27500%27%20height%3D%27334%27%20viewBox%3D%270%200%20500%20334%27%3E%3Crect%20width%3D%27500%27%20height%3D%27334%27%20fill-opacity%3D%220%22%2F%3E%3C%2Fsvg%3E\" data-orig-src=\"http:\/\/cmpaix.eu\/fr\/wp-content\/uploads\/photo-gallery\/thumb\/conf2-003.jpg?bwg=1675692574\"                   alt=\"Colloque franco-allemand - table-ronde D\u00e9fense \u2013 Souverainet\u00e9\"                   title=\"Colloque franco-allemand - table-ronde D\u00e9fense \u2013 Souverainet\u00e9\" \/>            <\/div>            <div class=\"bwg-zoom-effect-overlay\">              <div class=\"bwg-title1\"><div class=\"bwg-title2\">Colloque franco-allemand - table-ronde D\u00e9fense \u2013 Souverainet\u00e9<\/div><\/div>                                        <\/div>          <\/div>        <\/div>                        <\/a>              <\/div>            <div class=\"bwg-item\">        <a class=\"bwg-a  bwg_lightbox\"  data-image-id=\"219\" href=\"http:\/\/cmpaix.eu\/fr\/wp-content\/uploads\/photo-gallery\/conf2-004.jpg?bwg=1675692574\" data-elementor-open-lightbox=\"no\">                <div class=\"bwg-item0 \">          <div class=\"bwg-item1 bwg-zoom-effect\">            <div class=\"bwg-item2\">              <img decoding=\"async\" class=\"lazyload skip-lazy bwg_standart_thumb_img_1 \"                   data-id=\"219\"                   data-width=\"500.00\"                   data-height=\"334.00\"                   data-src=\"http:\/\/cmpaix.eu\/fr\/wp-content\/uploads\/photo-gallery\/thumb\/conf2-004.jpg?bwg=1675692574\"                   src=\"data:image\/svg+xml,%3Csvg%20xmlns%3D%27http%3A%2F%2Fwww.w3.org%2F2000%2Fsvg%27%20width%3D%27500%27%20height%3D%27334%27%20viewBox%3D%270%200%20500%20334%27%3E%3Crect%20width%3D%27500%27%20height%3D%27334%27%20fill-opacity%3D%220%22%2F%3E%3C%2Fsvg%3E\" data-orig-src=\"http:\/\/cmpaix.eu\/fr\/wp-content\/uploads\/photo-gallery\/thumb\/conf2-004.jpg?bwg=1675692574\"                   alt=\"Colloque franco-allemand - table-ronde D\u00e9fense \u2013 Souverainet\u00e9\"                   title=\"Colloque franco-allemand - table-ronde D\u00e9fense \u2013 Souverainet\u00e9\" \/>            <\/div>            <div class=\"bwg-zoom-effect-overlay\">              <div class=\"bwg-title1\"><div class=\"bwg-title2\">Colloque franco-allemand - table-ronde D\u00e9fense \u2013 Souverainet\u00e9<\/div><\/div>                                        <\/div>          <\/div>        <\/div>                        <\/a>              <\/div>            <div class=\"bwg-item\">        <a class=\"bwg-a  bwg_lightbox\"  data-image-id=\"220\" href=\"http:\/\/cmpaix.eu\/fr\/wp-content\/uploads\/photo-gallery\/conf2-005.jpg?bwg=1675692574\" data-elementor-open-lightbox=\"no\">                <div class=\"bwg-item0 \">          <div class=\"bwg-item1 bwg-zoom-effect\">            <div class=\"bwg-item2\">              <img decoding=\"async\" class=\"lazyload skip-lazy bwg_standart_thumb_img_1 \"                   data-id=\"220\"                   data-width=\"500.00\"                   data-height=\"334.00\"                   data-src=\"http:\/\/cmpaix.eu\/fr\/wp-content\/uploads\/photo-gallery\/thumb\/conf2-005.jpg?bwg=1675692574\"                   src=\"data:image\/svg+xml,%3Csvg%20xmlns%3D%27http%3A%2F%2Fwww.w3.org%2F2000%2Fsvg%27%20width%3D%27500%27%20height%3D%27334%27%20viewBox%3D%270%200%20500%20334%27%3E%3Crect%20width%3D%27500%27%20height%3D%27334%27%20fill-opacity%3D%220%22%2F%3E%3C%2Fsvg%3E\" data-orig-src=\"http:\/\/cmpaix.eu\/fr\/wp-content\/uploads\/photo-gallery\/thumb\/conf2-005.jpg?bwg=1675692574\"                   alt=\"Colloque franco-allemand - table-ronde D\u00e9fense \u2013 Souverainet\u00e9\"                   title=\"Colloque franco-allemand - table-ronde D\u00e9fense \u2013 Souverainet\u00e9\" \/>            <\/div>            <div class=\"bwg-zoom-effect-overlay\">              <div class=\"bwg-title1\"><div class=\"bwg-title2\">Colloque franco-allemand - table-ronde D\u00e9fense \u2013 Souverainet\u00e9<\/div><\/div>                                        <\/div>          <\/div>        <\/div>                        <\/a>              <\/div>            <div class=\"bwg-item\">        <a class=\"bwg-a  bwg_lightbox\"  data-image-id=\"221\" href=\"http:\/\/cmpaix.eu\/fr\/wp-content\/uploads\/photo-gallery\/conf2-005-0.jpg?bwg=1675692574\" data-elementor-open-lightbox=\"no\">                <div class=\"bwg-item0 \">          <div class=\"bwg-item1 bwg-zoom-effect\">            <div class=\"bwg-item2\">              <img decoding=\"async\" class=\"lazyload skip-lazy bwg_standart_thumb_img_1 \"                   data-id=\"221\"                   data-width=\"500.00\"                   data-height=\"334.00\"                   data-src=\"http:\/\/cmpaix.eu\/fr\/wp-content\/uploads\/photo-gallery\/thumb\/conf2-005-0.jpg?bwg=1675692574\"                   src=\"data:image\/svg+xml,%3Csvg%20xmlns%3D%27http%3A%2F%2Fwww.w3.org%2F2000%2Fsvg%27%20width%3D%27500%27%20height%3D%27334%27%20viewBox%3D%270%200%20500%20334%27%3E%3Crect%20width%3D%27500%27%20height%3D%27334%27%20fill-opacity%3D%220%22%2F%3E%3C%2Fsvg%3E\" data-orig-src=\"http:\/\/cmpaix.eu\/fr\/wp-content\/uploads\/photo-gallery\/thumb\/conf2-005-0.jpg?bwg=1675692574\"                   alt=\"Colloque franco-allemand - table-ronde D\u00e9fense \u2013 Souverainet\u00e9\"                   title=\"Colloque franco-allemand - table-ronde D\u00e9fense \u2013 Souverainet\u00e9\" \/>            <\/div>            <div class=\"bwg-zoom-effect-overlay\">              <div class=\"bwg-title1\"><div class=\"bwg-title2\">Colloque franco-allemand - table-ronde D\u00e9fense \u2013 Souverainet\u00e9<\/div><\/div>                                        <\/div>          <\/div>        <\/div>                        <\/a>              <\/div>            <div class=\"bwg-item\">        <a class=\"bwg-a  bwg_lightbox\"  data-image-id=\"222\" href=\"http:\/\/cmpaix.eu\/fr\/wp-content\/uploads\/photo-gallery\/conf2-005-1.jpg?bwg=1675692574\" data-elementor-open-lightbox=\"no\">                <div class=\"bwg-item0 \">          <div class=\"bwg-item1 bwg-zoom-effect\">            <div class=\"bwg-item2\">              <img decoding=\"async\" class=\"lazyload skip-lazy bwg_standart_thumb_img_1 \"                   data-id=\"222\"                   data-width=\"500.00\"                   data-height=\"334.00\"                   data-src=\"http:\/\/cmpaix.eu\/fr\/wp-content\/uploads\/photo-gallery\/thumb\/conf2-005-1.jpg?bwg=1675692574\"                   src=\"data:image\/svg+xml,%3Csvg%20xmlns%3D%27http%3A%2F%2Fwww.w3.org%2F2000%2Fsvg%27%20width%3D%27500%27%20height%3D%27334%27%20viewBox%3D%270%200%20500%20334%27%3E%3Crect%20width%3D%27500%27%20height%3D%27334%27%20fill-opacity%3D%220%22%2F%3E%3C%2Fsvg%3E\" data-orig-src=\"http:\/\/cmpaix.eu\/fr\/wp-content\/uploads\/photo-gallery\/thumb\/conf2-005-1.jpg?bwg=1675692574\"                   alt=\"Colloque franco-allemand - table-ronde D\u00e9fense \u2013 Souverainet\u00e9\"                   title=\"Colloque franco-allemand - table-ronde D\u00e9fense \u2013 Souverainet\u00e9\" \/>            <\/div>            <div class=\"bwg-zoom-effect-overlay\">              <div class=\"bwg-title1\"><div class=\"bwg-title2\">Colloque franco-allemand - table-ronde D\u00e9fense \u2013 Souverainet\u00e9<\/div><\/div>                                        <\/div>          <\/div>        <\/div>                        <\/a>              <\/div>            <div class=\"bwg-item\">        <a class=\"bwg-a  bwg_lightbox\"  data-image-id=\"223\" href=\"http:\/\/cmpaix.eu\/fr\/wp-content\/uploads\/photo-gallery\/conf2-005-2.jpg?bwg=1675692574\" data-elementor-open-lightbox=\"no\">                <div class=\"bwg-item0 \">          <div class=\"bwg-item1 bwg-zoom-effect\">            <div class=\"bwg-item2\">              <img decoding=\"async\" class=\"lazyload skip-lazy bwg_standart_thumb_img_1 \"                   data-id=\"223\"                   data-width=\"500.00\"                   data-height=\"334.00\"                   data-src=\"http:\/\/cmpaix.eu\/fr\/wp-content\/uploads\/photo-gallery\/thumb\/conf2-005-2.jpg?bwg=1675692574\"                   src=\"data:image\/svg+xml,%3Csvg%20xmlns%3D%27http%3A%2F%2Fwww.w3.org%2F2000%2Fsvg%27%20width%3D%27500%27%20height%3D%27334%27%20viewBox%3D%270%200%20500%20334%27%3E%3Crect%20width%3D%27500%27%20height%3D%27334%27%20fill-opacity%3D%220%22%2F%3E%3C%2Fsvg%3E\" data-orig-src=\"http:\/\/cmpaix.eu\/fr\/wp-content\/uploads\/photo-gallery\/thumb\/conf2-005-2.jpg?bwg=1675692574\"                   alt=\"Colloque franco-allemand - table-ronde D\u00e9fense \u2013 Souverainet\u00e9\"                   title=\"Colloque franco-allemand - table-ronde D\u00e9fense \u2013 Souverainet\u00e9\" \/>            <\/div>            <div class=\"bwg-zoom-effect-overlay\">              <div class=\"bwg-title1\"><div class=\"bwg-title2\">Colloque franco-allemand - table-ronde D\u00e9fense \u2013 Souverainet\u00e9<\/div><\/div>                                        <\/div>          <\/div>        <\/div>                        <\/a>              <\/div>            <div class=\"bwg-item\">        <a class=\"bwg-a  bwg_lightbox\"  data-image-id=\"224\" href=\"http:\/\/cmpaix.eu\/fr\/wp-content\/uploads\/photo-gallery\/conf2-006.jpg?bwg=1675692574\" data-elementor-open-lightbox=\"no\">                <div class=\"bwg-item0 \">          <div class=\"bwg-item1 bwg-zoom-effect\">            <div class=\"bwg-item2\">              <img decoding=\"async\" class=\"lazyload skip-lazy bwg_standart_thumb_img_1 \"                   data-id=\"224\"                   data-width=\"500.00\"                   data-height=\"334.00\"                   data-src=\"http:\/\/cmpaix.eu\/fr\/wp-content\/uploads\/photo-gallery\/thumb\/conf2-006.jpg?bwg=1675692574\"                   src=\"data:image\/svg+xml,%3Csvg%20xmlns%3D%27http%3A%2F%2Fwww.w3.org%2F2000%2Fsvg%27%20width%3D%27500%27%20height%3D%27334%27%20viewBox%3D%270%200%20500%20334%27%3E%3Crect%20width%3D%27500%27%20height%3D%27334%27%20fill-opacity%3D%220%22%2F%3E%3C%2Fsvg%3E\" data-orig-src=\"http:\/\/cmpaix.eu\/fr\/wp-content\/uploads\/photo-gallery\/thumb\/conf2-006.jpg?bwg=1675692574\"                   alt=\"Colloque franco-allemand - table-ronde D\u00e9fense \u2013 Souverainet\u00e9\"                   title=\"Colloque franco-allemand - table-ronde D\u00e9fense \u2013 Souverainet\u00e9\" \/>            <\/div>            <div class=\"bwg-zoom-effect-overlay\">              <div class=\"bwg-title1\"><div class=\"bwg-title2\">Colloque franco-allemand - table-ronde D\u00e9fense \u2013 Souverainet\u00e9<\/div><\/div>                                        <\/div>          <\/div>        <\/div>                        <\/a>              <\/div>            <div class=\"bwg-item\">        <a class=\"bwg-a  bwg_lightbox\"  data-image-id=\"225\" href=\"http:\/\/cmpaix.eu\/fr\/wp-content\/uploads\/photo-gallery\/conf2-007.jpg?bwg=1675692574\" data-elementor-open-lightbox=\"no\">                <div class=\"bwg-item0 \">          <div class=\"bwg-item1 bwg-zoom-effect\">            <div class=\"bwg-item2\">              <img decoding=\"async\" class=\"lazyload skip-lazy bwg_standart_thumb_img_1 \"                   data-id=\"225\"                   data-width=\"500.00\"                   data-height=\"334.00\"                   data-src=\"http:\/\/cmpaix.eu\/fr\/wp-content\/uploads\/photo-gallery\/thumb\/conf2-007.jpg?bwg=1675692574\"                   src=\"data:image\/svg+xml,%3Csvg%20xmlns%3D%27http%3A%2F%2Fwww.w3.org%2F2000%2Fsvg%27%20width%3D%27500%27%20height%3D%27334%27%20viewBox%3D%270%200%20500%20334%27%3E%3Crect%20width%3D%27500%27%20height%3D%27334%27%20fill-opacity%3D%220%22%2F%3E%3C%2Fsvg%3E\" data-orig-src=\"http:\/\/cmpaix.eu\/fr\/wp-content\/uploads\/photo-gallery\/thumb\/conf2-007.jpg?bwg=1675692574\"                   alt=\"Colloque franco-allemand - table-ronde D\u00e9fense \u2013 Souverainet\u00e9\"                   title=\"Colloque franco-allemand - table-ronde D\u00e9fense \u2013 Souverainet\u00e9\" \/>            <\/div>            <div class=\"bwg-zoom-effect-overlay\">              <div class=\"bwg-title1\"><div class=\"bwg-title2\">Colloque franco-allemand - table-ronde D\u00e9fense \u2013 Souverainet\u00e9<\/div><\/div>                                        <\/div>          <\/div>        <\/div>                        <\/a>              <\/div>            <div class=\"bwg-item\">        <a class=\"bwg-a  bwg_lightbox\"  data-image-id=\"226\" href=\"http:\/\/cmpaix.eu\/fr\/wp-content\/uploads\/photo-gallery\/conf2-008.jpg?bwg=1675692574\" data-elementor-open-lightbox=\"no\">                <div class=\"bwg-item0 \">          <div class=\"bwg-item1 bwg-zoom-effect\">            <div class=\"bwg-item2\">              <img decoding=\"async\" class=\"lazyload skip-lazy bwg_standart_thumb_img_1 \"                   data-id=\"226\"                   data-width=\"500.00\"                   data-height=\"334.00\"                   data-src=\"http:\/\/cmpaix.eu\/fr\/wp-content\/uploads\/photo-gallery\/thumb\/conf2-008.jpg?bwg=1675692574\"                   src=\"data:image\/svg+xml,%3Csvg%20xmlns%3D%27http%3A%2F%2Fwww.w3.org%2F2000%2Fsvg%27%20width%3D%27500%27%20height%3D%27334%27%20viewBox%3D%270%200%20500%20334%27%3E%3Crect%20width%3D%27500%27%20height%3D%27334%27%20fill-opacity%3D%220%22%2F%3E%3C%2Fsvg%3E\" data-orig-src=\"http:\/\/cmpaix.eu\/fr\/wp-content\/uploads\/photo-gallery\/thumb\/conf2-008.jpg?bwg=1675692574\"                   alt=\"Colloque franco-allemand - table-ronde D\u00e9fense \u2013 Souverainet\u00e9\"                   title=\"Colloque franco-allemand - table-ronde D\u00e9fense \u2013 Souverainet\u00e9\" \/>            <\/div>            <div class=\"bwg-zoom-effect-overlay\">              <div class=\"bwg-title1\"><div class=\"bwg-title2\">Colloque franco-allemand - table-ronde D\u00e9fense \u2013 Souverainet\u00e9<\/div><\/div>                                        <\/div>          <\/div>        <\/div>                        <\/a>              <\/div>            <div class=\"bwg-item\">        <a class=\"bwg-a  bwg_lightbox\"  data-image-id=\"227\" href=\"http:\/\/cmpaix.eu\/fr\/wp-content\/uploads\/photo-gallery\/conf2-009.jpg?bwg=1675692574\" data-elementor-open-lightbox=\"no\">                <div class=\"bwg-item0 \">          <div class=\"bwg-item1 bwg-zoom-effect\">            <div class=\"bwg-item2\">              <img decoding=\"async\" class=\"lazyload skip-lazy bwg_standart_thumb_img_1 \"                   data-id=\"227\"                   data-width=\"500.00\"                   data-height=\"334.00\"                   data-src=\"http:\/\/cmpaix.eu\/fr\/wp-content\/uploads\/photo-gallery\/thumb\/conf2-009.jpg?bwg=1675692574\"                   src=\"data:image\/svg+xml,%3Csvg%20xmlns%3D%27http%3A%2F%2Fwww.w3.org%2F2000%2Fsvg%27%20width%3D%27500%27%20height%3D%27334%27%20viewBox%3D%270%200%20500%20334%27%3E%3Crect%20width%3D%27500%27%20height%3D%27334%27%20fill-opacity%3D%220%22%2F%3E%3C%2Fsvg%3E\" data-orig-src=\"http:\/\/cmpaix.eu\/fr\/wp-content\/uploads\/photo-gallery\/thumb\/conf2-009.jpg?bwg=1675692574\"                   alt=\"Colloque franco-allemand - table-ronde D\u00e9fense \u2013 Souverainet\u00e9\"                   title=\"Colloque franco-allemand - table-ronde D\u00e9fense \u2013 Souverainet\u00e9\" \/>            <\/div>            <div class=\"bwg-zoom-effect-overlay\">              <div class=\"bwg-title1\"><div class=\"bwg-title2\">Colloque franco-allemand - table-ronde D\u00e9fense \u2013 Souverainet\u00e9<\/div><\/div>                                        <\/div>          <\/div>        <\/div>                        <\/a>              <\/div>            <div class=\"bwg-item\">        <a class=\"bwg-a  bwg_lightbox\"  data-image-id=\"228\" href=\"http:\/\/cmpaix.eu\/fr\/wp-content\/uploads\/photo-gallery\/conf2-010.jpg?bwg=1675692574\" data-elementor-open-lightbox=\"no\">                <div class=\"bwg-item0 \">          <div class=\"bwg-item1 bwg-zoom-effect\">            <div class=\"bwg-item2\">              <img decoding=\"async\" class=\"lazyload skip-lazy bwg_standart_thumb_img_1 \"                   data-id=\"228\"                   data-width=\"500.00\"                   data-height=\"334.00\"                   data-src=\"http:\/\/cmpaix.eu\/fr\/wp-content\/uploads\/photo-gallery\/thumb\/conf2-010.jpg?bwg=1675692574\"                   src=\"data:image\/svg+xml,%3Csvg%20xmlns%3D%27http%3A%2F%2Fwww.w3.org%2F2000%2Fsvg%27%20width%3D%27500%27%20height%3D%27334%27%20viewBox%3D%270%200%20500%20334%27%3E%3Crect%20width%3D%27500%27%20height%3D%27334%27%20fill-opacity%3D%220%22%2F%3E%3C%2Fsvg%3E\" data-orig-src=\"http:\/\/cmpaix.eu\/fr\/wp-content\/uploads\/photo-gallery\/thumb\/conf2-010.jpg?bwg=1675692574\"                   alt=\"Colloque franco-allemand - table-ronde D\u00e9fense \u2013 Souverainet\u00e9\"                   title=\"Colloque franco-allemand - table-ronde D\u00e9fense \u2013 Souverainet\u00e9\" \/>            <\/div>            <div class=\"bwg-zoom-effect-overlay\">              <div class=\"bwg-title1\"><div class=\"bwg-title2\">Colloque franco-allemand - table-ronde D\u00e9fense \u2013 Souverainet\u00e9<\/div><\/div>                                        <\/div>          <\/div>        <\/div>                        <\/a>              <\/div>          <\/div>    <style>      \/*pagination styles*\/      #bwg_container1_1 #bwg_container2_1 .tablenav-pages_1 {\t\t\t\ttext-align: center;\t\t\t\tfont-size: 12px;\t\t\t\tfont-family: Ubuntu;\t\t\t\tfont-weight: bold;\t\t\t\tcolor: #666666;\t\t\t\tmargin: 6px 0 4px;\t\t\t\tdisplay: block;      }      @media only screen and (max-width : 320px) {      #bwg_container1_1 #bwg_container2_1 .displaying-num_1 {     \t display: none;      }      }      #bwg_container1_1 #bwg_container2_1 .displaying-num_1 {\t\t\t\tfont-size: 12px;\t\t\t\tfont-family: Ubuntu;\t\t\t\tfont-weight: bold;\t\t\t\tcolor: #666666;\t\t\t\tmargin-right: 10px;\t\t\t\tvertical-align: middle;      }      #bwg_container1_1 #bwg_container2_1 .paging-input_1 {\t\t\t\tfont-size: 12px;\t\t\t\tfont-family: Ubuntu;\t\t\t\tfont-weight: bold;\t\t\t\tcolor: #666666;\t\t\t\tvertical-align: middle;      }      #bwg_container1_1 #bwg_container2_1 .tablenav-pages_1 a.disabled,      #bwg_container1_1 #bwg_container2_1 .tablenav-pages_1 a.disabled:hover,      #bwg_container1_1 #bwg_container2_1 .tablenav-pages_1 a.disabled:focus,\t\t\t#bwg_container1_1 #bwg_container2_1 .tablenav-pages_1 input.bwg_current_page {\t\t\t\tcursor: default;\t\t\t\tcolor: rgba(102, 102, 102, 0.5);      }      #bwg_container1_1 #bwg_container2_1 .tablenav-pages_1 a,      #bwg_container1_1 #bwg_container2_1 .tablenav-pages_1 input.bwg_current_page {\t\t\t\tcursor: pointer;\t\t\t\ttext-align: center;\t\t\t\tfont-size: 12px;\t\t\t\tfont-family: Ubuntu;\t\t\t\tfont-weight: bold;\t\t\t\tcolor: #666666;\t\t\t\ttext-decoration: none;\t\t\t\tpadding: 3px 6px;\t\t\t\tmargin: 0;\t\t\t\tborder-radius: 0;\t\t\t\tborder-style: solid;\t\t\t\tborder-width: 1px;\t\t\t\tborder-color: #E3E3E3;\t\t\t\t\t\t\t\tbackground-color: rgba(255, 255, 255, 1.00);\t\t\t\tbox-shadow: 0;\t\t\t\ttransition: all 0.3s ease 0s;-webkit-transition: all 0.3s ease 0s;      }      <\/style>      <span class=\"bwg_nav_cont_1\">              <div class=\"tablenav-pages_1\">                  <\/div>                <input type=\"hidden\" id=\"page_number_1\" name=\"page_number_1\" value=\"1\" \/>      <script type=\"text\/javascript\">        if( jQuery('.bwg_nav_cont_1').length > 1 ) {          jQuery('.bwg_nav_cont_1').first().remove()        }        function spider_page_1(cur, x, y, load_more) {          if (typeof load_more == \"undefined\") {            var load_more = false;          }          if (jQuery(cur).hasClass('disabled')) {            return false;          }          var items_county_1 = 1;          switch (y) {            case 1:              if (x >= items_county_1) {                document.getElementById('page_number_1').value = items_county_1;              }              else {                document.getElementById('page_number_1').value = x + 1;              }              break;            case 2:              document.getElementById('page_number_1').value = items_county_1;              break;            case -1:              if (x == 1) {                document.getElementById('page_number_1').value = 1;              }              else {                document.getElementById('page_number_1').value = x - 1;              }              break;            case -2:              document.getElementById('page_number_1').value = 1;              break;\t\t\t\t\t\tcase 0:              document.getElementById('page_number_1').value = x;              break;            default:              document.getElementById('page_number_1').value = 1;          }          bwg_ajax('gal_front_form_1', '1', 'bwg_thumbnails_1', '0', '', 'gallery', 0, '', '', load_more, '', 1);        }                    jQuery('.first-page-1').on('click', function () {              spider_page_1(this, 1, -2, 'numeric');              return false;            });            jQuery('.prev-page-1').on('click', function () {              spider_page_1(this, 1, -1, 'numeric');              return false;            });            jQuery('.next-page-1').on('click', function () {              spider_page_1(this, 1, 1, 'numeric');              return false;            });            jQuery('.last-page-1').on('click', function () {              spider_page_1(this, 1, 2, 'numeric');              return false;            });        \t\t\t\t\/* Change page on input enter. *\/        function bwg_change_page_1( e, that ) {          if (  e.key == 'Enter' ) {            var to_page = parseInt(jQuery(that).val());            var pages_count = jQuery(that).parents(\".pagination-links\").data(\"pages-count\");            var current_url_param = jQuery(that).attr('data-url-info');            if (to_page > pages_count) {              to_page = 1;            }\t \t\t\t\t\t\t\t\t\t\t\t\tspider_page_1(this, to_page, 0, 'numeric');\t\t\t\t\t\t\treturn false;\t\t\t\t\t\t          }          return true;        }        jQuery('.bwg_load_btn_1').on('click', function () {            spider_page_1(this, 1, 1, true);            return false;        });      <\/script>      <\/span>                <\/div>        <\/form>        <style>          #bwg_container1_1 #bwg_container2_1 #spider_popup_overlay_1 {          background-color: #EEEEEE;          opacity: 0.60;          }          <\/style>        <div id=\"bwg_spider_popup_loading_1\" class=\"bwg_spider_popup_loading\"><\/div>        <div id=\"spider_popup_overlay_1\" class=\"spider_popup_overlay\" onclick=\"spider_destroypopup(1000)\"><\/div>        <input type=\"hidden\" id=\"bwg_random_seed_1\" value=\"1005907212\">                <\/div>    <\/div>    <script>      if (document.readyState === 'complete') {        if( typeof bwg_main_ready == 'function' ) {          if ( jQuery(\"#bwg_container1_1\").height() ) {            bwg_main_ready(jQuery(\"#bwg_container1_1\"));          }        }      } else {        document.addEventListener('DOMContentLoaded', function() {          if( typeof bwg_main_ready == 'function' ) {            if ( jQuery(\"#bwg_container1_1\").height() ) {             bwg_main_ready(jQuery(\"#bwg_container1_1\"));            }          }        });      }    <\/script>    \r\n\r\n<p style=\"font-family: Helvetica, arial, sans-serif; font-size: 16px;  text-align:center; line-height: 22px; vertical-align: top;\"><strong>Diskussionsrunde : Umwelt \u2013 Energie    <\/strong><\/p>\r\n<style id=\"bwg-style-2\">    #bwg_container1_2 #bwg_container2_2 .bwg-container-2.bwg-standard-thumbnails {      width: 1254px;              justify-content: center;        margin:0 auto !important;              background-color: rgba(255, 255, 255, 0.00);            padding-left: 4px;      padding-top: 4px;      max-width: 100%;            }        #bwg_container1_2 #bwg_container2_2 .bwg-container-2.bwg-standard-thumbnails .bwg-item {    justify-content: flex-start;      max-width: 250px;          }    #bwg_container1_2 #bwg_container2_2 .bwg-container-2.bwg-standard-thumbnails .bwg-item a {       margin-right: 4px;       margin-bottom: 4px;    }    #bwg_container1_2 #bwg_container2_2 .bwg-container-2.bwg-standard-thumbnails .bwg-item0 {      padding: 0px;            background-color:rgba(0,0,0, 0.30);      border: 0px none #CCCCCC;      opacity: 1.00;      border-radius: 0;      box-shadow: ;    }    #bwg_container1_2 #bwg_container2_2 .bwg-container-2.bwg-standard-thumbnails .bwg-item1 img {      max-height: none;      max-width: none;      padding: 0 !important;    }         @media only screen and (min-width: 480px) {\t\t#bwg_container1_2 #bwg_container2_2 .bwg-container-2.bwg-standard-thumbnails .bwg-item1 img {\t\t\t-webkit-transition: all .3s; transition: all .3s;\t\t}\t\t#bwg_container1_2 #bwg_container2_2 .bwg-container-2.bwg-standard-thumbnails .bwg-item1 img:hover {\t\t\t-ms-transform: scale(1.08);\t\t\t-webkit-transform: scale(1.08);\t\t\ttransform: scale(1.08);\t\t}\t\t\t\t.bwg-standard-thumbnails .bwg-zoom-effect .bwg-zoom-effect-overlay {\t\t\t\t\t\tbackground-color:rgba(0,0,0, 0.3);\t\t}\t\t.bwg-standard-thumbnails .bwg-zoom-effect:hover img {\t\t\t-ms-transform: scale(1.08);\t\t\t-webkit-transform: scale(1.08);\t\t\ttransform: scale(1.08);\t\t}\t\t      }\t    #bwg_container1_2 #bwg_container2_2 .bwg-container-2.bwg-standard-thumbnails .bwg-item1 {      padding-top: 56%;    }        #bwg_container1_2 #bwg_container2_2 .bwg-container-2.bwg-standard-thumbnails .bwg-title1 {      position: absolute;      top: 0;      z-index: 100;      width: 100%;      height: 100%;      display: flex;      justify-content: center;      align-content: center;      flex-direction: column;      opacity: 0;    }\t      #bwg_container1_2 #bwg_container2_2 .bwg-container-2.bwg-standard-thumbnails .bwg-title2,    #bwg_container1_2 #bwg_container2_2 .bwg-container-2.bwg-standard-thumbnails .bwg-ecommerce2 {      color: #FFFFFF;      font-family: Ubuntu;      font-size: 16px;      font-weight: bold;      padding: 2px;      text-shadow: ;      max-height: 100%;    }    #bwg_container1_2 #bwg_container2_2 .bwg-container-2.bwg-standard-thumbnails .bwg-thumb-description span {    color: #323A45;    font-family: Ubuntu;    font-size: 12px;    max-height: 100%;    word-wrap: break-word;    }    #bwg_container1_2 #bwg_container2_2 .bwg-container-2.bwg-standard-thumbnails .bwg-play-icon2 {      font-size: 32px;    }    #bwg_container1_2 #bwg_container2_2 .bwg-container-2.bwg-standard-thumbnails .bwg-ecommerce2 {      font-size: 19.2px;      color: #323A45;    }    <\/style>    <div id=\"bwg_container1_2\"         class=\"bwg_container bwg_thumbnail bwg_thumbnails \"         data-right-click-protection=\"0\"         data-bwg=\"2\"         data-scroll=\"0\"         data-gallery-type=\"thumbnails\"         data-gallery-view-type=\"thumbnails\"         data-current-url=\"\/fr\/wp-json\/wp\/v2\/posts\/11258\"         data-lightbox-url=\"http:\/\/cmpaix.eu\/fr\/wp-admin\/admin-ajax.php?action=GalleryBox&#038;current_view=2&#038;gallery_id=20&#038;tag=0&#038;theme_id=1&#038;shortcode_id=36&#038;sort_by=order&#038;order_by=asc&#038;current_url=%2Ffr%2Fwp-json%2Fwp%2Fv2%2Fposts%2F11258\"         data-gallery-id=\"20\"         data-popup-width=\"800\"         data-popup-height=\"500\"         data-is-album=\"gallery\"         data-buttons-position=\"bottom\">      <div id=\"bwg_container2_2\">             <div id=\"ajax_loading_2\" class=\"bwg_loading_div_1\">      <div class=\"bwg_loading_div_2\">        <div class=\"bwg_loading_div_3\">          <div id=\"loading_div_2\" class=\"bwg_spider_ajax_loading\">          <\/div>        <\/div>      <\/div>    <\/div>            <form id=\"gal_front_form_2\"              class=\"bwg-hidden\"              method=\"post\"              action=\"#\"              data-current=\"2\"              data-shortcode-id=\"36\"              data-gallery-type=\"thumbnails\"              data-gallery-id=\"20\"              data-tag=\"0\"              data-album-id=\"0\"              data-theme-id=\"1\"              data-ajax-url=\"http:\/\/cmpaix.eu\/fr\/wp-admin\/admin-ajax.php?action=bwg_frontend_data\">          <div id=\"bwg_container3_2\" class=\"bwg-background bwg-background-2\">                <div data-max-count=\"5\"         data-thumbnail-width=\"250\"         data-bwg=\"2\"         data-gallery-id=\"20\"         data-lightbox-url=\"http:\/\/cmpaix.eu\/fr\/wp-admin\/admin-ajax.php?action=GalleryBox&amp;current_view=2&amp;gallery_id=20&amp;tag=0&amp;theme_id=1&amp;shortcode_id=36&amp;sort_by=order&amp;order_by=asc&amp;current_url=%2Ffr%2Fwp-json%2Fwp%2Fv2%2Fposts%2F11258\"         id=\"bwg_thumbnails_2\"         class=\"bwg-container-2 bwg-thumbnails bwg-standard-thumbnails bwg-container bwg-border-box\">            <div class=\"bwg-item\">        <a class=\"bwg-a  bwg_lightbox\"  data-image-id=\"229\" href=\"http:\/\/cmpaix.eu\/fr\/wp-content\/uploads\/photo-gallery\/conf3-001.jpg?bwg=1675692757\" data-elementor-open-lightbox=\"no\">                <div class=\"bwg-item0 \">          <div class=\"bwg-item1 bwg-zoom-effect\">            <div class=\"bwg-item2\">              <img decoding=\"async\" class=\"lazyload skip-lazy bwg_standart_thumb_img_2 \"                   data-id=\"229\"                   data-width=\"500.00\"                   data-height=\"334.00\"                   data-src=\"http:\/\/cmpaix.eu\/fr\/wp-content\/uploads\/photo-gallery\/thumb\/conf3-001.jpg?bwg=1675692757\"                   src=\"data:image\/svg+xml,%3Csvg%20xmlns%3D%27http%3A%2F%2Fwww.w3.org%2F2000%2Fsvg%27%20width%3D%27500%27%20height%3D%27334%27%20viewBox%3D%270%200%20500%20334%27%3E%3Crect%20width%3D%27500%27%20height%3D%27334%27%20fill-opacity%3D%220%22%2F%3E%3C%2Fsvg%3E\" data-orig-src=\"http:\/\/cmpaix.eu\/fr\/wp-content\/uploads\/photo-gallery\/thumb\/conf3-001.jpg?bwg=1675692757\"                   alt=\"Colloque franco-allemand - table-ronde Environnement \u2013 Energie\"                   title=\"Colloque franco-allemand - table-ronde Environnement \u2013 Energie\" \/>            <\/div>            <div class=\"bwg-zoom-effect-overlay\">              <div class=\"bwg-title1\"><div class=\"bwg-title2\">Colloque franco-allemand - table-ronde Environnement \u2013 Energie<\/div><\/div>                                        <\/div>          <\/div>        <\/div>                        <\/a>              <\/div>            <div class=\"bwg-item\">        <a class=\"bwg-a  bwg_lightbox\"  data-image-id=\"230\" href=\"http:\/\/cmpaix.eu\/fr\/wp-content\/uploads\/photo-gallery\/conf3-002.jpg?bwg=1675692757\" data-elementor-open-lightbox=\"no\">                <div class=\"bwg-item0 \">          <div class=\"bwg-item1 bwg-zoom-effect\">            <div class=\"bwg-item2\">              <img decoding=\"async\" class=\"lazyload skip-lazy bwg_standart_thumb_img_2 \"                   data-id=\"230\"                   data-width=\"500.00\"                   data-height=\"334.00\"                   data-src=\"http:\/\/cmpaix.eu\/fr\/wp-content\/uploads\/photo-gallery\/thumb\/conf3-002.jpg?bwg=1675692757\"                   src=\"data:image\/svg+xml,%3Csvg%20xmlns%3D%27http%3A%2F%2Fwww.w3.org%2F2000%2Fsvg%27%20width%3D%27500%27%20height%3D%27334%27%20viewBox%3D%270%200%20500%20334%27%3E%3Crect%20width%3D%27500%27%20height%3D%27334%27%20fill-opacity%3D%220%22%2F%3E%3C%2Fsvg%3E\" data-orig-src=\"http:\/\/cmpaix.eu\/fr\/wp-content\/uploads\/photo-gallery\/thumb\/conf3-002.jpg?bwg=1675692757\"                   alt=\"Colloque franco-allemand - table-ronde Environnement \u2013 Energie\"                   title=\"Colloque franco-allemand - table-ronde Environnement \u2013 Energie\" \/>            <\/div>            <div class=\"bwg-zoom-effect-overlay\">              <div class=\"bwg-title1\"><div class=\"bwg-title2\">Colloque franco-allemand - table-ronde Environnement \u2013 Energie<\/div><\/div>                                        <\/div>          <\/div>        <\/div>                        <\/a>              <\/div>            <div class=\"bwg-item\">        <a class=\"bwg-a  bwg_lightbox\"  data-image-id=\"231\" href=\"http:\/\/cmpaix.eu\/fr\/wp-content\/uploads\/photo-gallery\/conf3-003.jpg?bwg=1675692757\" data-elementor-open-lightbox=\"no\">                <div class=\"bwg-item0 \">          <div class=\"bwg-item1 bwg-zoom-effect\">            <div class=\"bwg-item2\">              <img decoding=\"async\" class=\"lazyload skip-lazy bwg_standart_thumb_img_2 \"                   data-id=\"231\"                   data-width=\"500.00\"                   data-height=\"334.00\"                   data-src=\"http:\/\/cmpaix.eu\/fr\/wp-content\/uploads\/photo-gallery\/thumb\/conf3-003.jpg?bwg=1675692757\"                   src=\"data:image\/svg+xml,%3Csvg%20xmlns%3D%27http%3A%2F%2Fwww.w3.org%2F2000%2Fsvg%27%20width%3D%27500%27%20height%3D%27334%27%20viewBox%3D%270%200%20500%20334%27%3E%3Crect%20width%3D%27500%27%20height%3D%27334%27%20fill-opacity%3D%220%22%2F%3E%3C%2Fsvg%3E\" data-orig-src=\"http:\/\/cmpaix.eu\/fr\/wp-content\/uploads\/photo-gallery\/thumb\/conf3-003.jpg?bwg=1675692757\"                   alt=\"Colloque franco-allemand - table-ronde Environnement \u2013 Energie\"                   title=\"Colloque franco-allemand - table-ronde Environnement \u2013 Energie\" \/>            <\/div>            <div class=\"bwg-zoom-effect-overlay\">              <div class=\"bwg-title1\"><div class=\"bwg-title2\">Colloque franco-allemand - table-ronde Environnement \u2013 Energie<\/div><\/div>                                        <\/div>          <\/div>        <\/div>                        <\/a>              <\/div>            <div class=\"bwg-item\">        <a class=\"bwg-a  bwg_lightbox\"  data-image-id=\"232\" href=\"http:\/\/cmpaix.eu\/fr\/wp-content\/uploads\/photo-gallery\/conf3-004.jpg?bwg=1675692757\" data-elementor-open-lightbox=\"no\">                <div class=\"bwg-item0 \">          <div class=\"bwg-item1 bwg-zoom-effect\">            <div class=\"bwg-item2\">              <img decoding=\"async\" class=\"lazyload skip-lazy bwg_standart_thumb_img_2 \"                   data-id=\"232\"                   data-width=\"500.00\"                   data-height=\"334.00\"                   data-src=\"http:\/\/cmpaix.eu\/fr\/wp-content\/uploads\/photo-gallery\/thumb\/conf3-004.jpg?bwg=1675692757\"                   src=\"data:image\/svg+xml,%3Csvg%20xmlns%3D%27http%3A%2F%2Fwww.w3.org%2F2000%2Fsvg%27%20width%3D%27500%27%20height%3D%27334%27%20viewBox%3D%270%200%20500%20334%27%3E%3Crect%20width%3D%27500%27%20height%3D%27334%27%20fill-opacity%3D%220%22%2F%3E%3C%2Fsvg%3E\" data-orig-src=\"http:\/\/cmpaix.eu\/fr\/wp-content\/uploads\/photo-gallery\/thumb\/conf3-004.jpg?bwg=1675692757\"                   alt=\"Colloque franco-allemand - table-ronde Environnement \u2013 Energie\"                   title=\"Colloque franco-allemand - table-ronde Environnement \u2013 Energie\" \/>            <\/div>            <div class=\"bwg-zoom-effect-overlay\">              <div class=\"bwg-title1\"><div class=\"bwg-title2\">Colloque franco-allemand - table-ronde Environnement \u2013 Energie<\/div><\/div>                                        <\/div>          <\/div>        <\/div>                        <\/a>              <\/div>            <div class=\"bwg-item\">        <a class=\"bwg-a  bwg_lightbox\"  data-image-id=\"233\" href=\"http:\/\/cmpaix.eu\/fr\/wp-content\/uploads\/photo-gallery\/conf3-005.jpg?bwg=1675692757\" data-elementor-open-lightbox=\"no\">                <div class=\"bwg-item0 \">          <div class=\"bwg-item1 bwg-zoom-effect\">            <div class=\"bwg-item2\">              <img decoding=\"async\" class=\"lazyload skip-lazy bwg_standart_thumb_img_2 \"                   data-id=\"233\"                   data-width=\"500.00\"                   data-height=\"334.00\"                   data-src=\"http:\/\/cmpaix.eu\/fr\/wp-content\/uploads\/photo-gallery\/thumb\/conf3-005.jpg?bwg=1675692757\"                   src=\"data:image\/svg+xml,%3Csvg%20xmlns%3D%27http%3A%2F%2Fwww.w3.org%2F2000%2Fsvg%27%20width%3D%27500%27%20height%3D%27334%27%20viewBox%3D%270%200%20500%20334%27%3E%3Crect%20width%3D%27500%27%20height%3D%27334%27%20fill-opacity%3D%220%22%2F%3E%3C%2Fsvg%3E\" data-orig-src=\"http:\/\/cmpaix.eu\/fr\/wp-content\/uploads\/photo-gallery\/thumb\/conf3-005.jpg?bwg=1675692757\"                   alt=\"Colloque franco-allemand - table-ronde Environnement \u2013 Energie\"                   title=\"Colloque franco-allemand - table-ronde Environnement \u2013 Energie\" \/>            <\/div>            <div class=\"bwg-zoom-effect-overlay\">              <div class=\"bwg-title1\"><div class=\"bwg-title2\">Colloque franco-allemand - table-ronde Environnement \u2013 Energie<\/div><\/div>                                        <\/div>          <\/div>        <\/div>                        <\/a>              <\/div>            <div class=\"bwg-item\">        <a class=\"bwg-a  bwg_lightbox\"  data-image-id=\"234\" href=\"http:\/\/cmpaix.eu\/fr\/wp-content\/uploads\/photo-gallery\/conf3-006.jpg?bwg=1675692757\" data-elementor-open-lightbox=\"no\">                <div class=\"bwg-item0 \">          <div class=\"bwg-item1 bwg-zoom-effect\">            <div class=\"bwg-item2\">              <img decoding=\"async\" class=\"lazyload skip-lazy bwg_standart_thumb_img_2 \"                   data-id=\"234\"                   data-width=\"500.00\"                   data-height=\"334.00\"                   data-src=\"http:\/\/cmpaix.eu\/fr\/wp-content\/uploads\/photo-gallery\/thumb\/conf3-006.jpg?bwg=1675692757\"                   src=\"data:image\/svg+xml,%3Csvg%20xmlns%3D%27http%3A%2F%2Fwww.w3.org%2F2000%2Fsvg%27%20width%3D%27500%27%20height%3D%27334%27%20viewBox%3D%270%200%20500%20334%27%3E%3Crect%20width%3D%27500%27%20height%3D%27334%27%20fill-opacity%3D%220%22%2F%3E%3C%2Fsvg%3E\" data-orig-src=\"http:\/\/cmpaix.eu\/fr\/wp-content\/uploads\/photo-gallery\/thumb\/conf3-006.jpg?bwg=1675692757\"                   alt=\"Colloque franco-allemand - table-ronde Environnement \u2013 Energie\"                   title=\"Colloque franco-allemand - table-ronde Environnement \u2013 Energie\" \/>            <\/div>            <div class=\"bwg-zoom-effect-overlay\">              <div class=\"bwg-title1\"><div class=\"bwg-title2\">Colloque franco-allemand - table-ronde Environnement \u2013 Energie<\/div><\/div>                                        <\/div>          <\/div>        <\/div>                        <\/a>              <\/div>            <div class=\"bwg-item\">        <a class=\"bwg-a  bwg_lightbox\"  data-image-id=\"235\" href=\"http:\/\/cmpaix.eu\/fr\/wp-content\/uploads\/photo-gallery\/conf3-007.jpg?bwg=1675692757\" data-elementor-open-lightbox=\"no\">                <div class=\"bwg-item0 \">          <div class=\"bwg-item1 bwg-zoom-effect\">            <div class=\"bwg-item2\">              <img decoding=\"async\" class=\"lazyload skip-lazy bwg_standart_thumb_img_2 \"                   data-id=\"235\"                   data-width=\"500.00\"                   data-height=\"334.00\"                   data-src=\"http:\/\/cmpaix.eu\/fr\/wp-content\/uploads\/photo-gallery\/thumb\/conf3-007.jpg?bwg=1675692757\"                   src=\"data:image\/svg+xml,%3Csvg%20xmlns%3D%27http%3A%2F%2Fwww.w3.org%2F2000%2Fsvg%27%20width%3D%27500%27%20height%3D%27334%27%20viewBox%3D%270%200%20500%20334%27%3E%3Crect%20width%3D%27500%27%20height%3D%27334%27%20fill-opacity%3D%220%22%2F%3E%3C%2Fsvg%3E\" data-orig-src=\"http:\/\/cmpaix.eu\/fr\/wp-content\/uploads\/photo-gallery\/thumb\/conf3-007.jpg?bwg=1675692757\"                   alt=\"Colloque franco-allemand - table-ronde Environnement \u2013 Energie\"                   title=\"Colloque franco-allemand - table-ronde Environnement \u2013 Energie\" \/>            <\/div>            <div class=\"bwg-zoom-effect-overlay\">              <div class=\"bwg-title1\"><div class=\"bwg-title2\">Colloque franco-allemand - table-ronde Environnement \u2013 Energie<\/div><\/div>                                        <\/div>          <\/div>        <\/div>                        <\/a>              <\/div>            <div class=\"bwg-item\">        <a class=\"bwg-a  bwg_lightbox\"  data-image-id=\"236\" href=\"http:\/\/cmpaix.eu\/fr\/wp-content\/uploads\/photo-gallery\/conf3-008.jpg?bwg=1675692757\" data-elementor-open-lightbox=\"no\">                <div class=\"bwg-item0 \">          <div class=\"bwg-item1 bwg-zoom-effect\">            <div class=\"bwg-item2\">              <img decoding=\"async\" class=\"lazyload skip-lazy bwg_standart_thumb_img_2 \"                   data-id=\"236\"                   data-width=\"500.00\"                   data-height=\"334.00\"                   data-src=\"http:\/\/cmpaix.eu\/fr\/wp-content\/uploads\/photo-gallery\/thumb\/conf3-008.jpg?bwg=1675692757\"                   src=\"data:image\/svg+xml,%3Csvg%20xmlns%3D%27http%3A%2F%2Fwww.w3.org%2F2000%2Fsvg%27%20width%3D%27500%27%20height%3D%27334%27%20viewBox%3D%270%200%20500%20334%27%3E%3Crect%20width%3D%27500%27%20height%3D%27334%27%20fill-opacity%3D%220%22%2F%3E%3C%2Fsvg%3E\" data-orig-src=\"http:\/\/cmpaix.eu\/fr\/wp-content\/uploads\/photo-gallery\/thumb\/conf3-008.jpg?bwg=1675692757\"                   alt=\"Colloque franco-allemand - table-ronde Environnement \u2013 Energie\"                   title=\"Colloque franco-allemand - table-ronde Environnement \u2013 Energie\" \/>            <\/div>            <div class=\"bwg-zoom-effect-overlay\">              <div class=\"bwg-title1\"><div class=\"bwg-title2\">Colloque franco-allemand - table-ronde Environnement \u2013 Energie<\/div><\/div>                                        <\/div>          <\/div>        <\/div>                        <\/a>              <\/div>            <div class=\"bwg-item\">        <a class=\"bwg-a  bwg_lightbox\"  data-image-id=\"237\" href=\"http:\/\/cmpaix.eu\/fr\/wp-content\/uploads\/photo-gallery\/conf3-009.jpg?bwg=1675692757\" data-elementor-open-lightbox=\"no\">                <div class=\"bwg-item0 \">          <div class=\"bwg-item1 bwg-zoom-effect\">            <div class=\"bwg-item2\">              <img decoding=\"async\" class=\"lazyload skip-lazy bwg_standart_thumb_img_2 \"                   data-id=\"237\"                   data-width=\"500.00\"                   data-height=\"334.00\"                   data-src=\"http:\/\/cmpaix.eu\/fr\/wp-content\/uploads\/photo-gallery\/thumb\/conf3-009.jpg?bwg=1675692757\"                   src=\"data:image\/svg+xml,%3Csvg%20xmlns%3D%27http%3A%2F%2Fwww.w3.org%2F2000%2Fsvg%27%20width%3D%27500%27%20height%3D%27334%27%20viewBox%3D%270%200%20500%20334%27%3E%3Crect%20width%3D%27500%27%20height%3D%27334%27%20fill-opacity%3D%220%22%2F%3E%3C%2Fsvg%3E\" data-orig-src=\"http:\/\/cmpaix.eu\/fr\/wp-content\/uploads\/photo-gallery\/thumb\/conf3-009.jpg?bwg=1675692757\"                   alt=\"Colloque franco-allemand - table-ronde Environnement \u2013 Energie\"                   title=\"Colloque franco-allemand - table-ronde Environnement \u2013 Energie\" \/>            <\/div>            <div class=\"bwg-zoom-effect-overlay\">              <div class=\"bwg-title1\"><div class=\"bwg-title2\">Colloque franco-allemand - table-ronde Environnement \u2013 Energie<\/div><\/div>                                        <\/div>          <\/div>        <\/div>                        <\/a>              <\/div>            <div class=\"bwg-item\">        <a class=\"bwg-a  bwg_lightbox\"  data-image-id=\"238\" href=\"http:\/\/cmpaix.eu\/fr\/wp-content\/uploads\/photo-gallery\/conf3-010.jpg?bwg=1675692757\" data-elementor-open-lightbox=\"no\">                <div class=\"bwg-item0 \">          <div class=\"bwg-item1 bwg-zoom-effect\">            <div class=\"bwg-item2\">              <img decoding=\"async\" class=\"lazyload skip-lazy bwg_standart_thumb_img_2 \"                   data-id=\"238\"                   data-width=\"500.00\"                   data-height=\"334.00\"                   data-src=\"http:\/\/cmpaix.eu\/fr\/wp-content\/uploads\/photo-gallery\/thumb\/conf3-010.jpg?bwg=1675692757\"                   src=\"data:image\/svg+xml,%3Csvg%20xmlns%3D%27http%3A%2F%2Fwww.w3.org%2F2000%2Fsvg%27%20width%3D%27500%27%20height%3D%27334%27%20viewBox%3D%270%200%20500%20334%27%3E%3Crect%20width%3D%27500%27%20height%3D%27334%27%20fill-opacity%3D%220%22%2F%3E%3C%2Fsvg%3E\" data-orig-src=\"http:\/\/cmpaix.eu\/fr\/wp-content\/uploads\/photo-gallery\/thumb\/conf3-010.jpg?bwg=1675692757\"                   alt=\"Colloque franco-allemand - table-ronde Environnement \u2013 Energie\"                   title=\"Colloque franco-allemand - table-ronde Environnement \u2013 Energie\" \/>            <\/div>            <div class=\"bwg-zoom-effect-overlay\">              <div class=\"bwg-title1\"><div class=\"bwg-title2\">Colloque franco-allemand - table-ronde Environnement \u2013 Energie<\/div><\/div>                                        <\/div>          <\/div>        <\/div>                        <\/a>              <\/div>            <div class=\"bwg-item\">        <a class=\"bwg-a  bwg_lightbox\"  data-image-id=\"239\" href=\"http:\/\/cmpaix.eu\/fr\/wp-content\/uploads\/photo-gallery\/conf3-011.jpg?bwg=1675692757\" data-elementor-open-lightbox=\"no\">                <div class=\"bwg-item0 \">          <div class=\"bwg-item1 bwg-zoom-effect\">            <div class=\"bwg-item2\">              <img decoding=\"async\" class=\"lazyload skip-lazy bwg_standart_thumb_img_2 \"                   data-id=\"239\"                   data-width=\"500.00\"                   data-height=\"334.00\"                   data-src=\"http:\/\/cmpaix.eu\/fr\/wp-content\/uploads\/photo-gallery\/thumb\/conf3-011.jpg?bwg=1675692757\"                   src=\"data:image\/svg+xml,%3Csvg%20xmlns%3D%27http%3A%2F%2Fwww.w3.org%2F2000%2Fsvg%27%20width%3D%27500%27%20height%3D%27334%27%20viewBox%3D%270%200%20500%20334%27%3E%3Crect%20width%3D%27500%27%20height%3D%27334%27%20fill-opacity%3D%220%22%2F%3E%3C%2Fsvg%3E\" data-orig-src=\"http:\/\/cmpaix.eu\/fr\/wp-content\/uploads\/photo-gallery\/thumb\/conf3-011.jpg?bwg=1675692757\"                   alt=\"Colloque franco-allemand - table-ronde Environnement \u2013 Energie\"                   title=\"Colloque franco-allemand - table-ronde Environnement \u2013 Energie\" \/>            <\/div>            <div class=\"bwg-zoom-effect-overlay\">              <div class=\"bwg-title1\"><div class=\"bwg-title2\">Colloque franco-allemand - table-ronde Environnement \u2013 Energie<\/div><\/div>                                        <\/div>          <\/div>        <\/div>                        <\/a>              <\/div>            <div class=\"bwg-item\">        <a class=\"bwg-a  bwg_lightbox\"  data-image-id=\"240\" href=\"http:\/\/cmpaix.eu\/fr\/wp-content\/uploads\/photo-gallery\/conf3-012.jpg?bwg=1675692757\" data-elementor-open-lightbox=\"no\">                <div class=\"bwg-item0 \">          <div class=\"bwg-item1 bwg-zoom-effect\">            <div class=\"bwg-item2\">              <img decoding=\"async\" class=\"lazyload skip-lazy bwg_standart_thumb_img_2 \"                   data-id=\"240\"                   data-width=\"500.00\"                   data-height=\"334.00\"                   data-src=\"http:\/\/cmpaix.eu\/fr\/wp-content\/uploads\/photo-gallery\/thumb\/conf3-012.jpg?bwg=1675692757\"                   src=\"data:image\/svg+xml,%3Csvg%20xmlns%3D%27http%3A%2F%2Fwww.w3.org%2F2000%2Fsvg%27%20width%3D%27500%27%20height%3D%27334%27%20viewBox%3D%270%200%20500%20334%27%3E%3Crect%20width%3D%27500%27%20height%3D%27334%27%20fill-opacity%3D%220%22%2F%3E%3C%2Fsvg%3E\" data-orig-src=\"http:\/\/cmpaix.eu\/fr\/wp-content\/uploads\/photo-gallery\/thumb\/conf3-012.jpg?bwg=1675692757\"                   alt=\"Colloque franco-allemand - table-ronde Environnement \u2013 Energie\"                   title=\"Colloque franco-allemand - table-ronde Environnement \u2013 Energie\" \/>            <\/div>            <div class=\"bwg-zoom-effect-overlay\">              <div class=\"bwg-title1\"><div class=\"bwg-title2\">Colloque franco-allemand - table-ronde Environnement \u2013 Energie<\/div><\/div>                                        <\/div>          <\/div>        <\/div>                        <\/a>              <\/div>            <div class=\"bwg-item\">        <a class=\"bwg-a  bwg_lightbox\"  data-image-id=\"241\" href=\"http:\/\/cmpaix.eu\/fr\/wp-content\/uploads\/photo-gallery\/conf3-013.jpg?bwg=1675692757\" data-elementor-open-lightbox=\"no\">                <div class=\"bwg-item0 \">          <div class=\"bwg-item1 bwg-zoom-effect\">            <div class=\"bwg-item2\">              <img decoding=\"async\" class=\"lazyload skip-lazy bwg_standart_thumb_img_2 \"                   data-id=\"241\"                   data-width=\"500.00\"                   data-height=\"334.00\"                   data-src=\"http:\/\/cmpaix.eu\/fr\/wp-content\/uploads\/photo-gallery\/thumb\/conf3-013.jpg?bwg=1675692757\"                   src=\"data:image\/svg+xml,%3Csvg%20xmlns%3D%27http%3A%2F%2Fwww.w3.org%2F2000%2Fsvg%27%20width%3D%27500%27%20height%3D%27334%27%20viewBox%3D%270%200%20500%20334%27%3E%3Crect%20width%3D%27500%27%20height%3D%27334%27%20fill-opacity%3D%220%22%2F%3E%3C%2Fsvg%3E\" data-orig-src=\"http:\/\/cmpaix.eu\/fr\/wp-content\/uploads\/photo-gallery\/thumb\/conf3-013.jpg?bwg=1675692757\"                   alt=\"Colloque franco-allemand - table-ronde Environnement \u2013 Energie\"                   title=\"Colloque franco-allemand - table-ronde Environnement \u2013 Energie\" \/>            <\/div>            <div class=\"bwg-zoom-effect-overlay\">              <div class=\"bwg-title1\"><div class=\"bwg-title2\">Colloque franco-allemand - table-ronde Environnement \u2013 Energie<\/div><\/div>                                        <\/div>          <\/div>        <\/div>                        <\/a>              <\/div>            <div class=\"bwg-item\">        <a class=\"bwg-a  bwg_lightbox\"  data-image-id=\"242\" href=\"http:\/\/cmpaix.eu\/fr\/wp-content\/uploads\/photo-gallery\/conf3-014.jpg?bwg=1675692757\" data-elementor-open-lightbox=\"no\">                <div class=\"bwg-item0 \">          <div class=\"bwg-item1 bwg-zoom-effect\">            <div class=\"bwg-item2\">              <img decoding=\"async\" class=\"lazyload skip-lazy bwg_standart_thumb_img_2 \"                   data-id=\"242\"                   data-width=\"500.00\"                   data-height=\"334.00\"                   data-src=\"http:\/\/cmpaix.eu\/fr\/wp-content\/uploads\/photo-gallery\/thumb\/conf3-014.jpg?bwg=1675692757\"                   src=\"data:image\/svg+xml,%3Csvg%20xmlns%3D%27http%3A%2F%2Fwww.w3.org%2F2000%2Fsvg%27%20width%3D%27500%27%20height%3D%27334%27%20viewBox%3D%270%200%20500%20334%27%3E%3Crect%20width%3D%27500%27%20height%3D%27334%27%20fill-opacity%3D%220%22%2F%3E%3C%2Fsvg%3E\" data-orig-src=\"http:\/\/cmpaix.eu\/fr\/wp-content\/uploads\/photo-gallery\/thumb\/conf3-014.jpg?bwg=1675692757\"                   alt=\"Colloque franco-allemand - table-ronde Environnement \u2013 Energie\"                   title=\"Colloque franco-allemand - table-ronde Environnement \u2013 Energie\" \/>            <\/div>            <div class=\"bwg-zoom-effect-overlay\">              <div class=\"bwg-title1\"><div class=\"bwg-title2\">Colloque franco-allemand - table-ronde Environnement \u2013 Energie<\/div><\/div>                                        <\/div>          <\/div>        <\/div>                        <\/a>              <\/div>            <div class=\"bwg-item\">        <a class=\"bwg-a  bwg_lightbox\"  data-image-id=\"243\" href=\"http:\/\/cmpaix.eu\/fr\/wp-content\/uploads\/photo-gallery\/conf3-015.jpg?bwg=1675692757\" data-elementor-open-lightbox=\"no\">                <div class=\"bwg-item0 \">          <div class=\"bwg-item1 bwg-zoom-effect\">            <div class=\"bwg-item2\">              <img decoding=\"async\" class=\"lazyload skip-lazy bwg_standart_thumb_img_2 \"                   data-id=\"243\"                   data-width=\"500.00\"                   data-height=\"334.00\"                   data-src=\"http:\/\/cmpaix.eu\/fr\/wp-content\/uploads\/photo-gallery\/thumb\/conf3-015.jpg?bwg=1675692757\"                   src=\"data:image\/svg+xml,%3Csvg%20xmlns%3D%27http%3A%2F%2Fwww.w3.org%2F2000%2Fsvg%27%20width%3D%27500%27%20height%3D%27334%27%20viewBox%3D%270%200%20500%20334%27%3E%3Crect%20width%3D%27500%27%20height%3D%27334%27%20fill-opacity%3D%220%22%2F%3E%3C%2Fsvg%3E\" data-orig-src=\"http:\/\/cmpaix.eu\/fr\/wp-content\/uploads\/photo-gallery\/thumb\/conf3-015.jpg?bwg=1675692757\"                   alt=\"Colloque franco-allemand - table-ronde Environnement \u2013 Energie\"                   title=\"Colloque franco-allemand - table-ronde Environnement \u2013 Energie\" \/>            <\/div>            <div class=\"bwg-zoom-effect-overlay\">              <div class=\"bwg-title1\"><div class=\"bwg-title2\">Colloque franco-allemand - table-ronde Environnement \u2013 Energie<\/div><\/div>                                        <\/div>          <\/div>        <\/div>                        <\/a>              <\/div>            <div class=\"bwg-item\">        <a class=\"bwg-a  bwg_lightbox\"  data-image-id=\"244\" href=\"http:\/\/cmpaix.eu\/fr\/wp-content\/uploads\/photo-gallery\/conf3-016.jpg?bwg=1675692757\" data-elementor-open-lightbox=\"no\">                <div class=\"bwg-item0 \">          <div class=\"bwg-item1 bwg-zoom-effect\">            <div class=\"bwg-item2\">              <img decoding=\"async\" class=\"lazyload skip-lazy bwg_standart_thumb_img_2 \"                   data-id=\"244\"                   data-width=\"500.00\"                   data-height=\"334.00\"                   data-src=\"http:\/\/cmpaix.eu\/fr\/wp-content\/uploads\/photo-gallery\/thumb\/conf3-016.jpg?bwg=1675692757\"                   src=\"data:image\/svg+xml,%3Csvg%20xmlns%3D%27http%3A%2F%2Fwww.w3.org%2F2000%2Fsvg%27%20width%3D%27500%27%20height%3D%27334%27%20viewBox%3D%270%200%20500%20334%27%3E%3Crect%20width%3D%27500%27%20height%3D%27334%27%20fill-opacity%3D%220%22%2F%3E%3C%2Fsvg%3E\" data-orig-src=\"http:\/\/cmpaix.eu\/fr\/wp-content\/uploads\/photo-gallery\/thumb\/conf3-016.jpg?bwg=1675692757\"                   alt=\"Colloque franco-allemand - table-ronde Environnement \u2013 Energie\"                   title=\"Colloque franco-allemand - table-ronde Environnement \u2013 Energie\" \/>            <\/div>            <div class=\"bwg-zoom-effect-overlay\">              <div class=\"bwg-title1\"><div class=\"bwg-title2\">Colloque franco-allemand - table-ronde Environnement \u2013 Energie<\/div><\/div>                                        <\/div>          <\/div>        <\/div>                        <\/a>              <\/div>            <div class=\"bwg-item\">        <a class=\"bwg-a  bwg_lightbox\"  data-image-id=\"245\" href=\"http:\/\/cmpaix.eu\/fr\/wp-content\/uploads\/photo-gallery\/conf3-017.jpg?bwg=1675692757\" data-elementor-open-lightbox=\"no\">                <div class=\"bwg-item0 \">          <div class=\"bwg-item1 bwg-zoom-effect\">            <div class=\"bwg-item2\">              <img decoding=\"async\" class=\"lazyload skip-lazy bwg_standart_thumb_img_2 \"                   data-id=\"245\"                   data-width=\"500.00\"                   data-height=\"334.00\"                   data-src=\"http:\/\/cmpaix.eu\/fr\/wp-content\/uploads\/photo-gallery\/thumb\/conf3-017.jpg?bwg=1675692757\"                   src=\"data:image\/svg+xml,%3Csvg%20xmlns%3D%27http%3A%2F%2Fwww.w3.org%2F2000%2Fsvg%27%20width%3D%27500%27%20height%3D%27334%27%20viewBox%3D%270%200%20500%20334%27%3E%3Crect%20width%3D%27500%27%20height%3D%27334%27%20fill-opacity%3D%220%22%2F%3E%3C%2Fsvg%3E\" data-orig-src=\"http:\/\/cmpaix.eu\/fr\/wp-content\/uploads\/photo-gallery\/thumb\/conf3-017.jpg?bwg=1675692757\"                   alt=\"Colloque franco-allemand - table-ronde Environnement \u2013 Energie\"                   title=\"Colloque franco-allemand - table-ronde Environnement \u2013 Energie\" \/>            <\/div>            <div class=\"bwg-zoom-effect-overlay\">              <div class=\"bwg-title1\"><div class=\"bwg-title2\">Colloque franco-allemand - table-ronde Environnement \u2013 Energie<\/div><\/div>                                        <\/div>          <\/div>        <\/div>                        <\/a>              <\/div>          <\/div>    <style>      \/*pagination styles*\/      #bwg_container1_2 #bwg_container2_2 .tablenav-pages_2 {\t\t\t\ttext-align: center;\t\t\t\tfont-size: 12px;\t\t\t\tfont-family: Ubuntu;\t\t\t\tfont-weight: bold;\t\t\t\tcolor: #666666;\t\t\t\tmargin: 6px 0 4px;\t\t\t\tdisplay: block;      }      @media only screen and (max-width : 320px) {      #bwg_container1_2 #bwg_container2_2 .displaying-num_2 {     \t display: none;      }      }      #bwg_container1_2 #bwg_container2_2 .displaying-num_2 {\t\t\t\tfont-size: 12px;\t\t\t\tfont-family: Ubuntu;\t\t\t\tfont-weight: bold;\t\t\t\tcolor: #666666;\t\t\t\tmargin-right: 10px;\t\t\t\tvertical-align: middle;      }      #bwg_container1_2 #bwg_container2_2 .paging-input_2 {\t\t\t\tfont-size: 12px;\t\t\t\tfont-family: Ubuntu;\t\t\t\tfont-weight: bold;\t\t\t\tcolor: #666666;\t\t\t\tvertical-align: middle;      }      #bwg_container1_2 #bwg_container2_2 .tablenav-pages_2 a.disabled,      #bwg_container1_2 #bwg_container2_2 .tablenav-pages_2 a.disabled:hover,      #bwg_container1_2 #bwg_container2_2 .tablenav-pages_2 a.disabled:focus,\t\t\t#bwg_container1_2 #bwg_container2_2 .tablenav-pages_2 input.bwg_current_page {\t\t\t\tcursor: default;\t\t\t\tcolor: rgba(102, 102, 102, 0.5);      }      #bwg_container1_2 #bwg_container2_2 .tablenav-pages_2 a,      #bwg_container1_2 #bwg_container2_2 .tablenav-pages_2 input.bwg_current_page {\t\t\t\tcursor: pointer;\t\t\t\ttext-align: center;\t\t\t\tfont-size: 12px;\t\t\t\tfont-family: Ubuntu;\t\t\t\tfont-weight: bold;\t\t\t\tcolor: #666666;\t\t\t\ttext-decoration: none;\t\t\t\tpadding: 3px 6px;\t\t\t\tmargin: 0;\t\t\t\tborder-radius: 0;\t\t\t\tborder-style: solid;\t\t\t\tborder-width: 1px;\t\t\t\tborder-color: #E3E3E3;\t\t\t\t\t\t\t\tbackground-color: rgba(255, 255, 255, 1.00);\t\t\t\tbox-shadow: 0;\t\t\t\ttransition: all 0.3s ease 0s;-webkit-transition: all 0.3s ease 0s;      }      <\/style>      <span class=\"bwg_nav_cont_2\">              <div class=\"tablenav-pages_2\">                  <\/div>                <input type=\"hidden\" id=\"page_number_2\" name=\"page_number_2\" value=\"1\" \/>      <script type=\"text\/javascript\">        if( jQuery('.bwg_nav_cont_2').length > 1 ) {          jQuery('.bwg_nav_cont_2').first().remove()        }        function spider_page_2(cur, x, y, load_more) {          if (typeof load_more == \"undefined\") {            var load_more = false;          }          if (jQuery(cur).hasClass('disabled')) {            return false;          }          var items_county_2 = 1;          switch (y) {            case 1:              if (x >= items_county_2) {                document.getElementById('page_number_2').value = items_county_2;              }              else {                document.getElementById('page_number_2').value = x + 1;              }              break;            case 2:              document.getElementById('page_number_2').value = items_county_2;              break;            case -1:              if (x == 1) {                document.getElementById('page_number_2').value = 1;              }              else {                document.getElementById('page_number_2').value = x - 1;              }              break;            case -2:              document.getElementById('page_number_2').value = 1;              break;\t\t\t\t\t\tcase 0:              document.getElementById('page_number_2').value = x;              break;            default:              document.getElementById('page_number_2').value = 1;          }          bwg_ajax('gal_front_form_2', '2', 'bwg_thumbnails_2', '0', '', 'gallery', 0, '', '', load_more, '', 1);        }                    jQuery('.first-page-2').on('click', function () {              spider_page_2(this, 1, -2, 'numeric');              return false;            });            jQuery('.prev-page-2').on('click', function () {              spider_page_2(this, 1, -1, 'numeric');              return false;            });            jQuery('.next-page-2').on('click', function () {              spider_page_2(this, 1, 1, 'numeric');              return false;            });            jQuery('.last-page-2').on('click', function () {              spider_page_2(this, 1, 2, 'numeric');              return false;            });        \t\t\t\t\/* Change page on input enter. *\/        function bwg_change_page_2( e, that ) {          if (  e.key == 'Enter' ) {            var to_page = parseInt(jQuery(that).val());            var pages_count = jQuery(that).parents(\".pagination-links\").data(\"pages-count\");            var current_url_param = jQuery(that).attr('data-url-info');            if (to_page > pages_count) {              to_page = 1;            }\t \t\t\t\t\t\t\t\t\t\t\t\tspider_page_2(this, to_page, 0, 'numeric');\t\t\t\t\t\t\treturn false;\t\t\t\t\t\t          }          return true;        }        jQuery('.bwg_load_btn_2').on('click', function () {            spider_page_2(this, 1, 1, true);            return false;        });      <\/script>      <\/span>                <\/div>        <\/form>        <style>          #bwg_container1_2 #bwg_container2_2 #spider_popup_overlay_2 {          background-color: #EEEEEE;          opacity: 0.60;          }          <\/style>        <div id=\"bwg_spider_popup_loading_2\" class=\"bwg_spider_popup_loading\"><\/div>        <div id=\"spider_popup_overlay_2\" class=\"spider_popup_overlay\" onclick=\"spider_destroypopup(1000)\"><\/div>        <input type=\"hidden\" id=\"bwg_random_seed_2\" value=\"821454691\">                <\/div>    <\/div>    <script>      if (document.readyState === 'complete') {        if( typeof bwg_main_ready == 'function' ) {          if ( jQuery(\"#bwg_container1_2\").height() ) {            bwg_main_ready(jQuery(\"#bwg_container1_2\"));          }        }      } else {        document.addEventListener('DOMContentLoaded', function() {          if( typeof bwg_main_ready == 'function' ) {            if ( jQuery(\"#bwg_container1_2\").height() ) {             bwg_main_ready(jQuery(\"#bwg_container1_2\"));            }          }        });      }    <\/script>    ","protected":false},"excerpt":{"rendered":"<p>Im Rahmen des 60. Jahrestags des Elys\u00e9e-Vertrags TAG DES DEUTSCH-FRANZ\u00d6ZISCHEN AUSTAUSCHES Hinter 60 Jahren Freundschaft stehen 3 wichtige deutsch-franz\u00f6sische Fragen in Partnerschaft mit ARTE Freitag, 20. Januar 2023 Centre Mondial de la Paix, des libert\u00e9s et des droits de l&rsquo;Homme &#8211; Verdun &nbsp; &nbsp; PROGRAMM &nbsp;franz\u00f6sische Version &nbsp; 10:00 Uhr  [&#8230;]<\/p>\n","protected":false},"author":1,"featured_media":0,"comment_status":"closed","ping_status":"closed","sticky":false,"template":"","format":"standard","meta":{"ngg_post_thumbnail":0,"footnotes":""},"categories":[1],"tags":[],"class_list":["post-11258","post","type-post","status-publish","format-standard","hentry","category-non-classe"],"_links":{"self":[{"href":"http:\/\/cmpaix.eu\/fr\/wp-json\/wp\/v2\/posts\/11258","targetHints":{"allow":["GET"]}}],"collection":[{"href":"http:\/\/cmpaix.eu\/fr\/wp-json\/wp\/v2\/posts"}],"about":[{"href":"http:\/\/cmpaix.eu\/fr\/wp-json\/wp\/v2\/types\/post"}],"author":[{"embeddable":true,"href":"http:\/\/cmpaix.eu\/fr\/wp-json\/wp\/v2\/users\/1"}],"replies":[{"embeddable":true,"href":"http:\/\/cmpaix.eu\/fr\/wp-json\/wp\/v2\/comments?post=11258"}],"version-history":[{"count":7,"href":"http:\/\/cmpaix.eu\/fr\/wp-json\/wp\/v2\/posts\/11258\/revisions"}],"predecessor-version":[{"id":11413,"href":"http:\/\/cmpaix.eu\/fr\/wp-json\/wp\/v2\/posts\/11258\/revisions\/11413"}],"wp:attachment":[{"href":"http:\/\/cmpaix.eu\/fr\/wp-json\/wp\/v2\/media?parent=11258"}],"wp:term":[{"taxonomy":"category","embeddable":true,"href":"http:\/\/cmpaix.eu\/fr\/wp-json\/wp\/v2\/categories?post=11258"},{"taxonomy":"post_tag","embeddable":true,"href":"http:\/\/cmpaix.eu\/fr\/wp-json\/wp\/v2\/tags?post=11258"}],"curies":[{"name":"wp","href":"https:\/\/api.w.org\/{rel}","templated":true}]}}