{"id":3907,"date":"2013-03-22T16:12:38","date_gmt":"2013-03-22T15:12:38","guid":{"rendered":"http:\/\/cmpaix.eu\/fr\/?p=3907"},"modified":"2013-05-08T10:56:00","modified_gmt":"2013-05-08T09:56:00","slug":"rencontre-internationale-de-paix-armenie-turquie-ukraine","status":"publish","type":"post","link":"http:\/\/cmpaix.eu\/fr\/rencontre-internationale-de-paix-armenie-turquie-ukraine\/","title":{"rendered":"Rencontre internationale de paix &#8211; Arm\u00e9nie Turquie Ukraine"},"content":{"rendered":"<p>Depuis sa cr\u00e9ation en 1994, le Centre Mondial de la Paix organise des rencontres internationales de paix, afin de faire travailler ensemble des jeunes issus de pays en conflit ou l\u2019ayant \u00e9t\u00e9. Dans le cadre d\u2019un programme adapt\u00e9 alternant des p\u00e9riodes de d\u00e9couverte, de r\u00e9flexion et d\u2019\u00e9changes, l\u2019objectif est de les faire vivre ensemble afin qu\u2019ils se parlent, se d\u00e9couvrent pour finalement mieux se comprendre et donc mieux s\u2019accepter. Un groupe d\u2019Allemands et de Fran\u00e7ais participe aussi \u00e0 ces rencontres, afin de t\u00e9moigner de la possibilit\u00e9 de vivre ensemble m\u00eame apr\u00e8s de s\u00e9rieux conflits.<\/p>\n<p><strong>Arm\u00e9nie-Turquie-Ukraine<\/strong><br \/>\nCette Rencontre internationale de paix a eu pour but de faire discuter Arm\u00e9niens et Turcs sur leur histoire commune et d\u2019envisager les voies vers un avenir apais\u00e9, comme peuvent l\u2019\u00eatre aujourd\u2019hui les relations entre l\u2019Allemagne et la France. Ce groupe de cinq jeunes Allemands, Arm\u00e9niens, Fran\u00e7ais, Turcs et Ukrainiens travaillera \u00e0 Verdun du 14 au 22 avril 2013.<\/p>\n<p>La relation entre l\u2019Arm\u00e9nie et la Turquie est fortement emprunte du lourd contentieux que constituent le massacre des Arm\u00e9niens des ann\u00e9es 1915-1916 et la question de sa reconnaissance.<br \/>\nL\u2019Ukraine a souffert du Holomodor (extermination par la faim) entre 1932 et 1933, famine provoqu\u00e9e \u00e0 travers l\u2019URSS et qui a particuli\u00e8rement touch\u00e9 le pays.<\/p>\n<p>Par une mise en parall\u00e8le avec l\u2019histoire franco-allemande et le processus de r\u00e9conciliation qui l\u2019a marqu\u00e9e depuis 1945, les cinq groupes (cinq Allemands, cinq Arm\u00e9niens, cinq Fran\u00e7ais, cinq Turcs et cinq Ukrainiens) travailleront les probl\u00e9matiques de la relation avec le voisin et les massacres, pour \u00e9baucher des perspectives constructives. Dans le cadre du cinquanti\u00e8me anniversaire du Trait\u00e9 de l\u2019Elys\u00e9e, l\u2019Allemagne et la France illustreront d\u2019autant plus cette possibilit\u00e9 de r\u00e9conciliation. Cet avenir est emprunt d\u2019aspirations europ\u00e9ennes et donc les probl\u00e9matiques de l\u2019\u00e9largissement et d\u2019int\u00e9gration seront aussi abord\u00e9es.<\/p>\n","protected":false},"excerpt":{"rendered":"<p>Depuis sa cr\u00e9ation en 1994, le Centre Mondial de la Paix organise des rencontres internationales de paix, afin de faire travailler ensemble des jeunes issus de pays en conflit ou l\u2019ayant \u00e9t\u00e9. Dans le cadre d\u2019un programme adapt\u00e9 alternant des p\u00e9riodes de d\u00e9couverte, de r\u00e9flexion et d\u2019\u00e9changes, l\u2019objectif est de  [&#8230;]<\/p>\n","protected":false},"author":1,"featured_media":3632,"comment_status":"closed","ping_status":"closed","sticky":false,"template":"","format":"standard","meta":{"ngg_post_thumbnail":0,"footnotes":""},"categories":[38],"tags":[],"class_list":["post-3907","post","type-post","status-publish","format-standard","has-post-thumbnail","hentry","category-rencontre-internationale-de-paix"],"_links":{"self":[{"href":"http:\/\/cmpaix.eu\/fr\/wp-json\/wp\/v2\/posts\/3907","targetHints":{"allow":["GET"]}}],"collection":[{"href":"http:\/\/cmpaix.eu\/fr\/wp-json\/wp\/v2\/posts"}],"about":[{"href":"http:\/\/cmpaix.eu\/fr\/wp-json\/wp\/v2\/types\/post"}],"author":[{"embeddable":true,"href":"http:\/\/cmpaix.eu\/fr\/wp-json\/wp\/v2\/users\/1"}],"replies":[{"embeddable":true,"href":"http:\/\/cmpaix.eu\/fr\/wp-json\/wp\/v2\/comments?post=3907"}],"version-history":[{"count":4,"href":"http:\/\/cmpaix.eu\/fr\/wp-json\/wp\/v2\/posts\/3907\/revisions"}],"predecessor-version":[{"id":4361,"href":"http:\/\/cmpaix.eu\/fr\/wp-json\/wp\/v2\/posts\/3907\/revisions\/4361"}],"wp:featuredmedia":[{"embeddable":true,"href":"http:\/\/cmpaix.eu\/fr\/wp-json\/wp\/v2\/media\/3632"}],"wp:attachment":[{"href":"http:\/\/cmpaix.eu\/fr\/wp-json\/wp\/v2\/media?parent=3907"}],"wp:term":[{"taxonomy":"category","embeddable":true,"href":"http:\/\/cmpaix.eu\/fr\/wp-json\/wp\/v2\/categories?post=3907"},{"taxonomy":"post_tag","embeddable":true,"href":"http:\/\/cmpaix.eu\/fr\/wp-json\/wp\/v2\/tags?post=3907"}],"curies":[{"name":"wp","href":"https:\/\/api.w.org\/{rel}","templated":true}]}}