{"id":5313,"date":"2013-08-13T15:17:29","date_gmt":"2013-08-13T13:17:29","guid":{"rendered":"http:\/\/cmpaix.eu\/fr\/?p=5313"},"modified":"2021-09-29T17:06:20","modified_gmt":"2021-09-29T15:06:20","slug":"regards-croises-sur-le-mali","status":"publish","type":"post","link":"http:\/\/cmpaix.eu\/fr\/regards-croises-sur-le-mali\/","title":{"rendered":"Regards crois\u00e9s sur le Mali"},"content":{"rendered":"<p>Photographies portraits noir&#038;blanc de Daniel VAUTHIER et photographies de l&rsquo;ECPAD<br \/>\nJusqu&rsquo;au 6 f\u00e9vrier 2014<\/p>\n<p>Moins d\u2019un mois apr\u00e8s leur descente des Champs Elys\u00e9es devant plus de 9 millions de spectateurs et t\u00e9l\u00e9spectateurs, les acteurs de l\u2019intervention au Mali sont mis \u00e0 l\u2019honneur au Centre Mondial de la Paix, des libert\u00e9s et des droits de l\u2019Homme dans <strong>l\u2019exposition<\/strong> <strong><em>\u00ab Regards crois\u00e9s sur le Mali \u00bb<\/em><\/strong>.<\/p>\n<p>Au travers de <strong>80 photos<\/strong> rythm\u00e9es par le rappel des contextes politique et militaire, l\u2019exposition pr\u00e9sente les diff\u00e9rentes phases de <strong>l\u2019intervention au Mali<\/strong> dans le cadre de la MISMA (Mission internationale de soutien au Mali) qui visait \u00e0 permettre aux autorit\u00e9s de reprendre le contr\u00f4le des zones du nord de son territoire, tout en pr\u00e9servant la population civile. <\/p>\n<p>Des <strong>liesses de joie des Maliens<\/strong> \u00e0 l\u2019arriv\u00e9e des troupes fran\u00e7aises et africaines aux <strong>combats dans l&rsquo;Adrar des Ifoghas<\/strong>, chaque clich\u00e9 permet de se plonger dans une op\u00e9ration caract\u00e9ris\u00e9e par le mouvement, la surprise et la vitesse, mais aussi par une <strong>interactivit\u00e9 forte entre forces fran\u00e7aises et africaines<\/strong> unies dans les combats contre les groupes terroristes. <\/p>\n<p>En regard \u00e0 ces 80 clich\u00e9s,<strong> Daniel VAUTHIER<\/strong>, photographe lorrain, propose <strong>35 portraits noir et blanc<\/strong> de Maliens photographi\u00e9s avant l\u2019intervention au Mali. Plac\u00e9s en vis-\u00e0-vis, ils traduisent l\u2019immense espoir plac\u00e9 dans MISMA et MINUSMA (<em>Mission des Nations Unies au Mali<\/em>) pour l\u2019avenir de leur pays.<\/p>\n<p><strong>Cette exposition a \u00e9t\u00e9 possible gr\u00e2ce aux partenariats avec la Base de D\u00e9fense de Verdun, le CDEF <\/strong>(<em>Centre de Doctrine d\u2019Emploi des Forces<\/em>),<strong> de l\u2019ECPAD<\/strong> (<em>\u00c9tablissement de Communication et de Production Audiovisuelle de la D\u00e9fense<\/em>), <strong>du Conseil G\u00e9n\u00e9ral de Meuse et du Conseil R\u00e9gional de Lorraine<\/strong>.<\/p>\n<p><\/p>\n<h2><\/h2>\n<p><\/p>\n<p><em>L\u2019exposition \u00ab Regards crois\u00e9s sur le Mali \u00bb est \u00e0  d\u00e9couvrir<br \/>\nau Centre Mondial de la Paix, des libert\u00e9s et des droits de l\u2019Homme \u00e0 Verdun<br \/>\ndu 13 ao\u00fbt au 6 f\u00e9vrier 2014<\/p>\n<p>tous les jours sauf le lundi,<br \/>\n<\/em><\/p>\n<p>\n<a href=\"http:\/\/cmpaix.eu\/fr\/wp-content\/uploads\/2013\/09\/130829-dossier-de-presse-Regards-Crois\u00e9s-sur-le-Mali.pdf\"><img class=\"lazyload\" decoding=\"async\" src=\"data:image\/svg+xml,%3Csvg%20xmlns%3D%27http%3A%2F%2Fwww.w3.org%2F2000%2Fsvg%27%20width%3D%2740%27%20height%3D%2740%27%20viewBox%3D%270%200%2040%2040%27%3E%3Crect%20width%3D%2740%27%20height%3D%2740%27%20fill-opacity%3D%220%22%2F%3E%3C%2Fsvg%3E\" data-orig-src=\"http:\/\/cmpaix.eu\/fr\/wp-content\/uploads\/2013\/09\/fleche-vers-bas-telecharger.png\" width=\"40\" height=\"40\" \/>T\u00e9l\u00e9charger le dossier de presse de l&rsquo;exposition<\/a><br \/>\n<\/p>\n<h2><\/h2>\n<div class=\"fusion-fullwidth fullwidth-box fusion-builder-row-1 hundred-percent-fullwidth non-hundred-percent-height-scrolling\" style=\"--awb-border-radius-top-left:0px;--awb-border-radius-top-right:0px;--awb-border-radius-bottom-right:0px;--awb-border-radius-bottom-left:0px;--awb-overflow:visible;--awb-flex-wrap:wrap;\" ><div class=\"fusion-builder-row fusion-row\"><div class=\"fusion-layout-column fusion_builder_column fusion-builder-column-0 fusion_builder_column_1_1 1_1 fusion-one-full fusion-column-first fusion-column-last fusion-column-no-min-height\" style=\"--awb-bg-size:cover;--awb-margin-bottom:0px;\"><div class=\"fusion-column-wrapper fusion-flex-column-wrapper-legacy\"><div class=\"fusion-video fusion-youtube\" style=\"--awb-max-width:500px;--awb-max-height:500px;\"><div class=\"video-shortcode\"><div class=\"fluid-width-video-wrapper\" style=\"padding-top:100%;\" ><iframe title=\"YouTube video player 1\" src=\"https:\/\/www.youtube.com\/embed\/z7df9i4s2xI?wmode=transparent&autoplay=0&oida=1\" width=\"500\" height=\"500\" allowfullscreen allow=\"autoplay; clipboard-write; encrypted-media; gyroscope; picture-in-picture;\"><\/iframe><\/div><\/div><\/div>\n<div class=\"fusion-clearfix\"><\/div><\/div><\/div><div class=\"fusion-layout-column fusion_builder_column fusion-builder-column-1 fusion_builder_column_1_1 1_1 fusion-one-full fusion-column-first fusion-column-last fusion-column-no-min-height\" style=\"--awb-bg-size:cover;--awb-margin-bottom:0px;\"><div class=\"fusion-column-wrapper fusion-flex-column-wrapper-legacy\"><div class=\"fusion-video fusion-youtube\" style=\"--awb-max-width:500px;--awb-max-height:500px;\"><div class=\"video-shortcode\"><div class=\"fluid-width-video-wrapper\" style=\"padding-top:100%;\" ><iframe title=\"YouTube video player 2\" src=\"https:\/\/www.youtube.com\/embed\/keavOFh9zDM?wmode=transparent&autoplay=0&oida=1\" width=\"500\" height=\"500\" allowfullscreen allow=\"autoplay; clipboard-write; encrypted-media; gyroscope; picture-in-picture;\"><\/iframe><\/div><\/div><\/div>\n<div class=\"fusion-clearfix\"><\/div><\/div><\/div><\/div><\/div>\n","protected":false},"excerpt":{"rendered":"<p>Photographies portraits noir&#038;blanc de Daniel VAUTHIER et photographies de l&rsquo;ECPAD Jusqu&rsquo;au 6 f\u00e9vrier 2014 Moins d\u2019un mois apr\u00e8s leur descente des Champs Elys\u00e9es devant plus de 9 millions de spectateurs et t\u00e9l\u00e9spectateurs, les acteurs de l\u2019intervention au Mali sont mis \u00e0 l\u2019honneur au Centre Mondial de la Paix, des libert\u00e9s  [&#8230;]<\/p>\n","protected":false},"author":1,"featured_media":5314,"comment_status":"closed","ping_status":"closed","sticky":false,"template":"","format":"standard","meta":{"ngg_post_thumbnail":0,"footnotes":""},"categories":[3],"tags":[],"class_list":["post-5313","post","type-post","status-publish","format-standard","has-post-thumbnail","hentry","category-expositions"],"_links":{"self":[{"href":"http:\/\/cmpaix.eu\/fr\/wp-json\/wp\/v2\/posts\/5313","targetHints":{"allow":["GET"]}}],"collection":[{"href":"http:\/\/cmpaix.eu\/fr\/wp-json\/wp\/v2\/posts"}],"about":[{"href":"http:\/\/cmpaix.eu\/fr\/wp-json\/wp\/v2\/types\/post"}],"author":[{"embeddable":true,"href":"http:\/\/cmpaix.eu\/fr\/wp-json\/wp\/v2\/users\/1"}],"replies":[{"embeddable":true,"href":"http:\/\/cmpaix.eu\/fr\/wp-json\/wp\/v2\/comments?post=5313"}],"version-history":[{"count":27,"href":"http:\/\/cmpaix.eu\/fr\/wp-json\/wp\/v2\/posts\/5313\/revisions"}],"predecessor-version":[{"id":10253,"href":"http:\/\/cmpaix.eu\/fr\/wp-json\/wp\/v2\/posts\/5313\/revisions\/10253"}],"wp:featuredmedia":[{"embeddable":true,"href":"http:\/\/cmpaix.eu\/fr\/wp-json\/wp\/v2\/media\/5314"}],"wp:attachment":[{"href":"http:\/\/cmpaix.eu\/fr\/wp-json\/wp\/v2\/media?parent=5313"}],"wp:term":[{"taxonomy":"category","embeddable":true,"href":"http:\/\/cmpaix.eu\/fr\/wp-json\/wp\/v2\/categories?post=5313"},{"taxonomy":"post_tag","embeddable":true,"href":"http:\/\/cmpaix.eu\/fr\/wp-json\/wp\/v2\/tags?post=5313"}],"curies":[{"name":"wp","href":"https:\/\/api.w.org\/{rel}","templated":true}]}}