{"id":5645,"date":"2017-10-28T11:24:29","date_gmt":"2017-10-28T09:24:29","guid":{"rendered":"http:\/\/cmpaix.eu\/fr\/?p=5645"},"modified":"2021-09-29T17:06:07","modified_gmt":"2021-09-29T15:06:07","slug":"que-reste-t-il-de-la-grande-guerre","status":"publish","type":"post","link":"http:\/\/cmpaix.eu\/fr\/que-reste-t-il-de-la-grande-guerre\/","title":{"rendered":"Que reste t-il de la Grande Guerre ?"},"content":{"rendered":"<p><strong>Plus de 600 m\u00b2 pour d\u00e9couvrir et comprendre la Grande Guerre, son impact sur le XX\u00e8me si\u00e8cle, l\u2019Europe et le monde, telle est l\u2019ambition de cette exposition destin\u00e9e \u00e0 tous publics.<\/strong>. Exposition \u00e0 d\u00e9couvrir au Centre Mondial de la Paix du 14 juin 2014 \u00e0 fin 2018<\/p>\n<p>La Grande Guerre est toujours pr\u00e9sente pour les populations qui vivent sur l\u2019ancienne ligne de front. Chaque jour ou presque, la terre se souvient en livrant les obus, les objets et les ossements qui t\u00e9moignent des combats acharn\u00e9s. Le paysage porte les cicatrices des bombardements. De la Grande Guerre, il reste une g\u00e9n\u00e9ration d\u00e9truite, aux hommes profond\u00e9ment  marqu\u00e9s par l\u2019atrocit\u00e9 des combats, la vie dans les tranch\u00e9es, r\u00e9sistants \u00e0 l\u2019inhumanit\u00e9 qu\u2019au travers de la force de la camaraderie. 10 millions d\u2019hommes ont p\u00e9ri, parfois \u00e0 quelques kilom\u00e8tres de leur domicile, parfois apr\u00e8s avoir travers\u00e9 le monde pour se joindre aux combats.<\/p>\n<p>De la Grande Guerre, il reste aussi les nombreuses \u00e9volutions techniques et sociales. 5 longues ann\u00e9es de conflits ont n\u00e9cessit\u00e9 un effort de guerre sans pr\u00e9c\u00e9dent, rendu possible par la mobilisation de tous les moyens des \u00e9tats bellig\u00e9rants. Les femmes remplacent les hommes dans l\u2019\u00e9conomie, l\u2019armement se modernise et accueille le char de combat guid\u00e9 par l\u2019aviation naissante. La logistique devient essentielle pour ravitailler le front, soigner les bless\u00e9s, communiquer sur un front long de centaines de kilom\u00e8tres. La chirurgie r\u00e9paratrice jette les bases de la chirurgie esth\u00e9tique moderne ; la lutte contre les maladies fait na\u00eetre l\u2019hygi\u00e8ne et le suivi m\u00e9dical moderne ; la m\u00e9decine militaire fa\u00e7onne la m\u00e9decine d\u2019aujourd\u2019hui.<\/p>\n<p>De la grande Guerre, il reste des centaines de milliers d\u2019image. Pour la 1\u00e8re fois, un conflit est photographi\u00e9, film\u00e9, et parfois d\u00e9j\u00e0 en couleur ou en relief. Utilis\u00e9es \u00e0 des fins de propagande, ces images t\u00e9moignent aussi de la r\u00e9alit\u00e9 des combats. . Compl\u00e9t\u00e9es par les milliers d\u2019objets sculpt\u00e9s par les poilus, ces images nous permettent une immersion totale dans la Grande Guerre.<\/p>\n<p>De la Grande Guerre, il reste Verdun, le symbole d\u2019une bataille de 300 jours avec 300 000 morts de chaque c\u00f4t\u00e9 du front, des paysages meurtris sous les tonnes d\u2019obus re\u00e7us et la volont\u00e9 de ne pas c\u00e9der un pouce de terrain \u00e0 l\u2019adversaire. Cette ville martyre est aussi le lieu de la r\u00e9conciliation des 2 pays.<\/p>\n<p>De la Grande Guerre, il reste un monde transform\u00e9 o\u00f9 les empires europ\u00e9ens c\u00e8dent la place \u00e0 un \u00e9quilibre naissant est-ouest, o\u00f9 la nouvelle Europe se met en place, avide de paix, mais d\u00e9j\u00e0 confront\u00e9e aux cons\u00e9quences d\u2019une fin de conflit d\u00e9s\u00e9quilibr\u00e9e. De la Grande Guerre, il reste des cons\u00e9quences visibles durant tout le 20e si\u00e8cle.<\/p>\n<p>En 5 \u00e9tapes, dans une sc\u00e9nographie cr\u00e9\u00e9e pour le Centenaire de la Grande Guerre, l\u2019exposition \u00ab Que reste t-il de la Grande Guerre ? \u00bb offre un parcours accessible \u00e0 tous, riche de collections in\u00e9dites mises en valeur par de nombreux compl\u00e9ments audio et vid\u00e9o. Une visite indispensable pour aborder le Centenaire de la Grande Guerre.<\/p>\n<p>Guide de l&rsquo;exposition<br \/>\n> <a href=\"http:\/\/www.cmpaix.fr\/docs\/Que-reste-t-il-de-la-grande-guerre_FR_l.pdf\" target=\"_blank\" rel=\"noopener\">Version fran\u00e7aise<\/a> <div class=\"fusion-fullwidth fullwidth-box fusion-builder-row-1 hundred-percent-fullwidth non-hundred-percent-height-scrolling\" style=\"--awb-border-radius-top-left:0px;--awb-border-radius-top-right:0px;--awb-border-radius-bottom-right:0px;--awb-border-radius-bottom-left:0px;--awb-overflow:visible;--awb-flex-wrap:wrap;\" ><div class=\"fusion-builder-row fusion-row\"><div class=\"fusion-layout-column fusion_builder_column fusion-builder-column-0 fusion_builder_column_1_1 1_1 fusion-one-full fusion-column-first fusion-column-last fusion-column-no-min-height\" style=\"--awb-bg-size:cover;--awb-margin-bottom:0px;\"><div class=\"fusion-column-wrapper fusion-flex-column-wrapper-legacy\">[PDF]\n> <a href=\"http:\/\/www.cmpaix.fr\/docs\/Que-reste-t-il-de-la-grande-guerre_DE_l.pdf\" target=\"_blank\" rel=\"noopener\">Version allemande<\/a> [PDF]\n> <a href=\"http:\/\/www.cmpaix.fr\/docs\/Que-reste-t-il-de-la-grande-guerre_EN_l.pdf\" target=\"_blank\" rel=\"noopener\">Version anglaise<\/a> [PDF] <\/p>\n<p>Une production Conseil G\u00e9n\u00e9ral de la Meuse<br \/>\nen partenariat avec le Conseil R\u00e9gional de Lorraine, l\u2019Union Europ\u00e9enne, le M\u00e9morial de Verdun, le Centre Mondial de la Paix, des libert\u00e9s et des droits de l\u2019Homme<\/p>\n<p>Exposition labellis\u00e9e \u00ab Centenaire de la Grande Guerre \u00bb<\/p>\n<p><strong>Infos pratiques<\/strong><br \/>\nExposition visible du 14 juin 2014 au 20 d\u00e9cembre 2018<br \/>\nOuverture tous les jours<\/p>\nngg_shortcode_0_placeholder\n<div class=\"fusion-clearfix\"><\/div><\/div><\/div><\/div><\/div><\/p>\n","protected":false},"excerpt":{"rendered":"<p>Plus de 600 m\u00b2 pour d\u00e9couvrir et comprendre la Grande Guerre, son impact sur le XX\u00e8me si\u00e8cle, l\u2019Europe et le monde, telle est l\u2019ambition de cette exposition destin\u00e9e \u00e0 tous publics.. Exposition \u00e0 d\u00e9couvrir au Centre Mondial de la Paix du 14 juin 2014 \u00e0 fin 2018 La Grande Guerre  [&#8230;]<\/p>\n","protected":false},"author":1,"featured_media":5860,"comment_status":"closed","ping_status":"closed","sticky":false,"template":"","format":"standard","meta":{"ngg_post_thumbnail":0,"footnotes":""},"categories":[41,3],"tags":[],"class_list":["post-5645","post","type-post","status-publish","format-standard","has-post-thumbnail","hentry","category-centenaire","category-expositions"],"_links":{"self":[{"href":"http:\/\/cmpaix.eu\/fr\/wp-json\/wp\/v2\/posts\/5645","targetHints":{"allow":["GET"]}}],"collection":[{"href":"http:\/\/cmpaix.eu\/fr\/wp-json\/wp\/v2\/posts"}],"about":[{"href":"http:\/\/cmpaix.eu\/fr\/wp-json\/wp\/v2\/types\/post"}],"author":[{"embeddable":true,"href":"http:\/\/cmpaix.eu\/fr\/wp-json\/wp\/v2\/users\/1"}],"replies":[{"embeddable":true,"href":"http:\/\/cmpaix.eu\/fr\/wp-json\/wp\/v2\/comments?post=5645"}],"version-history":[{"count":22,"href":"http:\/\/cmpaix.eu\/fr\/wp-json\/wp\/v2\/posts\/5645\/revisions"}],"predecessor-version":[{"id":10192,"href":"http:\/\/cmpaix.eu\/fr\/wp-json\/wp\/v2\/posts\/5645\/revisions\/10192"}],"wp:featuredmedia":[{"embeddable":true,"href":"http:\/\/cmpaix.eu\/fr\/wp-json\/wp\/v2\/media\/5860"}],"wp:attachment":[{"href":"http:\/\/cmpaix.eu\/fr\/wp-json\/wp\/v2\/media?parent=5645"}],"wp:term":[{"taxonomy":"category","embeddable":true,"href":"http:\/\/cmpaix.eu\/fr\/wp-json\/wp\/v2\/categories?post=5645"},{"taxonomy":"post_tag","embeddable":true,"href":"http:\/\/cmpaix.eu\/fr\/wp-json\/wp\/v2\/tags?post=5645"}],"curies":[{"name":"wp","href":"https:\/\/api.w.org\/{rel}","templated":true}]}}