{"id":5763,"date":"2014-02-04T11:59:21","date_gmt":"2014-02-04T09:59:21","guid":{"rendered":"http:\/\/cmpaix.eu\/fr\/?p=5763"},"modified":"2014-02-04T12:02:58","modified_gmt":"2014-02-04T10:02:58","slug":"lettre-fevrier-2014","status":"publish","type":"post","link":"http:\/\/cmpaix.eu\/fr\/lettre-fevrier-2014\/","title":{"rendered":"Lettre f\u00e9vrier 2014"},"content":{"rendered":"<p>Au programme en f\u00e9vrier 2014 au Centre Mondial de la Paix<\/p>\n<p>&#8211; 6 f\u00e9vrier : Journ\u00e9e D\u00e9fense Citoyennet\u00e9 Sp\u00e9ciale Centenaire de la Grande Guerre<br \/>\n&#8211; 19 f\u00e9vrier \u00e0 11h15 : Inauguration de l\u2019exposition Avec les victimes de guerres, Photographies de Jean MOHR<br \/>\n&#8211; 19 f\u00e9vrier \u00e0 14h00 : Table Ronde sur les Enjeux et r\u00e9alit\u00e9s de l\u2019Action Humanitaire<br \/>\n&#8211; 25 f\u00e9vrier \u00e0 20h : Projection du film Les Croix de Bois de Raymond Bernard (organis\u00e9e par le M\u00e9morial de Verdun)<\/p>\n<p>Nos expositions<br \/>\n&#8211; Avec les victimes de guerres, Photographies de Jean MOHR<br \/>\n&#8211; De la Terre au Ciel, 300 clochers meusiens reproduits en c\u00e9ramique<br \/>\n&#8211; Un destin commun en dessins&#8230; 1, 2, 3, \u2026, 51 Jahre deutsch-franz\u00f6sische Freundschaft : retour sur 51 ann\u00e9es d\u2019amiti\u00e9 franco-allemande au travers de dessins des illustrateurs de Presse PLANTU et DELESTRE<br \/>\n&#8211; Les couleurs de l&rsquo;argent, affiches de la Collection Diors du Conseil G\u00e9n\u00e9ral de la Meuse<\/p>\n<p>\n<a href=\"http:\/\/cmpaix.eu\/LaLettre\/lettre_fevrier14.pdf\" target=\"_blank\"><img class=\"lazyload\" decoding=\"async\" src=\"data:image\/svg+xml,%3Csvg%20xmlns%3D%27http%3A%2F%2Fwww.w3.org%2F2000%2Fsvg%27%20width%3D%2740%27%20height%3D%2740%27%20viewBox%3D%270%200%2040%2040%27%3E%3Crect%20width%3D%2740%27%20height%3D%2740%27%20fill-opacity%3D%220%22%2F%3E%3C%2Fsvg%3E\" data-orig-src=\"http:\/\/cmpaix.eu\/fr\/wp-content\/uploads\/2013\/09\/fleche-vers-bas-telecharger.png\" width=\"40\" height=\"40\" \/>T\u00e9l\u00e9charger la lettre de f\u00e9vrier 2014<\/a><\/p>\n","protected":false},"excerpt":{"rendered":"<p>Au programme en f\u00e9vrier 2014 au Centre Mondial de la Paix &#8211; 6 f\u00e9vrier : Journ\u00e9e D\u00e9fense Citoyennet\u00e9 Sp\u00e9ciale Centenaire de la Grande Guerre &#8211; 19 f\u00e9vrier \u00e0 11h15 : Inauguration de l\u2019exposition Avec les victimes de guerres, Photographies de Jean MOHR &#8211; 19 f\u00e9vrier \u00e0 14h00 : Table Ronde  [&#8230;]<\/p>\n","protected":false},"author":1,"featured_media":5266,"comment_status":"closed","ping_status":"closed","sticky":false,"template":"","format":"standard","meta":{"ngg_post_thumbnail":0,"footnotes":""},"categories":[1],"tags":[],"class_list":["post-5763","post","type-post","status-publish","format-standard","has-post-thumbnail","hentry","category-non-classe"],"_links":{"self":[{"href":"http:\/\/cmpaix.eu\/fr\/wp-json\/wp\/v2\/posts\/5763","targetHints":{"allow":["GET"]}}],"collection":[{"href":"http:\/\/cmpaix.eu\/fr\/wp-json\/wp\/v2\/posts"}],"about":[{"href":"http:\/\/cmpaix.eu\/fr\/wp-json\/wp\/v2\/types\/post"}],"author":[{"embeddable":true,"href":"http:\/\/cmpaix.eu\/fr\/wp-json\/wp\/v2\/users\/1"}],"replies":[{"embeddable":true,"href":"http:\/\/cmpaix.eu\/fr\/wp-json\/wp\/v2\/comments?post=5763"}],"version-history":[{"count":2,"href":"http:\/\/cmpaix.eu\/fr\/wp-json\/wp\/v2\/posts\/5763\/revisions"}],"predecessor-version":[{"id":5766,"href":"http:\/\/cmpaix.eu\/fr\/wp-json\/wp\/v2\/posts\/5763\/revisions\/5766"}],"wp:featuredmedia":[{"embeddable":true,"href":"http:\/\/cmpaix.eu\/fr\/wp-json\/wp\/v2\/media\/5266"}],"wp:attachment":[{"href":"http:\/\/cmpaix.eu\/fr\/wp-json\/wp\/v2\/media?parent=5763"}],"wp:term":[{"taxonomy":"category","embeddable":true,"href":"http:\/\/cmpaix.eu\/fr\/wp-json\/wp\/v2\/categories?post=5763"},{"taxonomy":"post_tag","embeddable":true,"href":"http:\/\/cmpaix.eu\/fr\/wp-json\/wp\/v2\/tags?post=5763"}],"curies":[{"name":"wp","href":"https:\/\/api.w.org\/{rel}","templated":true}]}}