{"id":5863,"date":"2014-04-01T14:04:24","date_gmt":"2014-04-01T12:04:24","guid":{"rendered":"http:\/\/cmpaix.eu\/fr\/?p=5863"},"modified":"2014-04-01T14:04:24","modified_gmt":"2014-04-01T12:04:24","slug":"lettre-avril-2014","status":"publish","type":"post","link":"http:\/\/cmpaix.eu\/fr\/lettre-avril-2014\/","title":{"rendered":"Lettre avril 2014"},"content":{"rendered":"<p>Au programme en avril 2014 au Centre Mondial de la Paix<\/p>\n<p>&#8211; 8 avril \u00e0 20h : Projection du film Les Sentiers de la Gloire de Stanley Kubrick (organis\u00e9e par le M\u00e9morial de Verdun)<br \/>\n&#8211; 15 avril \u00e0 18h30 : Conf\u00e9rence organis\u00e9e par l\u2019association \u00ab 14\/18 Meuse \u00bb et anim\u00e9e par Fran\u00e7ois ROTH sur le th\u00e8me \u00ab Ao\u00fbt 1914 : L\u2019Europe s\u2019embrase, des illusions d\u2019une guerre courte \u00e0 la Grande Guerre \u00bb<br \/>\n&#8211; 16 avril \u00e0 19h : Inauguration de l&rsquo;exposition \u00ab\u00a012\u00e8me Triennale Internationale de l&rsquo;Affiche Politique\u00a0\u00bb<\/p>\n<p>Nos expositions<br \/>\n&#8211; Avec les victimes de guerres, Photographies de Jean MOHR (derniers jours pour en profiter)<br \/>\n&#8211; 12\u00e8me Triennale Internationale de l&rsquo;Affiche Politique<br \/>\n&#8211; De la Terre au Ciel, 300 clochers meusiens reproduits en c\u00e9ramique<br \/>\n&#8211; Un destin commun en dessins&#8230; 1, 2, 3, \u2026, 51 Jahre deutsch-franz\u00f6sische Freundschaft : retour sur 51 ann\u00e9es d\u2019amiti\u00e9 franco-allemande au travers de dessins des illustrateurs de Presse PLANTU et DELESTRE<br \/>\n&#8211; Les couleurs de l&rsquo;argent, affiches de la Collection Diors du Conseil G\u00e9n\u00e9ral de la Meuse<\/p>\n<p>\n<a href=\"http:\/\/cmpaix.eu\/LaLettre\/lettre_avril14.pdf\" target=\"_blank\"><img class=\"lazyload\" decoding=\"async\" src=\"data:image\/svg+xml,%3Csvg%20xmlns%3D%27http%3A%2F%2Fwww.w3.org%2F2000%2Fsvg%27%20width%3D%2740%27%20height%3D%2740%27%20viewBox%3D%270%200%2040%2040%27%3E%3Crect%20width%3D%2740%27%20height%3D%2740%27%20fill-opacity%3D%220%22%2F%3E%3C%2Fsvg%3E\" data-orig-src=\"http:\/\/cmpaix.eu\/fr\/wp-content\/uploads\/2013\/09\/fleche-vers-bas-telecharger.png\" width=\"40\" height=\"40\" \/>T\u00e9l\u00e9charger la lettre d&rsquo;avril 2014<\/a><\/p>\n","protected":false},"excerpt":{"rendered":"<p>Au programme en avril 2014 au Centre Mondial de la Paix &#8211; 8 avril \u00e0 20h : Projection du film Les Sentiers de la Gloire de Stanley Kubrick (organis\u00e9e par le M\u00e9morial de Verdun) &#8211; 15 avril \u00e0 18h30 : Conf\u00e9rence organis\u00e9e par l\u2019association \u00ab 14\/18 Meuse \u00bb et anim\u00e9e  [&#8230;]<\/p>\n","protected":false},"author":1,"featured_media":5266,"comment_status":"closed","ping_status":"closed","sticky":false,"template":"","format":"standard","meta":{"ngg_post_thumbnail":0,"footnotes":""},"categories":[1],"tags":[],"class_list":["post-5863","post","type-post","status-publish","format-standard","has-post-thumbnail","hentry","category-non-classe"],"_links":{"self":[{"href":"http:\/\/cmpaix.eu\/fr\/wp-json\/wp\/v2\/posts\/5863","targetHints":{"allow":["GET"]}}],"collection":[{"href":"http:\/\/cmpaix.eu\/fr\/wp-json\/wp\/v2\/posts"}],"about":[{"href":"http:\/\/cmpaix.eu\/fr\/wp-json\/wp\/v2\/types\/post"}],"author":[{"embeddable":true,"href":"http:\/\/cmpaix.eu\/fr\/wp-json\/wp\/v2\/users\/1"}],"replies":[{"embeddable":true,"href":"http:\/\/cmpaix.eu\/fr\/wp-json\/wp\/v2\/comments?post=5863"}],"version-history":[{"count":1,"href":"http:\/\/cmpaix.eu\/fr\/wp-json\/wp\/v2\/posts\/5863\/revisions"}],"predecessor-version":[{"id":5864,"href":"http:\/\/cmpaix.eu\/fr\/wp-json\/wp\/v2\/posts\/5863\/revisions\/5864"}],"wp:featuredmedia":[{"embeddable":true,"href":"http:\/\/cmpaix.eu\/fr\/wp-json\/wp\/v2\/media\/5266"}],"wp:attachment":[{"href":"http:\/\/cmpaix.eu\/fr\/wp-json\/wp\/v2\/media?parent=5863"}],"wp:term":[{"taxonomy":"category","embeddable":true,"href":"http:\/\/cmpaix.eu\/fr\/wp-json\/wp\/v2\/categories?post=5863"},{"taxonomy":"post_tag","embeddable":true,"href":"http:\/\/cmpaix.eu\/fr\/wp-json\/wp\/v2\/tags?post=5863"}],"curies":[{"name":"wp","href":"https:\/\/api.w.org\/{rel}","templated":true}]}}