{"id":5925,"date":"2014-05-15T16:32:09","date_gmt":"2014-05-15T14:32:09","guid":{"rendered":"http:\/\/cmpaix.eu\/fr\/?p=5925"},"modified":"2014-12-18T16:30:08","modified_gmt":"2014-12-18T14:30:08","slug":"exposition-le-mur-de-berlin","status":"publish","type":"post","link":"http:\/\/cmpaix.eu\/fr\/exposition-le-mur-de-berlin\/","title":{"rendered":"Exposition &#8211; Le Mur de Berlin"},"content":{"rendered":"<p>Le Mur de Berlin, T\u00e9moignages en photos<br \/>\nexposition pr\u00e9sent\u00e9e dans le cadre du 25\u00e8me anniversaire de sa chute<br \/>\n(Du 26 mai au 23 novembre 2014)<\/p>\n<p>Il y a 25 ans, le Mur de Berlin se craquelait. Aujourd\u2019hui disparu, il reste un symbole de la Guerre froide qui a d\u00e9figur\u00e9 la carte de l\u2019Europe pendant presque 50 ans.<\/p>\n<p>Au travers de 180 photos, Christian Bourguignon raconte le \u00ab\u00a0Mur \u00a0\u00bb tel qu\u2019il l\u2019a d\u00e9couvert en 1976, et tel qu\u2019il a v\u00e9cu jusqu\u2019\u00e0 sa chute, le 9 novembre 1989.<\/p>\n<p>Diff\u00e9rentes approches permettent de mieux se rendre compte de ce vestige du pass\u00e9 : le Mur dans la ville, les graffitis, la chute et son d\u00e9mant\u00e8lement, la ville aujourd\u2019hui.<\/p>\n<p>Les photos de Christian Bourguignon, notamment des graffitis de Marko Ziebarth et Jan Kablau, seront compl\u00e9t\u00e9es par d\u2019autres regards. Notamment quelques caricatures de Plantu et plusieurs affiches r\u00e9alis\u00e9es \u00e0 l&rsquo;occasion des concours de la Triennale Internationale de l&rsquo;Affiche Politique. <\/p>\n","protected":false},"excerpt":{"rendered":"<p>Le Mur de Berlin, T\u00e9moignages en photos exposition pr\u00e9sent\u00e9e dans le cadre du 25\u00e8me anniversaire de sa chute (Du 26 mai au 23 novembre 2014) Il y a 25 ans, le Mur de Berlin se craquelait. Aujourd\u2019hui disparu, il reste un symbole de la Guerre froide qui a d\u00e9figur\u00e9 la  [&#8230;]<\/p>\n","protected":false},"author":1,"featured_media":5926,"comment_status":"closed","ping_status":"closed","sticky":false,"template":"","format":"standard","meta":{"ngg_post_thumbnail":0,"footnotes":""},"categories":[3],"tags":[58,55,54,56,43,57,59,53],"class_list":["post-5925","post","type-post","status-publish","format-standard","has-post-thumbnail","hentry","category-expositions","tag-amitie","tag-berlin","tag-centre-mondial-de-la-paix","tag-chute","tag-exposition","tag-franco-allemand","tag-relation","tag-verdun"],"_links":{"self":[{"href":"http:\/\/cmpaix.eu\/fr\/wp-json\/wp\/v2\/posts\/5925","targetHints":{"allow":["GET"]}}],"collection":[{"href":"http:\/\/cmpaix.eu\/fr\/wp-json\/wp\/v2\/posts"}],"about":[{"href":"http:\/\/cmpaix.eu\/fr\/wp-json\/wp\/v2\/types\/post"}],"author":[{"embeddable":true,"href":"http:\/\/cmpaix.eu\/fr\/wp-json\/wp\/v2\/users\/1"}],"replies":[{"embeddable":true,"href":"http:\/\/cmpaix.eu\/fr\/wp-json\/wp\/v2\/comments?post=5925"}],"version-history":[{"count":4,"href":"http:\/\/cmpaix.eu\/fr\/wp-json\/wp\/v2\/posts\/5925\/revisions"}],"predecessor-version":[{"id":6270,"href":"http:\/\/cmpaix.eu\/fr\/wp-json\/wp\/v2\/posts\/5925\/revisions\/6270"}],"wp:featuredmedia":[{"embeddable":true,"href":"http:\/\/cmpaix.eu\/fr\/wp-json\/wp\/v2\/media\/5926"}],"wp:attachment":[{"href":"http:\/\/cmpaix.eu\/fr\/wp-json\/wp\/v2\/media?parent=5925"}],"wp:term":[{"taxonomy":"category","embeddable":true,"href":"http:\/\/cmpaix.eu\/fr\/wp-json\/wp\/v2\/categories?post=5925"},{"taxonomy":"post_tag","embeddable":true,"href":"http:\/\/cmpaix.eu\/fr\/wp-json\/wp\/v2\/tags?post=5925"}],"curies":[{"name":"wp","href":"https:\/\/api.w.org\/{rel}","templated":true}]}}