{"id":7147,"date":"2015-04-29T10:59:09","date_gmt":"2015-04-29T08:59:09","guid":{"rendered":"http:\/\/cmpaix.eu\/fr\/?p=7147"},"modified":"2015-04-29T10:59:09","modified_gmt":"2015-04-29T08:59:09","slug":"lettre-mai-2015","status":"publish","type":"post","link":"http:\/\/cmpaix.eu\/fr\/lettre-mai-2015\/","title":{"rendered":"Lettre mai 2015"},"content":{"rendered":"<p>Au programme en mai 2015 au Centre Mondial de la Paix<\/p>\n<p>&#8211; 3 mai \u00e0 10h30 > <strong>Journ\u00e9e Mondiale de la Libert\u00e9 de la Presse<\/strong>. Au programme, <strong>pr\u00e9sentation de plusieurs dessins originaux<\/strong> et <strong>inauguration de deux panneaux en hommage aux victimes de Charlie Hebdo<\/strong>.<br \/>\n&#8211; 9 mai \u00e0 15h30 > <strong>Conf\u00e9rence-d\u00e9bat<\/strong> de <strong>Fran\u00e7ois VILLEROY de GALHAU<\/strong> sur le th\u00e8me <strong><em>\u00ab Peut-on encore croire en l\u2019Europe aujourd\u2019hui ? \u00bb<\/em><\/strong>.<br \/>\n&#8211; du 11 au 17 mai de 10h \u00e0 19h > <strong>Foire aux livres<\/strong> d\u2019Amnesty International.<br \/>\n&#8211; 30 mai \u00e0 20h > Repr\u00e9sentation du <strong>spectacle Perdre Ses Pas Ailleurs<\/strong>. Entr\u00e9e libre<\/p>\n<p>Nos expositions<br \/>\n&#8211; <strong>\u00ab\u00a0Pas de deux\u00a0\u00bb<\/strong>, les relations franco-allemandes dans le dessin de presse<br \/>\n&#8211; <strong>\u00ab\u00a0UNEARTH\u00a0\u00bb<\/strong>, exposition de photographies rares, vid\u00e9os et affiches \u00e0 l&rsquo;occasion du 70\u00e8me anniversaire de la cr\u00e9ation de l\u2019Organisation des Nations Unies..<br \/>\n&#8211; <strong>\u00ab\u00a0Que reste-t-il de la Grande Guerre ?\u00a0\u00bb<\/strong><\/p>\n<p>\n<a href=\"http:\/\/cmpaix.eu\/LaLettre\/lettre_mai15.pdf\" target=\"_blank\"><img class=\"lazyload\" decoding=\"async\" src=\"data:image\/svg+xml,%3Csvg%20xmlns%3D%27http%3A%2F%2Fwww.w3.org%2F2000%2Fsvg%27%20width%3D%2740%27%20height%3D%2740%27%20viewBox%3D%270%200%2040%2040%27%3E%3Crect%20width%3D%2740%27%20height%3D%2740%27%20fill-opacity%3D%220%22%2F%3E%3C%2Fsvg%3E\" data-orig-src=\"http:\/\/cmpaix.eu\/fr\/wp-content\/uploads\/2013\/09\/fleche-vers-bas-telecharger.png\" width=\"40\" height=\"40\" \/>T\u00e9l\u00e9charger la lettre de mai 2015<\/a><\/p>\n","protected":false},"excerpt":{"rendered":"<p>Au programme en mai 2015 au Centre Mondial de la Paix &#8211; 3 mai \u00e0 10h30 > Journ\u00e9e Mondiale de la Libert\u00e9 de la Presse. Au programme, pr\u00e9sentation de plusieurs dessins originaux et inauguration de deux panneaux en hommage aux victimes de Charlie Hebdo. &#8211; 9 mai \u00e0 15h30 >  [&#8230;]<\/p>\n","protected":false},"author":1,"featured_media":5266,"comment_status":"closed","ping_status":"closed","sticky":false,"template":"","format":"standard","meta":{"ngg_post_thumbnail":0,"footnotes":""},"categories":[1],"tags":[],"class_list":["post-7147","post","type-post","status-publish","format-standard","has-post-thumbnail","hentry","category-non-classe"],"_links":{"self":[{"href":"http:\/\/cmpaix.eu\/fr\/wp-json\/wp\/v2\/posts\/7147","targetHints":{"allow":["GET"]}}],"collection":[{"href":"http:\/\/cmpaix.eu\/fr\/wp-json\/wp\/v2\/posts"}],"about":[{"href":"http:\/\/cmpaix.eu\/fr\/wp-json\/wp\/v2\/types\/post"}],"author":[{"embeddable":true,"href":"http:\/\/cmpaix.eu\/fr\/wp-json\/wp\/v2\/users\/1"}],"replies":[{"embeddable":true,"href":"http:\/\/cmpaix.eu\/fr\/wp-json\/wp\/v2\/comments?post=7147"}],"version-history":[{"count":1,"href":"http:\/\/cmpaix.eu\/fr\/wp-json\/wp\/v2\/posts\/7147\/revisions"}],"predecessor-version":[{"id":7148,"href":"http:\/\/cmpaix.eu\/fr\/wp-json\/wp\/v2\/posts\/7147\/revisions\/7148"}],"wp:featuredmedia":[{"embeddable":true,"href":"http:\/\/cmpaix.eu\/fr\/wp-json\/wp\/v2\/media\/5266"}],"wp:attachment":[{"href":"http:\/\/cmpaix.eu\/fr\/wp-json\/wp\/v2\/media?parent=7147"}],"wp:term":[{"taxonomy":"category","embeddable":true,"href":"http:\/\/cmpaix.eu\/fr\/wp-json\/wp\/v2\/categories?post=7147"},{"taxonomy":"post_tag","embeddable":true,"href":"http:\/\/cmpaix.eu\/fr\/wp-json\/wp\/v2\/tags?post=7147"}],"curies":[{"name":"wp","href":"https:\/\/api.w.org\/{rel}","templated":true}]}}