{"id":7432,"date":"2015-06-02T10:31:46","date_gmt":"2015-06-02T08:31:46","guid":{"rendered":"http:\/\/cmpaix.eu\/fr\/?p=7432"},"modified":"2021-09-29T17:06:13","modified_gmt":"2021-09-29T15:06:13","slug":"12e-rencontre-internationale-de-paix-recherche-hebergement","status":"publish","type":"post","link":"http:\/\/cmpaix.eu\/fr\/12e-rencontre-internationale-de-paix-recherche-hebergement\/","title":{"rendered":"12e Rencontre Internationale de Paix &#8211; recherche h\u00e9bergement"},"content":{"rendered":"<p><strong>12e Rencontre Internationale de Paix<\/strong><br \/>\nTriple Alliance \u2013 Triple Entente<br \/>\nde la guerre d\u2019hier \u00e0 la paix d\u2019aujourd\u2019hui<\/p>\n<p><em>Sous le patronage de Monsieur Thorbjorn Jagland,<br \/>\nSecr\u00e9taire G\u00e9n\u00e9ral du Conseil de l\u2019Europe<\/em><\/p>\n<p><strong>Du 7 au 15 octobre 2015, le Centre Mondial de la Paix, des libert\u00e9s et des droits de l&rsquo;Homme, organise une Rencontre Internationale de Paix.<\/strong><\/p>\n<p><a href=\"http:\/\/cmpaix.eu\/fr\/wp-content\/uploads\/2015\/07\/logo-rip.jpg\"><img decoding=\"async\" src=\"http:\/\/cmpaix.eu\/fr\/wp-content\/uploads\/2015\/07\/logo-rip.jpg\" data-orig-src=\"http:\/\/cmpaix.eu\/fr\/wp-content\/uploads\/2015\/07\/logo-rip.jpg\" style=\"padding-bottom: 1em; float: left; margin:15px; alt=\"logo-rip\" width=\"200\" height=\"200\" class=\"lazyload aligncenter size-full wp-image-7433\" srcset=\"data:image\/svg+xml,%3Csvg%20xmlns%3D%27http%3A%2F%2Fwww.w3.org%2F2000%2Fsvg%27%20width%3D%27200%27%20height%3D%27200%27%20viewBox%3D%270%200%20200%20200%27%3E%3Crect%20width%3D%27200%27%20height%3D%27200%27%20fill-opacity%3D%220%22%2F%3E%3C%2Fsvg%3E\" data-srcset=\"http:\/\/cmpaix.eu\/fr\/wp-content\/uploads\/2015\/07\/logo-rip-66x66.jpg 66w, http:\/\/cmpaix.eu\/fr\/wp-content\/uploads\/2015\/07\/logo-rip-150x150.jpg 150w, http:\/\/cmpaix.eu\/fr\/wp-content\/uploads\/2015\/07\/logo-rip-200x200.jpg 200w, http:\/\/cmpaix.eu\/fr\/wp-content\/uploads\/2015\/07\/logo-rip-298x300.jpg 298w, http:\/\/cmpaix.eu\/fr\/wp-content\/uploads\/2015\/07\/logo-rip-300x302.jpg 300w, http:\/\/cmpaix.eu\/fr\/wp-content\/uploads\/2015\/07\/logo-rip.jpg 433w\" data-sizes=\"auto\" data-orig-sizes=\"(max-width: 200px) 100vw, 200px\" \/><\/a>Durant une semaine, le Centre Mondial de la Paix, des libert\u00e9s et des droits de l&rsquo;Homme accueillera<strong> 24 jeunes allemands, anglais, lettons, tch\u00e8ques, turcs, et fran\u00e7ais<\/strong>, qui seront amen\u00e9s  \u00e0 \u00e9changer et \u00e0 r\u00e9fl\u00e9chir sur la m\u00e9moire de la Grande Guerre, afin de s\u2019associer aux c\u00e9l\u00e9brations du centenaire de la bataille de Verdun en 2016. <\/p>\n<p>Cette rencontre sera \u00e9galement l\u2019occasion pour eux de dialoguer sur les relations entre leurs pays, pour se d\u00e9couvrir, afin de mieux se comprendre et s\u2019accepter. Partager le quotidien d\u2019une famille fran\u00e7aise pendant une semaine est un \u00e9l\u00e9ment primordial de cette ouverture culturelle internationale.<\/p>\n<p><strong>Le Centre Mondial de la Paix, des libert\u00e9s et des droits de l&rsquo;Homme recherche des familles qui accepteraient d\u2019h\u00e9berger un ou une jeune \u00e9tranger participant \u00e0 cette rencontre<\/strong>. Ce temps d\u2019\u00e9changes sera sans aucun doute l\u2019occasion de <strong>cr\u00e9er des liens forts<\/strong> avec le participant accueilli, tant d\u2019un point de vue culturel, linguistique que convivial. Les familles s\u2019engageraient \u00e0 assurer le transport de leur h\u00f4te depuis leur domicile jusqu\u2019au Centre Mondial de la Paix, ainsi que certains repas. Des pr\u00e9cisions sur le programme seront communiqu\u00e9es ult\u00e9rieurement et une r\u00e9union d\u2019information sera organis\u00e9e au Centre Mondial de la Paix au mois de septembre.<\/p>\n<p>Les familles int\u00e9ress\u00e9es peuvent nous joindre par mail \u00e0 l\u2019adresse suivante : p.langlois@cmpaix.eu<\/p>\n<p><a href=\"http:\/\/cmpaix.eu\/fr\/wp-content\/uploads\/2015\/07\/COE-Logo-Quadri.png\"><img decoding=\"async\" src=\"http:\/\/cmpaix.eu\/fr\/wp-content\/uploads\/2015\/07\/COE-Logo-Quadri.png\" data-orig-src=\"http:\/\/cmpaix.eu\/fr\/wp-content\/uploads\/2015\/07\/COE-Logo-Quadri.png\" alt=\"COE-Logo-Quadri\" width=\"100\" class=\"lazyload aligncenter size-full wp-image-7434\" srcset=\"data:image\/gif;base64,R0lGODlhAQABAAAAACH5BAEKAAEALAAAAAABAAEAAAICTAEAOw==\" data-srcset=\"http:\/\/cmpaix.eu\/fr\/wp-content\/uploads\/2015\/07\/COE-Logo-Quadri-147x118.png 147w, http:\/\/cmpaix.eu\/fr\/wp-content\/uploads\/2015\/07\/COE-Logo-Quadri-177x142.png 177w, http:\/\/cmpaix.eu\/fr\/wp-content\/uploads\/2015\/07\/COE-Logo-Quadri-300x240.png 300w, http:\/\/cmpaix.eu\/fr\/wp-content\/uploads\/2015\/07\/COE-Logo-Quadri.png 354w\" data-sizes=\"auto\" data-orig-sizes=\"(max-width: 354px) 100vw, 354px\" \/><\/a><\/p>\n","protected":false},"excerpt":{"rendered":"<p>12e Rencontre Internationale de Paix Triple Alliance \u2013 Triple Entente de la guerre d\u2019hier \u00e0 la paix d\u2019aujourd\u2019hui Sous le patronage de Monsieur Thorbjorn Jagland, Secr\u00e9taire G\u00e9n\u00e9ral du Conseil de l\u2019Europe Du 7 au 15 octobre 2015, le Centre Mondial de la Paix, des libert\u00e9s et des droits de l&rsquo;Homme,  [&#8230;]<\/p>\n","protected":false},"author":1,"featured_media":7439,"comment_status":"closed","ping_status":"closed","sticky":false,"template":"","format":"standard","meta":{"ngg_post_thumbnail":0,"footnotes":""},"categories":[38],"tags":[],"class_list":["post-7432","post","type-post","status-publish","format-standard","has-post-thumbnail","hentry","category-rencontre-internationale-de-paix"],"_links":{"self":[{"href":"http:\/\/cmpaix.eu\/fr\/wp-json\/wp\/v2\/posts\/7432","targetHints":{"allow":["GET"]}}],"collection":[{"href":"http:\/\/cmpaix.eu\/fr\/wp-json\/wp\/v2\/posts"}],"about":[{"href":"http:\/\/cmpaix.eu\/fr\/wp-json\/wp\/v2\/types\/post"}],"author":[{"embeddable":true,"href":"http:\/\/cmpaix.eu\/fr\/wp-json\/wp\/v2\/users\/1"}],"replies":[{"embeddable":true,"href":"http:\/\/cmpaix.eu\/fr\/wp-json\/wp\/v2\/comments?post=7432"}],"version-history":[{"count":4,"href":"http:\/\/cmpaix.eu\/fr\/wp-json\/wp\/v2\/posts\/7432\/revisions"}],"predecessor-version":[{"id":7438,"href":"http:\/\/cmpaix.eu\/fr\/wp-json\/wp\/v2\/posts\/7432\/revisions\/7438"}],"wp:featuredmedia":[{"embeddable":true,"href":"http:\/\/cmpaix.eu\/fr\/wp-json\/wp\/v2\/media\/7439"}],"wp:attachment":[{"href":"http:\/\/cmpaix.eu\/fr\/wp-json\/wp\/v2\/media?parent=7432"}],"wp:term":[{"taxonomy":"category","embeddable":true,"href":"http:\/\/cmpaix.eu\/fr\/wp-json\/wp\/v2\/categories?post=7432"},{"taxonomy":"post_tag","embeddable":true,"href":"http:\/\/cmpaix.eu\/fr\/wp-json\/wp\/v2\/tags?post=7432"}],"curies":[{"name":"wp","href":"https:\/\/api.w.org\/{rel}","templated":true}]}}