{"id":7467,"date":"2015-09-09T10:23:16","date_gmt":"2015-09-09T08:23:16","guid":{"rendered":"http:\/\/cmpaix.eu\/fr\/?p=7467"},"modified":"2015-09-09T10:23:16","modified_gmt":"2015-09-09T08:23:16","slug":"lettre-septembre-2015","status":"publish","type":"post","link":"http:\/\/cmpaix.eu\/fr\/lettre-septembre-2015\/","title":{"rendered":"Lettre septembre 2015"},"content":{"rendered":"<p>Deux \u00e9v\u00e9nements franco-allemands vous attendent en septembre au Centre Mondial de la Paix : \u00ab\u00a0Le trait\u00e9 de Verdun, de Charlemagne \u00e0 l&rsquo;Europe\u00a0\u00bb et \u00ab\u00a0Vienne 1814\/1815, la ville et le Congr\u00e8s\u00a0\u00bb <\/p>\n<p>Au programme en septembre :<\/p>\n<p>&#8211; le 12 septembre > Pr\u00e9sence du Centre Mondial de la Paix \u00e0 la <strong>Foire exposition de Verdun<\/strong><br \/>\n&#8211; le 18 septembre \u00e0 14h30 > <strong>Inauguration<\/strong> de l&rsquo;exposition \u00ab\u00a0Le trait\u00e9 de Verdun, de Charlemagne \u00e0 l&rsquo;Europe\u00a0\u00bb<br \/>\n&#8211; les 19 et 20 septembre > <strong>Journ\u00e9es europ\u00e9ennes du Patrimoine<\/strong><br \/>\n&#8211; le 28 septembre > <strong>Inauguration<\/strong> de l&rsquo;exposition \u00ab\u00a0Vienne 1814\/1815, la ville et le Congr\u00e8s\u00a0\u00bb<br \/>\n&#8211; le 30 septembre de 12h \u00e0 17h > <strong>Salon des ressources \u00e9ducatives<\/strong> organis\u00e9 par le r\u00e9seau Canop\u00e9 Meuse<\/p>\n<p>Nos expositions<br \/>\n&#8211; <strong>\u00ab\u00a0Le trait\u00e9 de Verdun, de Charlemagne \u00e0 l&rsquo;Europe\u00a0\u00bb<\/strong>, \u00e0 partir du 18 septembre<br \/>\n&#8211; <strong>\u00ab\u00a0Vienne 1814\/1815, la ville et le Congr\u00e8s\u00a0\u00bb<\/strong>, \u00e0 partir du 28 septembre<br \/>\n&#8211; <strong>\u00ab\u00a0Pas de Deux\u00a0\u00bb<\/strong>, les relations franco-allemandes dans le dessin de presse<br \/>\n&#8211; <strong>\u00ab\u00a0Que reste-t-il de la Grande Guerre ?\u00a0\u00bb<\/strong><\/p>\n<p>\n<a href=\"http:\/\/cmpaix.eu\/LaLettre\/lettre_septembre15.pdf\" target=\"_blank\"><img class=\"lazyload\" decoding=\"async\" src=\"data:image\/svg+xml,%3Csvg%20xmlns%3D%27http%3A%2F%2Fwww.w3.org%2F2000%2Fsvg%27%20width%3D%2740%27%20height%3D%2740%27%20viewBox%3D%270%200%2040%2040%27%3E%3Crect%20width%3D%2740%27%20height%3D%2740%27%20fill-opacity%3D%220%22%2F%3E%3C%2Fsvg%3E\" data-orig-src=\"http:\/\/cmpaix.eu\/fr\/wp-content\/uploads\/2013\/09\/fleche-vers-bas-telecharger.png\" width=\"40\" height=\"40\" \/>T\u00e9l\u00e9charger la lettre de septembre 2015<\/a><\/p>\n","protected":false},"excerpt":{"rendered":"<p>Deux \u00e9v\u00e9nements franco-allemands vous attendent en septembre au Centre Mondial de la Paix : \u00ab\u00a0Le trait\u00e9 de Verdun, de Charlemagne \u00e0 l&rsquo;Europe\u00a0\u00bb et \u00ab\u00a0Vienne 1814\/1815, la ville et le Congr\u00e8s\u00a0\u00bb Au programme en septembre : &#8211; le 12 septembre > Pr\u00e9sence du Centre Mondial de la Paix \u00e0 la Foire  [&#8230;]<\/p>\n","protected":false},"author":1,"featured_media":0,"comment_status":"closed","ping_status":"closed","sticky":false,"template":"","format":"standard","meta":{"ngg_post_thumbnail":0,"footnotes":""},"categories":[1],"tags":[],"class_list":["post-7467","post","type-post","status-publish","format-standard","hentry","category-non-classe"],"_links":{"self":[{"href":"http:\/\/cmpaix.eu\/fr\/wp-json\/wp\/v2\/posts\/7467","targetHints":{"allow":["GET"]}}],"collection":[{"href":"http:\/\/cmpaix.eu\/fr\/wp-json\/wp\/v2\/posts"}],"about":[{"href":"http:\/\/cmpaix.eu\/fr\/wp-json\/wp\/v2\/types\/post"}],"author":[{"embeddable":true,"href":"http:\/\/cmpaix.eu\/fr\/wp-json\/wp\/v2\/users\/1"}],"replies":[{"embeddable":true,"href":"http:\/\/cmpaix.eu\/fr\/wp-json\/wp\/v2\/comments?post=7467"}],"version-history":[{"count":1,"href":"http:\/\/cmpaix.eu\/fr\/wp-json\/wp\/v2\/posts\/7467\/revisions"}],"predecessor-version":[{"id":7469,"href":"http:\/\/cmpaix.eu\/fr\/wp-json\/wp\/v2\/posts\/7467\/revisions\/7469"}],"wp:attachment":[{"href":"http:\/\/cmpaix.eu\/fr\/wp-json\/wp\/v2\/media?parent=7467"}],"wp:term":[{"taxonomy":"category","embeddable":true,"href":"http:\/\/cmpaix.eu\/fr\/wp-json\/wp\/v2\/categories?post=7467"},{"taxonomy":"post_tag","embeddable":true,"href":"http:\/\/cmpaix.eu\/fr\/wp-json\/wp\/v2\/tags?post=7467"}],"curies":[{"name":"wp","href":"https:\/\/api.w.org\/{rel}","templated":true}]}}