{"id":7680,"date":"2016-01-20T14:36:54","date_gmt":"2016-01-20T12:36:54","guid":{"rendered":"http:\/\/cmpaix.eu\/fr\/?p=7680"},"modified":"2016-01-20T14:36:54","modified_gmt":"2016-01-20T12:36:54","slug":"lettre-janvier-2016","status":"publish","type":"post","link":"http:\/\/cmpaix.eu\/fr\/lettre-janvier-2016\/","title":{"rendered":"Lettre janvier 2016"},"content":{"rendered":"<p>Au programme en janvier:<\/p>\n<p>&#8211; le 25 janvier 2016 \u00e0 18h00 > <strong>Pr\u00e9sentation du livre<\/strong> <strong> <em>\u00ab Le Luxembourg d\u2019une guerre \u00e0 l\u2019autre \u00bb<\/em><\/strong>, nouvelle publication de Steve KAYSER, Directeur du Centre de Documentation et de Recherches sur l\u2019Enr\u00f4lement Forc\u00e9 au Grand Duch\u00e9 du Luxembourg.<br \/>\n&#8211; le 26 janvier 2016 \u00e0 18h30 > A l\u2019occasion du 71\u00e8me anniversaire de la lib\u00e9ration des camps de concentration et d\u2019extermination, <strong>conf\u00e9rence-d\u00e9bat<\/strong> anim\u00e9e par <strong>Monsieur Jean MANCHETTE<\/strong>, ancien d\u00e9port\u00e9 d\u2019Orianenburg-Sachsenhausen.<br \/>\n&#8211; le 29 janvier 2016 \u00e0 18h30 > <strong>Conf\u00e9rence<\/strong> organis\u00e9e par l\u2019association 14\/18 Meuse et anim\u00e9e par le Colonel Nicolas TACHON, sur le th\u00e8me <strong><em>\u00ab Janvier 1915 &#8211; janvier 1916 : \u00e9chec alli\u00e9 aux Dardanelles \u00bb<\/em><\/strong> avec projection de nombreuses photos.<\/p>\n<p>Nos expositions<br \/>\n&#8211; <strong>\u00ab\u00a0Le trait\u00e9 de Verdun, de Charlemagne \u00e0 l&rsquo;Europe\u00a0\u00bb<\/strong><br \/>\n&#8211; <strong>\u00ab\u00a0Que reste-t-il de la Grande Guerre ?\u00a0\u00bb<\/strong><\/p>\n<p>\n<a href=\"http:\/\/cmpaix.eu\/LaLettre\/lettre_janvier16.pdf\" target=\"_blank\"><img class=\"lazyload\" decoding=\"async\" src=\"data:image\/svg+xml,%3Csvg%20xmlns%3D%27http%3A%2F%2Fwww.w3.org%2F2000%2Fsvg%27%20width%3D%2740%27%20height%3D%2740%27%20viewBox%3D%270%200%2040%2040%27%3E%3Crect%20width%3D%2740%27%20height%3D%2740%27%20fill-opacity%3D%220%22%2F%3E%3C%2Fsvg%3E\" data-orig-src=\"http:\/\/cmpaix.eu\/fr\/wp-content\/uploads\/2013\/09\/fleche-vers-bas-telecharger.png\" width=\"40\" height=\"40\" \/>T\u00e9l\u00e9charger la lettre de janvier 2016<\/a><\/p>\n","protected":false},"excerpt":{"rendered":"<p>Au programme en janvier: &#8211; le 25 janvier 2016 \u00e0 18h00 > Pr\u00e9sentation du livre \u00ab Le Luxembourg d\u2019une guerre \u00e0 l\u2019autre \u00bb, nouvelle publication de Steve KAYSER, Directeur du Centre de Documentation et de Recherches sur l\u2019Enr\u00f4lement Forc\u00e9 au Grand Duch\u00e9 du Luxembourg. &#8211; le 26 janvier 2016 \u00e0  [&#8230;]<\/p>\n","protected":false},"author":1,"featured_media":5266,"comment_status":"closed","ping_status":"closed","sticky":false,"template":"","format":"standard","meta":{"ngg_post_thumbnail":0,"footnotes":""},"categories":[1],"tags":[],"class_list":["post-7680","post","type-post","status-publish","format-standard","has-post-thumbnail","hentry","category-non-classe"],"_links":{"self":[{"href":"http:\/\/cmpaix.eu\/fr\/wp-json\/wp\/v2\/posts\/7680","targetHints":{"allow":["GET"]}}],"collection":[{"href":"http:\/\/cmpaix.eu\/fr\/wp-json\/wp\/v2\/posts"}],"about":[{"href":"http:\/\/cmpaix.eu\/fr\/wp-json\/wp\/v2\/types\/post"}],"author":[{"embeddable":true,"href":"http:\/\/cmpaix.eu\/fr\/wp-json\/wp\/v2\/users\/1"}],"replies":[{"embeddable":true,"href":"http:\/\/cmpaix.eu\/fr\/wp-json\/wp\/v2\/comments?post=7680"}],"version-history":[{"count":1,"href":"http:\/\/cmpaix.eu\/fr\/wp-json\/wp\/v2\/posts\/7680\/revisions"}],"predecessor-version":[{"id":7681,"href":"http:\/\/cmpaix.eu\/fr\/wp-json\/wp\/v2\/posts\/7680\/revisions\/7681"}],"wp:featuredmedia":[{"embeddable":true,"href":"http:\/\/cmpaix.eu\/fr\/wp-json\/wp\/v2\/media\/5266"}],"wp:attachment":[{"href":"http:\/\/cmpaix.eu\/fr\/wp-json\/wp\/v2\/media?parent=7680"}],"wp:term":[{"taxonomy":"category","embeddable":true,"href":"http:\/\/cmpaix.eu\/fr\/wp-json\/wp\/v2\/categories?post=7680"},{"taxonomy":"post_tag","embeddable":true,"href":"http:\/\/cmpaix.eu\/fr\/wp-json\/wp\/v2\/tags?post=7680"}],"curies":[{"name":"wp","href":"https:\/\/api.w.org\/{rel}","templated":true}]}}