{"id":7692,"date":"2016-02-05T18:08:18","date_gmt":"2016-02-05T16:08:18","guid":{"rendered":"http:\/\/cmpaix.eu\/fr\/?p=7692"},"modified":"2016-02-05T18:08:18","modified_gmt":"2016-02-05T16:08:18","slug":"lettre-fevrier-2016","status":"publish","type":"post","link":"http:\/\/cmpaix.eu\/fr\/lettre-fevrier-2016\/","title":{"rendered":"Lettre f\u00e9vrier 2016"},"content":{"rendered":"<p>Au programme en f\u00e9vrier :<\/p>\n<p>&#8211; le 27 f\u00e9vrier 2016 \u00e0 9h00 > <strong>Journ\u00e9e d\u2019\u00e9tude tri-acad\u00e9mique<\/strong> (Alsace, Lorraine, Champagne-Ardenne) organis\u00e9e par la R\u00e9gionale de Lorraine de l\u2019Association des Professeurs d\u2019Histoire et de G\u00e9ographie. (Entr\u00e9e ouverte au grand public)<\/p>\n<p>Nos expositions<br \/>\n&#8211; <strong>\u00ab\u00a0Verdun 1914-1916, la vie continue\u00a0\u00bb<\/strong> \u00e0 partir du 20 f\u00e9vrier<br \/>\n&#8211; <strong>\u00ab\u00a0Le trait\u00e9 de Verdun, de Charlemagne \u00e0 l&rsquo;Europe\u00a0\u00bb<\/strong><br \/>\n&#8211; <strong>\u00ab\u00a0Que reste-t-il de la Grande Guerre ?\u00a0\u00bb<\/strong><br \/>\n&#8211; <strong>\u00ab\u00a0Les artisans de la Paix\u00a0\u00bb<\/strong>, \u00e0 d\u00e9couvrir tr\u00e8s prochainement<\/p>\n<p>\n<a href=\"http:\/\/cmpaix.eu\/LaLettre\/lettre_fevrier16.pdf\" target=\"_blank\"><img class=\"lazyload\" decoding=\"async\" src=\"data:image\/svg+xml,%3Csvg%20xmlns%3D%27http%3A%2F%2Fwww.w3.org%2F2000%2Fsvg%27%20width%3D%2740%27%20height%3D%2740%27%20viewBox%3D%270%200%2040%2040%27%3E%3Crect%20width%3D%2740%27%20height%3D%2740%27%20fill-opacity%3D%220%22%2F%3E%3C%2Fsvg%3E\" data-orig-src=\"http:\/\/cmpaix.eu\/fr\/wp-content\/uploads\/2013\/09\/fleche-vers-bas-telecharger.png\" width=\"40\" height=\"40\" \/>T\u00e9l\u00e9charger la lettre de f\u00e9vrier 2016<\/a><\/p>\n","protected":false},"excerpt":{"rendered":"<p>Au programme en f\u00e9vrier : &#8211; le 27 f\u00e9vrier 2016 \u00e0 9h00 > Journ\u00e9e d\u2019\u00e9tude tri-acad\u00e9mique (Alsace, Lorraine, Champagne-Ardenne) organis\u00e9e par la R\u00e9gionale de Lorraine de l\u2019Association des Professeurs d\u2019Histoire et de G\u00e9ographie. (Entr\u00e9e ouverte au grand public) Nos expositions &#8211; \u00ab\u00a0Verdun 1914-1916, la vie continue\u00a0\u00bb \u00e0 partir du 20  [&#8230;]<\/p>\n","protected":false},"author":1,"featured_media":5266,"comment_status":"closed","ping_status":"closed","sticky":false,"template":"","format":"standard","meta":{"ngg_post_thumbnail":0,"footnotes":""},"categories":[1],"tags":[],"class_list":["post-7692","post","type-post","status-publish","format-standard","has-post-thumbnail","hentry","category-non-classe"],"_links":{"self":[{"href":"http:\/\/cmpaix.eu\/fr\/wp-json\/wp\/v2\/posts\/7692","targetHints":{"allow":["GET"]}}],"collection":[{"href":"http:\/\/cmpaix.eu\/fr\/wp-json\/wp\/v2\/posts"}],"about":[{"href":"http:\/\/cmpaix.eu\/fr\/wp-json\/wp\/v2\/types\/post"}],"author":[{"embeddable":true,"href":"http:\/\/cmpaix.eu\/fr\/wp-json\/wp\/v2\/users\/1"}],"replies":[{"embeddable":true,"href":"http:\/\/cmpaix.eu\/fr\/wp-json\/wp\/v2\/comments?post=7692"}],"version-history":[{"count":1,"href":"http:\/\/cmpaix.eu\/fr\/wp-json\/wp\/v2\/posts\/7692\/revisions"}],"predecessor-version":[{"id":7693,"href":"http:\/\/cmpaix.eu\/fr\/wp-json\/wp\/v2\/posts\/7692\/revisions\/7693"}],"wp:featuredmedia":[{"embeddable":true,"href":"http:\/\/cmpaix.eu\/fr\/wp-json\/wp\/v2\/media\/5266"}],"wp:attachment":[{"href":"http:\/\/cmpaix.eu\/fr\/wp-json\/wp\/v2\/media?parent=7692"}],"wp:term":[{"taxonomy":"category","embeddable":true,"href":"http:\/\/cmpaix.eu\/fr\/wp-json\/wp\/v2\/categories?post=7692"},{"taxonomy":"post_tag","embeddable":true,"href":"http:\/\/cmpaix.eu\/fr\/wp-json\/wp\/v2\/tags?post=7692"}],"curies":[{"name":"wp","href":"https:\/\/api.w.org\/{rel}","templated":true}]}}