{"id":7824,"date":"2016-05-30T14:53:19","date_gmt":"2016-05-30T12:53:19","guid":{"rendered":"http:\/\/cmpaix.eu\/fr\/?p=7824"},"modified":"2016-06-03T18:22:59","modified_gmt":"2016-06-03T16:22:59","slug":"les-rencontres-de-verdun-2016","status":"publish","type":"post","link":"http:\/\/cmpaix.eu\/fr\/les-rencontres-de-verdun-2016\/","title":{"rendered":"Les Rencontres de Verdun 2016"},"content":{"rendered":"<p>Dans le cadre de la comm\u00e9moration du centenaire de la bataille de Verdun, \u00e0 l&rsquo;honneur en cette ann\u00e9e 2016, un vaste programme d&rsquo;animations culturelles et de c\u00e9r\u00e9monies comm\u00e9moratives sera mis en oeuvre \u00e0 destination du grand public.<\/p>\n<p>La 8\u00e8me \u00e9dition des \u00ab\u00a0Rencontres de Verdun\u00a0\u00bb, qui se d\u00e9roulera du 16 au 19 juin 2016, met cette ann\u00e9e le monde rural \u00e0 l&rsquo;honneur. Durant ces quatre  jours d&rsquo;activit\u00e9s, la Mission Histoire du D\u00e9partement de la Meuse et ses partenaires seront enchant\u00e9s de vous accueillir \u00e0 Verdun et sur le champ de bataille pour vous faire partager l&rsquo;histoire de cette bataille !<\/p>\n<p>Le Centre Mondial de la Paix aura le plaisir d\u2019accueillir plusieurs activit\u00e9s :<\/p>\n<p><strong>Un spectacle de coll\u00e9giens<\/strong><br \/>\n&#8211; Vendredi 17 juin \u00e0 18h00, salle des audiences du Centre Mondial de la Paix, en ouverture de la conf\u00e9rence \u00ab\u00a0le Sport, un h\u00e9ritage inattendu de la Grande Guerre\u00a0\u00bb de Michel Merckel, une repr\u00e9sentation de la section danse du coll\u00e8ge Louis Pergaud de Fresnes-en-Wo\u00ebvre, en partenariat avec le CCN Ballet de Lorraine, sera donn\u00e9e. Mise en place par Joris Perez (professeur de danse au CCN Ballet de Lorraine) et Val\u00e9rie Bohin (professeur d&rsquo;EPS du coll\u00e8ge Louis Pergaud), les coll\u00e9giens utiliseront leurs corps en faveur du devoir de m\u00e9moire et de la transmission de l&rsquo;h\u00e9ritage de la Grande Guerre aux spectateurs, \u00e0 travers une chor\u00e9graphie.<\/p>\n<p><strong>Des conf\u00e9rences <\/strong><br \/>\n&#8211; \u00ab La Bataille de Verdun, mythes et r\u00e9alit\u00e9s \u00bb, par Jean-Claude Laparra et Jean-Luc Demandre, le mercredi 15 juin \u00e0 18h30 dans la salle vout\u00e9e. (conf\u00e9rence organis\u00e9e par l&rsquo;association 14\/18 Meuse)<br \/>\n&#8211; \u00ab Le sport, un h\u00e9ritage inattendu de la Grande Guerre \u00bb, par Michel Merckel, le vendredi 17 juin \u00e0 18h30 dans la salle vout\u00e9e.<br \/>\n&#8211; \u00ab Les femmes du monde rural dans la Grande Guerre \u00bb, par Dominique Lacorde et \u00ab Les animaux dans la Grande Guerre \u00bb, par Jean-Michel Derex,  le dimanche 19 juin \u00e0 partir de 15h30, dans la salle vout\u00e9e<\/p>\n<p><a href=\"http:\/\/cmpaix.eu\/fr\/wp-content\/uploads\/2016\/05\/16JCGMEU009-3-volets-rencontres-de-Verdun-2016-A4-HD.pdf\" target=\"_blank\">Programme complet des Rencontres de Verdun<\/a><\/p>\n","protected":false},"excerpt":{"rendered":"<p>Dans le cadre de la comm\u00e9moration du centenaire de la bataille de Verdun, \u00e0 l&rsquo;honneur en cette ann\u00e9e 2016, un vaste programme d&rsquo;animations culturelles et de c\u00e9r\u00e9monies comm\u00e9moratives sera mis en oeuvre \u00e0 destination du grand public. La 8\u00e8me \u00e9dition des \u00ab\u00a0Rencontres de Verdun\u00a0\u00bb, qui se d\u00e9roulera du 16 au  [&#8230;]<\/p>\n","protected":false},"author":1,"featured_media":0,"comment_status":"closed","ping_status":"closed","sticky":false,"template":"","format":"standard","meta":{"ngg_post_thumbnail":0,"footnotes":""},"categories":[1],"tags":[],"class_list":["post-7824","post","type-post","status-publish","format-standard","hentry","category-non-classe"],"_links":{"self":[{"href":"http:\/\/cmpaix.eu\/fr\/wp-json\/wp\/v2\/posts\/7824","targetHints":{"allow":["GET"]}}],"collection":[{"href":"http:\/\/cmpaix.eu\/fr\/wp-json\/wp\/v2\/posts"}],"about":[{"href":"http:\/\/cmpaix.eu\/fr\/wp-json\/wp\/v2\/types\/post"}],"author":[{"embeddable":true,"href":"http:\/\/cmpaix.eu\/fr\/wp-json\/wp\/v2\/users\/1"}],"replies":[{"embeddable":true,"href":"http:\/\/cmpaix.eu\/fr\/wp-json\/wp\/v2\/comments?post=7824"}],"version-history":[{"count":7,"href":"http:\/\/cmpaix.eu\/fr\/wp-json\/wp\/v2\/posts\/7824\/revisions"}],"predecessor-version":[{"id":8021,"href":"http:\/\/cmpaix.eu\/fr\/wp-json\/wp\/v2\/posts\/7824\/revisions\/8021"}],"wp:attachment":[{"href":"http:\/\/cmpaix.eu\/fr\/wp-json\/wp\/v2\/media?parent=7824"}],"wp:term":[{"taxonomy":"category","embeddable":true,"href":"http:\/\/cmpaix.eu\/fr\/wp-json\/wp\/v2\/categories?post=7824"},{"taxonomy":"post_tag","embeddable":true,"href":"http:\/\/cmpaix.eu\/fr\/wp-json\/wp\/v2\/tags?post=7824"}],"curies":[{"name":"wp","href":"https:\/\/api.w.org\/{rel}","templated":true}]}}