{"id":8262,"date":"2016-10-14T11:18:33","date_gmt":"2016-10-14T09:18:33","guid":{"rendered":"http:\/\/cmpaix.eu\/fr\/?p=8262"},"modified":"2021-09-29T17:06:09","modified_gmt":"2021-09-29T15:06:09","slug":"video-conference-debat-comment-eviter-quune-crise-regionale-ne-degenere-en-conflit-mondial","status":"publish","type":"post","link":"http:\/\/cmpaix.eu\/fr\/video-conference-debat-comment-eviter-quune-crise-regionale-ne-degenere-en-conflit-mondial\/","title":{"rendered":"Vid\u00e9o &#8211; Conf\u00e9rence d\u00e9bat \u2013 Comment \u00e9viter qu\u2019une crise r\u00e9gionale ne d\u00e9g\u00e9n\u00e8re en conflit mondial ?"},"content":{"rendered":"<p>Vid\u00e9o de la conf\u00e9rence d\u00e9bat \u00ab Comment \u00e9viter qu\u2019une crise r\u00e9gionale ne d\u00e9g\u00e9n\u00e8re en conflit mondial ? \u00bb, analogies et diff\u00e9rences entre 1914 et la crise en Ukraine de 2014, organis\u00e9e le 12 octobre 2016 \u00e0 15h45, \u00e0 l\u2019occasion de la Visite Officielle de l\u2019exposition \u00ab Les Artisans de la Paix \u00bb par Leurs Altesses Royales le Grand-Duc et la Grande-Duchesse de Luxembourg.<\/p>\n<p>A revivre les interventions de Loran Parisot, Alexandre ESCORCIA, Son Altesse Royale le Grand-Duc et G\u00e9rard Longuet.<\/p>\n<div class=\"fusion-fullwidth fullwidth-box fusion-builder-row-1 hundred-percent-fullwidth non-hundred-percent-height-scrolling\" style=\"--awb-border-radius-top-left:0px;--awb-border-radius-top-right:0px;--awb-border-radius-bottom-right:0px;--awb-border-radius-bottom-left:0px;--awb-overflow:visible;--awb-flex-wrap:wrap;\" ><div class=\"fusion-builder-row fusion-row\"><div class=\"fusion-layout-column fusion_builder_column fusion-builder-column-0 fusion_builder_column_1_1 1_1 fusion-one-full fusion-column-first fusion-column-last fusion-column-no-min-height\" style=\"--awb-bg-size:cover;--awb-margin-bottom:0px;\"><div class=\"fusion-column-wrapper fusion-flex-column-wrapper-legacy\"><div class=\"fusion-video fusion-youtube\" style=\"--awb-max-width:500px;--awb-max-height:500px;\"><div class=\"video-shortcode\"><div class=\"fluid-width-video-wrapper\" style=\"padding-top:100%;\" ><iframe title=\"YouTube video player 1\" src=\"https:\/\/www.youtube.com\/embed\/_1JTXRG3ywc?wmode=transparent&autoplay=0&oida=1\" width=\"500\" height=\"500\" allowfullscreen allow=\"autoplay; clipboard-write; encrypted-media; gyroscope; picture-in-picture;\"><\/iframe><\/div><\/div><\/div><div class=\"fusion-clearfix\"><\/div><\/div><\/div><\/div><\/div>\n","protected":false},"excerpt":{"rendered":"<p>Vid\u00e9o de la conf\u00e9rence d\u00e9bat \u00ab Comment \u00e9viter qu\u2019une crise r\u00e9gionale ne d\u00e9g\u00e9n\u00e8re en conflit mondial ? \u00bb, analogies et diff\u00e9rences entre 1914 et la crise en Ukraine de 2014, organis\u00e9e le 12 octobre 2016 \u00e0 15h45, \u00e0 l\u2019occasion de la Visite Officielle de l\u2019exposition \u00ab Les Artisans de la  [&#8230;]<\/p>\n","protected":false},"author":1,"featured_media":8261,"comment_status":"closed","ping_status":"closed","sticky":false,"template":"","format":"standard","meta":{"ngg_post_thumbnail":0,"footnotes":""},"categories":[1],"tags":[],"class_list":["post-8262","post","type-post","status-publish","format-standard","has-post-thumbnail","hentry","category-non-classe"],"_links":{"self":[{"href":"http:\/\/cmpaix.eu\/fr\/wp-json\/wp\/v2\/posts\/8262","targetHints":{"allow":["GET"]}}],"collection":[{"href":"http:\/\/cmpaix.eu\/fr\/wp-json\/wp\/v2\/posts"}],"about":[{"href":"http:\/\/cmpaix.eu\/fr\/wp-json\/wp\/v2\/types\/post"}],"author":[{"embeddable":true,"href":"http:\/\/cmpaix.eu\/fr\/wp-json\/wp\/v2\/users\/1"}],"replies":[{"embeddable":true,"href":"http:\/\/cmpaix.eu\/fr\/wp-json\/wp\/v2\/comments?post=8262"}],"version-history":[{"count":2,"href":"http:\/\/cmpaix.eu\/fr\/wp-json\/wp\/v2\/posts\/8262\/revisions"}],"predecessor-version":[{"id":10202,"href":"http:\/\/cmpaix.eu\/fr\/wp-json\/wp\/v2\/posts\/8262\/revisions\/10202"}],"wp:featuredmedia":[{"embeddable":true,"href":"http:\/\/cmpaix.eu\/fr\/wp-json\/wp\/v2\/media\/8261"}],"wp:attachment":[{"href":"http:\/\/cmpaix.eu\/fr\/wp-json\/wp\/v2\/media?parent=8262"}],"wp:term":[{"taxonomy":"category","embeddable":true,"href":"http:\/\/cmpaix.eu\/fr\/wp-json\/wp\/v2\/categories?post=8262"},{"taxonomy":"post_tag","embeddable":true,"href":"http:\/\/cmpaix.eu\/fr\/wp-json\/wp\/v2\/tags?post=8262"}],"curies":[{"name":"wp","href":"https:\/\/api.w.org\/{rel}","templated":true}]}}