{"id":8297,"date":"2017-01-06T18:44:49","date_gmt":"2017-01-06T16:44:49","guid":{"rendered":"http:\/\/cmpaix.eu\/fr\/?p=8297"},"modified":"2021-09-29T17:06:08","modified_gmt":"2021-09-29T15:06:08","slug":"video-temoignage-ida-grinspan","status":"publish","type":"post","link":"http:\/\/cmpaix.eu\/fr\/video-temoignage-ida-grinspan\/","title":{"rendered":"Vid\u00e9o &#8211; T\u00e9moignage Ida GRINSPAN"},"content":{"rendered":"<p>Vid\u00e9o du t\u00e9moignage de Mme Ida GRINSPAN, ancienne d\u00e9port\u00e9e d\u2019Auschwitz, devant plus de 200 \u00e9l\u00e8ves meusiens r\u00e9unis le 24 novembre 2016 dans la salle des Audiences du Centre Mondial de la Paix<\/p>\n<div class=\"fusion-fullwidth fullwidth-box fusion-builder-row-1 hundred-percent-fullwidth non-hundred-percent-height-scrolling\" style=\"--awb-border-radius-top-left:0px;--awb-border-radius-top-right:0px;--awb-border-radius-bottom-right:0px;--awb-border-radius-bottom-left:0px;--awb-overflow:visible;--awb-flex-wrap:wrap;\" ><div class=\"fusion-builder-row fusion-row\"><div class=\"fusion-layout-column fusion_builder_column fusion-builder-column-0 fusion_builder_column_1_1 1_1 fusion-one-full fusion-column-first fusion-column-last fusion-column-no-min-height\" style=\"--awb-bg-size:cover;--awb-margin-bottom:0px;\"><div class=\"fusion-column-wrapper fusion-flex-column-wrapper-legacy\"><div class=\"fusion-video fusion-youtube\" style=\"--awb-max-width:500px;--awb-max-height:500px;\"><div class=\"video-shortcode\"><div class=\"fluid-width-video-wrapper\" style=\"padding-top:100%;\" ><iframe title=\"YouTube video player 1\" src=\"https:\/\/www.youtube.com\/embed\/0_e91fi4QE0?wmode=transparent&autoplay=0&oida=1\" width=\"500\" height=\"500\" allowfullscreen allow=\"autoplay; clipboard-write; encrypted-media; gyroscope; picture-in-picture;\"><\/iframe><\/div><\/div><\/div><div class=\"fusion-clearfix\"><\/div><\/div><\/div><\/div><\/div>\n","protected":false},"excerpt":{"rendered":"<p>Vid\u00e9o du t\u00e9moignage de Mme Ida GRINSPAN, ancienne d\u00e9port\u00e9e d\u2019Auschwitz, devant plus de 200 \u00e9l\u00e8ves meusiens r\u00e9unis le 24 novembre 2016 dans la salle des Audiences du Centre Mondial de la Paix<\/p>\n","protected":false},"author":1,"featured_media":8291,"comment_status":"closed","ping_status":"closed","sticky":false,"template":"","format":"standard","meta":{"ngg_post_thumbnail":0,"footnotes":""},"categories":[1],"tags":[],"class_list":["post-8297","post","type-post","status-publish","format-standard","has-post-thumbnail","hentry","category-non-classe"],"_links":{"self":[{"href":"http:\/\/cmpaix.eu\/fr\/wp-json\/wp\/v2\/posts\/8297","targetHints":{"allow":["GET"]}}],"collection":[{"href":"http:\/\/cmpaix.eu\/fr\/wp-json\/wp\/v2\/posts"}],"about":[{"href":"http:\/\/cmpaix.eu\/fr\/wp-json\/wp\/v2\/types\/post"}],"author":[{"embeddable":true,"href":"http:\/\/cmpaix.eu\/fr\/wp-json\/wp\/v2\/users\/1"}],"replies":[{"embeddable":true,"href":"http:\/\/cmpaix.eu\/fr\/wp-json\/wp\/v2\/comments?post=8297"}],"version-history":[{"count":5,"href":"http:\/\/cmpaix.eu\/fr\/wp-json\/wp\/v2\/posts\/8297\/revisions"}],"predecessor-version":[{"id":10199,"href":"http:\/\/cmpaix.eu\/fr\/wp-json\/wp\/v2\/posts\/8297\/revisions\/10199"}],"wp:featuredmedia":[{"embeddable":true,"href":"http:\/\/cmpaix.eu\/fr\/wp-json\/wp\/v2\/media\/8291"}],"wp:attachment":[{"href":"http:\/\/cmpaix.eu\/fr\/wp-json\/wp\/v2\/media?parent=8297"}],"wp:term":[{"taxonomy":"category","embeddable":true,"href":"http:\/\/cmpaix.eu\/fr\/wp-json\/wp\/v2\/categories?post=8297"},{"taxonomy":"post_tag","embeddable":true,"href":"http:\/\/cmpaix.eu\/fr\/wp-json\/wp\/v2\/tags?post=8297"}],"curies":[{"name":"wp","href":"https:\/\/api.w.org\/{rel}","templated":true}]}}