{"id":8317,"date":"2017-02-03T12:58:07","date_gmt":"2017-02-03T10:58:07","guid":{"rendered":"http:\/\/cmpaix.eu\/fr\/?p=8317"},"modified":"2017-02-03T12:58:07","modified_gmt":"2017-02-03T10:58:07","slug":"conference-la-bataille-de-verdun-vue-par-un-historien-americain","status":"publish","type":"post","link":"http:\/\/cmpaix.eu\/fr\/conference-la-bataille-de-verdun-vue-par-un-historien-americain\/","title":{"rendered":"Conf\u00e9rence &#8211; \u00ab La bataille de Verdun vue par un historien am\u00e9ricain \u00bb"},"content":{"rendered":"<p>Conf\u00e9rence organis\u00e9e par la Mission Histoire sur le th\u00e8me \u00ab La bataille de Verdun vu par un historien am\u00e9ricain \u00bb, par M. Claude Gaudiot le 21 f\u00e9vrier 2017 \u00e0 18h30 au Centre Mondial de la Paix.<\/p>\n<p>Cette conf\u00e9rence est bas\u00e9e sur le livre de John Mosier \u00ab The lost History of the most important battle of World War I 1914-1918\u201d. <\/p>\n","protected":false},"excerpt":{"rendered":"<p>Conf\u00e9rence organis\u00e9e par la Mission Histoire sur le th\u00e8me \u00ab La bataille de Verdun vu par un historien am\u00e9ricain \u00bb, par M. Claude Gaudiot le 21 f\u00e9vrier 2017 \u00e0 18h30 au Centre Mondial de la Paix. Cette conf\u00e9rence est bas\u00e9e sur le livre de John Mosier \u00ab The lost History  [&#8230;]<\/p>\n","protected":false},"author":1,"featured_media":0,"comment_status":"closed","ping_status":"closed","sticky":false,"template":"","format":"standard","meta":{"ngg_post_thumbnail":0,"footnotes":""},"categories":[1],"tags":[],"class_list":["post-8317","post","type-post","status-publish","format-standard","hentry","category-non-classe"],"_links":{"self":[{"href":"http:\/\/cmpaix.eu\/fr\/wp-json\/wp\/v2\/posts\/8317","targetHints":{"allow":["GET"]}}],"collection":[{"href":"http:\/\/cmpaix.eu\/fr\/wp-json\/wp\/v2\/posts"}],"about":[{"href":"http:\/\/cmpaix.eu\/fr\/wp-json\/wp\/v2\/types\/post"}],"author":[{"embeddable":true,"href":"http:\/\/cmpaix.eu\/fr\/wp-json\/wp\/v2\/users\/1"}],"replies":[{"embeddable":true,"href":"http:\/\/cmpaix.eu\/fr\/wp-json\/wp\/v2\/comments?post=8317"}],"version-history":[{"count":1,"href":"http:\/\/cmpaix.eu\/fr\/wp-json\/wp\/v2\/posts\/8317\/revisions"}],"predecessor-version":[{"id":8320,"href":"http:\/\/cmpaix.eu\/fr\/wp-json\/wp\/v2\/posts\/8317\/revisions\/8320"}],"wp:attachment":[{"href":"http:\/\/cmpaix.eu\/fr\/wp-json\/wp\/v2\/media?parent=8317"}],"wp:term":[{"taxonomy":"category","embeddable":true,"href":"http:\/\/cmpaix.eu\/fr\/wp-json\/wp\/v2\/categories?post=8317"},{"taxonomy":"post_tag","embeddable":true,"href":"http:\/\/cmpaix.eu\/fr\/wp-json\/wp\/v2\/tags?post=8317"}],"curies":[{"name":"wp","href":"https:\/\/api.w.org\/{rel}","templated":true}]}}