{"id":8318,"date":"2017-02-03T12:57:59","date_gmt":"2017-02-03T10:57:59","guid":{"rendered":"http:\/\/cmpaix.eu\/fr\/?p=8318"},"modified":"2017-02-03T12:57:59","modified_gmt":"2017-02-03T10:57:59","slug":"conference-la-croix-de-guerre-histoire-et-posterite-dune-decoration-novatrice","status":"publish","type":"post","link":"http:\/\/cmpaix.eu\/fr\/conference-la-croix-de-guerre-histoire-et-posterite-dune-decoration-novatrice\/","title":{"rendered":"Conf\u00e9rence &#8211; \u00ab La Croix de guerre. Histoire et post\u00e9rit\u00e9 d\u2019une d\u00e9coration novatrice \u00bb"},"content":{"rendered":"<p>Conf\u00e9rence organis\u00e9e par la Mission Histoire sur le th\u00e8me \u00ab La Croix de guerre. Histoire et post\u00e9rit\u00e9 d\u2019une d\u00e9coration novatrice \u00bb, par M. Jean Fran\u00e7ois Dubos (conservateur de la biblioth\u00e8que du Service historique de la D\u00e9fense), le 10 f\u00e9vrier 2017 \u00e0 18h au Centre Mondial de la Paix. <\/p>\n<p>Cette conf\u00e9rence a pour but de pr\u00e9senter la Croix de guerre. Cette d\u00e9coration novatrice qui a durablement impact\u00e9 le paysage des r\u00e9compenses fran\u00e7aises et \u00e9trang\u00e8res, jusqu\u2019\u00e0 aujourd\u2019hui. En effet, plus d&rsquo;un si\u00e8cle apr\u00e8s sa cr\u00e9ation, la Croix de guerre reste non seulement une d\u00e9coration particuli\u00e8re dans le paysage des r\u00e9compenses honorifiques, mais aussi un concept et un symbole.<\/p>\n","protected":false},"excerpt":{"rendered":"<p>Conf\u00e9rence organis\u00e9e par la Mission Histoire sur le th\u00e8me \u00ab La Croix de guerre. Histoire et post\u00e9rit\u00e9 d\u2019une d\u00e9coration novatrice \u00bb, par M. Jean Fran\u00e7ois Dubos (conservateur de la biblioth\u00e8que du Service historique de la D\u00e9fense), le 10 f\u00e9vrier 2017 \u00e0 18h au Centre Mondial de la Paix. Cette conf\u00e9rence  [&#8230;]<\/p>\n","protected":false},"author":1,"featured_media":0,"comment_status":"closed","ping_status":"closed","sticky":false,"template":"","format":"standard","meta":{"ngg_post_thumbnail":0,"footnotes":""},"categories":[1],"tags":[],"class_list":["post-8318","post","type-post","status-publish","format-standard","hentry","category-non-classe"],"_links":{"self":[{"href":"http:\/\/cmpaix.eu\/fr\/wp-json\/wp\/v2\/posts\/8318","targetHints":{"allow":["GET"]}}],"collection":[{"href":"http:\/\/cmpaix.eu\/fr\/wp-json\/wp\/v2\/posts"}],"about":[{"href":"http:\/\/cmpaix.eu\/fr\/wp-json\/wp\/v2\/types\/post"}],"author":[{"embeddable":true,"href":"http:\/\/cmpaix.eu\/fr\/wp-json\/wp\/v2\/users\/1"}],"replies":[{"embeddable":true,"href":"http:\/\/cmpaix.eu\/fr\/wp-json\/wp\/v2\/comments?post=8318"}],"version-history":[{"count":1,"href":"http:\/\/cmpaix.eu\/fr\/wp-json\/wp\/v2\/posts\/8318\/revisions"}],"predecessor-version":[{"id":8319,"href":"http:\/\/cmpaix.eu\/fr\/wp-json\/wp\/v2\/posts\/8318\/revisions\/8319"}],"wp:attachment":[{"href":"http:\/\/cmpaix.eu\/fr\/wp-json\/wp\/v2\/media?parent=8318"}],"wp:term":[{"taxonomy":"category","embeddable":true,"href":"http:\/\/cmpaix.eu\/fr\/wp-json\/wp\/v2\/categories?post=8318"},{"taxonomy":"post_tag","embeddable":true,"href":"http:\/\/cmpaix.eu\/fr\/wp-json\/wp\/v2\/tags?post=8318"}],"curies":[{"name":"wp","href":"https:\/\/api.w.org\/{rel}","templated":true}]}}