{"id":8323,"date":"2017-02-10T12:18:26","date_gmt":"2017-02-10T10:18:26","guid":{"rendered":"http:\/\/cmpaix.eu\/fr\/?p=8323"},"modified":"2021-09-29T17:06:08","modified_gmt":"2021-09-29T15:06:08","slug":"sommet-international-des-prix-nobel-de-la-paix","status":"publish","type":"post","link":"http:\/\/cmpaix.eu\/fr\/sommet-international-des-prix-nobel-de-la-paix\/","title":{"rendered":"Sommet International des Prix Nobel de la Paix"},"content":{"rendered":"<p>Le Centre Mondial de la Paix, des libert\u00e9s et des droits de l\u2019Homme a \u00e9t\u00e9, pour la 1\u00e8re fois de son histoire, invit\u00e9 au Sommet International des Prix Nobel de la Paix.<br \/>\nCette invitation est le fruit des contacts et du travail men\u00e9 par Pierre REGENT, Vice-Pr\u00e9sident du Centre Mondial de la Paix, Conseiller R\u00e9gional Grand-Est avec le Secr\u00e9tariat permanent du Sommet.<br \/>\n<a href=\"http:\/\/www.cmpaix.eu\/bogota\/Sommet-Prix-Nobel-de-la-Paix.html\" target=\"_blank\" rel=\"noopener\"><div class=\"fusion-fullwidth fullwidth-box fusion-builder-row-1 hundred-percent-fullwidth non-hundred-percent-height-scrolling\" style=\"--awb-border-radius-top-left:0px;--awb-border-radius-top-right:0px;--awb-border-radius-bottom-right:0px;--awb-border-radius-bottom-left:0px;--awb-overflow:visible;--awb-flex-wrap:wrap;\" ><div class=\"fusion-builder-row fusion-row\"><div class=\"fusion-layout-column fusion_builder_column fusion-builder-column-0 fusion_builder_column_1_1 1_1 fusion-one-full fusion-column-first fusion-column-last fusion-column-no-min-height\" style=\"--awb-bg-size:cover;--awb-margin-bottom:0px;\"><div class=\"fusion-column-wrapper fusion-flex-column-wrapper-legacy\">[en savoir plus]<\/a><\/p>\n<p><a href=\"http:\/\/www.cmpaix.eu\/bogota\/Sommet-Prix-Nobel-de-la-Paix.html\" target=\"_blank\" rel=\"noopener\"><img decoding=\"async\" src=\"http:\/\/cmpaix.eu\/fr\/wp-content\/uploads\/2017\/02\/bandeaubogota.png\" data-orig-src=\"http:\/\/cmpaix.eu\/fr\/wp-content\/uploads\/2017\/02\/bandeaubogota.png\" alt=\"\" width=\"600\" height=\"159\" class=\"lazyload aligncenter size-full wp-image-8324\" srcset=\"data:image\/svg+xml,%3Csvg%20xmlns%3D%27http%3A%2F%2Fwww.w3.org%2F2000%2Fsvg%27%20width%3D%27600%27%20height%3D%27159%27%20viewBox%3D%270%200%20600%20159%27%3E%3Crect%20width%3D%27600%27%20height%3D%27159%27%20fill-opacity%3D%220%22%2F%3E%3C%2Fsvg%3E\" data-srcset=\"http:\/\/cmpaix.eu\/fr\/wp-content\/uploads\/2017\/02\/bandeaubogota-300x80.png 300w, http:\/\/cmpaix.eu\/fr\/wp-content\/uploads\/2017\/02\/bandeaubogota.png 600w\" data-sizes=\"auto\" data-orig-sizes=\"(max-width: 600px) 100vw, 600px\" \/><\/a><div class=\"fusion-clearfix\"><\/div><\/div><\/div><\/div><\/div><\/p>\n","protected":false},"excerpt":{"rendered":"<p>Le Centre Mondial de la Paix, des libert\u00e9s et des droits de l\u2019Homme a \u00e9t\u00e9, pour la 1\u00e8re fois de son histoire, invit\u00e9 au Sommet International des Prix Nobel de la Paix. Cette invitation est le fruit des contacts et du travail men\u00e9 par Pierre REGENT, Vice-Pr\u00e9sident du Centre Mondial  [&#8230;]<\/p>\n","protected":false},"author":1,"featured_media":8327,"comment_status":"closed","ping_status":"closed","sticky":false,"template":"","format":"standard","meta":{"ngg_post_thumbnail":0,"footnotes":""},"categories":[1],"tags":[],"class_list":["post-8323","post","type-post","status-publish","format-standard","has-post-thumbnail","hentry","category-non-classe"],"_links":{"self":[{"href":"http:\/\/cmpaix.eu\/fr\/wp-json\/wp\/v2\/posts\/8323","targetHints":{"allow":["GET"]}}],"collection":[{"href":"http:\/\/cmpaix.eu\/fr\/wp-json\/wp\/v2\/posts"}],"about":[{"href":"http:\/\/cmpaix.eu\/fr\/wp-json\/wp\/v2\/types\/post"}],"author":[{"embeddable":true,"href":"http:\/\/cmpaix.eu\/fr\/wp-json\/wp\/v2\/users\/1"}],"replies":[{"embeddable":true,"href":"http:\/\/cmpaix.eu\/fr\/wp-json\/wp\/v2\/comments?post=8323"}],"version-history":[{"count":4,"href":"http:\/\/cmpaix.eu\/fr\/wp-json\/wp\/v2\/posts\/8323\/revisions"}],"predecessor-version":[{"id":10196,"href":"http:\/\/cmpaix.eu\/fr\/wp-json\/wp\/v2\/posts\/8323\/revisions\/10196"}],"wp:featuredmedia":[{"embeddable":true,"href":"http:\/\/cmpaix.eu\/fr\/wp-json\/wp\/v2\/media\/8327"}],"wp:attachment":[{"href":"http:\/\/cmpaix.eu\/fr\/wp-json\/wp\/v2\/media?parent=8323"}],"wp:term":[{"taxonomy":"category","embeddable":true,"href":"http:\/\/cmpaix.eu\/fr\/wp-json\/wp\/v2\/categories?post=8323"},{"taxonomy":"post_tag","embeddable":true,"href":"http:\/\/cmpaix.eu\/fr\/wp-json\/wp\/v2\/tags?post=8323"}],"curies":[{"name":"wp","href":"https:\/\/api.w.org\/{rel}","templated":true}]}}