{"id":8594,"date":"2017-10-22T13:48:10","date_gmt":"2017-10-22T11:48:10","guid":{"rendered":"http:\/\/cmpaix.eu\/fr\/?p=8594"},"modified":"2017-11-06T15:43:18","modified_gmt":"2017-11-06T13:43:18","slug":"14e-salon-du-livre-dhistoire-de-verdun","status":"publish","type":"post","link":"http:\/\/cmpaix.eu\/fr\/14e-salon-du-livre-dhistoire-de-verdun\/","title":{"rendered":"14e Salon du Livre d\u2019Histoire de Verdun"},"content":{"rendered":"<p><strong>14e Salon du Livre d\u2019Histoire de Verdun<\/strong><br \/>\nles 4 et 5 novembre 2017 de 10h \u00e0 12h30 et de 14h \u00e0 18h &#8211; entr\u00e9e libre<\/p>\n<p><strong>Samedi 4 et dimanche 5 novembre 2017<\/strong>, de 10h00 \u00e0 12h30 et de 14h00 \u00e0 18h00, le Centre Mondial de la Paix, des libert\u00e9s et des droits de l\u2019Homme accueillera le 14e Salon du Livre d\u2019Histoire de Verdun labellis\u00e9 par la Mission Centenaire nationale. Samedi 4 novembre \u00e0 11h00, les Prix Mondes en guerre, mondes en paix et Sergent Maginot seront remis aux laur\u00e9ats. <\/p>\n<p>Le 14e Salon du Livre d\u2019Histoire de Verdun reviendra sur l\u2019actualit\u00e9 du livre 2017. Environ soixante auteurs pr\u00e9senteront leur dernier ouvrage traitant de g\u00e9opolitique, de relations internationales, d\u2019Histoire et en particulier de la Premi\u00e8re Guerre mondiale. Cette ann\u00e9e, en plus des auteurs jeunesse, un grand espace sera d\u00e9di\u00e9 aux bandes dessin\u00e9es avec la pr\u00e9sence de dessinateurs et de sc\u00e9naristes de plusieurs maisons d\u2019\u00e9dition.  Plusieurs libraires d\u2019ouvrages de collection permettront au public de trouver des livres rares et anciens.<\/p>\n<p><strong>Il est parrain\u00e9 par Philippe CONTAMINE<\/strong>, professeur \u00e9m\u00e9rite d\u2019histoire du Moyen Age \u00e0 l\u2019universit\u00e9 Paris-Sorbonne, membre de l\u2019Acad\u00e9mie des inscriptions et belles-lettres. Il est internationalement connu pour ses travaux sur la guerre et la noblesse de la fin du Moyen Age. Son dernier ouvrage \u00ab Charles VII \u00bb vient de para\u00eetre aux \u00e9ditions Perrin.<\/p>\n<p>Les Prix Mondes en guerre, mondes en paix et Sergent Maginot (nouveaut\u00e9 2017) r\u00e9compenseront des ouvrages parus entre septembre 2016 et juin 2017 publi\u00e9s par un \u00e9diteur, sur une approche contemporaine guerre et paix pour le premier et Guerre de 14-18 pour le second.<\/p>\n<p><strong>Le Salon du Livre d\u2019Histoire de Verdun est organis\u00e9 par l\u2019association 14\/18 Meuse<\/strong> au Centre Mondial de la Paix en partenariat avec la librairie commercienne.<\/p>\n<p>Le Salon du Livre d\u2019Histoire de Verdun labellis\u00e9 par la Mission Centenaire est soutenu par le Conseil d\u00e9partemental de la Meuse, la R\u00e9gion d\u2019Alsace Champagne-Ardenne Lorraine.<\/p>\n<p><a href=\"http:\/\/cmpaix.fr\/docs\/FLYER_Salon2017.pdf\" target=\"_blank\"><strong>Retrouvez le programme officiel en suivant ce lien.<\/strong><\/a><br \/>\n<a href=\"http:\/\/cmpaix.fr\/docs\/DOSSIER DE PRESSE SALON 2017.pdf\" target=\"_blank\"><strong>Dossier de presse.<\/strong><\/a><\/p>\n<p><img class=\"lazyload\" decoding=\"async\" src=\"data:image\/gif;base64,R0lGODlhAQABAAAAACH5BAEKAAEALAAAAAABAAEAAAICTAEAOw==\" data-orig-src=\"http:\/\/www.cmpaix.eu\/newsletter\/img\/salon-du-livre17.jpg\"border=\"0\" style=\"display:block; border:none; outline:none; text-decoration:none;\"\/><\/p>\n","protected":false},"excerpt":{"rendered":"<p>14e Salon du Livre d\u2019Histoire de Verdun les 4 et 5 novembre 2017 de 10h \u00e0 12h30 et de 14h \u00e0 18h &#8211; entr\u00e9e libre Samedi 4 et dimanche 5 novembre 2017, de 10h00 \u00e0 12h30 et de 14h00 \u00e0 18h00, le Centre Mondial de la Paix, des libert\u00e9s et  [&#8230;]<\/p>\n","protected":false},"author":1,"featured_media":8612,"comment_status":"closed","ping_status":"closed","sticky":false,"template":"","format":"standard","meta":{"ngg_post_thumbnail":0,"footnotes":""},"categories":[35],"tags":[],"class_list":["post-8594","post","type-post","status-publish","format-standard","has-post-thumbnail","hentry","category-salon-du-livre-dhistoire"],"_links":{"self":[{"href":"http:\/\/cmpaix.eu\/fr\/wp-json\/wp\/v2\/posts\/8594","targetHints":{"allow":["GET"]}}],"collection":[{"href":"http:\/\/cmpaix.eu\/fr\/wp-json\/wp\/v2\/posts"}],"about":[{"href":"http:\/\/cmpaix.eu\/fr\/wp-json\/wp\/v2\/types\/post"}],"author":[{"embeddable":true,"href":"http:\/\/cmpaix.eu\/fr\/wp-json\/wp\/v2\/users\/1"}],"replies":[{"embeddable":true,"href":"http:\/\/cmpaix.eu\/fr\/wp-json\/wp\/v2\/comments?post=8594"}],"version-history":[{"count":6,"href":"http:\/\/cmpaix.eu\/fr\/wp-json\/wp\/v2\/posts\/8594\/revisions"}],"predecessor-version":[{"id":8630,"href":"http:\/\/cmpaix.eu\/fr\/wp-json\/wp\/v2\/posts\/8594\/revisions\/8630"}],"wp:featuredmedia":[{"embeddable":true,"href":"http:\/\/cmpaix.eu\/fr\/wp-json\/wp\/v2\/media\/8612"}],"wp:attachment":[{"href":"http:\/\/cmpaix.eu\/fr\/wp-json\/wp\/v2\/media?parent=8594"}],"wp:term":[{"taxonomy":"category","embeddable":true,"href":"http:\/\/cmpaix.eu\/fr\/wp-json\/wp\/v2\/categories?post=8594"},{"taxonomy":"post_tag","embeddable":true,"href":"http:\/\/cmpaix.eu\/fr\/wp-json\/wp\/v2\/tags?post=8594"}],"curies":[{"name":"wp","href":"https:\/\/api.w.org\/{rel}","templated":true}]}}