{"id":8663,"date":"2017-12-15T10:12:46","date_gmt":"2017-12-15T08:12:46","guid":{"rendered":"http:\/\/cmpaix.eu\/fr\/?p=8663"},"modified":"2017-12-15T10:12:46","modified_gmt":"2017-12-15T08:12:46","slug":"fermeture-annuelle-5","status":"publish","type":"post","link":"http:\/\/cmpaix.eu\/fr\/fermeture-annuelle-5\/","title":{"rendered":"Fermeture annuelle"},"content":{"rendered":"<p>Les \u00e9lus et l\u2019\u00e9quipe du Centre Mondial de la Paix des libert\u00e9s et des droits de l\u2019Homme vous souhaitent de joyeuses f\u00eates de fin d\u2019ann\u00e9e.<\/p>\n<p>Le Centre Mondial de la Paix sera ferm\u00e9 du 21 d\u00e9cembre 2017 au 7 janvier 2018.<\/p>\n","protected":false},"excerpt":{"rendered":"<p>Les \u00e9lus et l\u2019\u00e9quipe du Centre Mondial de la Paix des libert\u00e9s et des droits de l\u2019Homme vous souhaitent de joyeuses f\u00eates de fin d\u2019ann\u00e9e. Le Centre Mondial de la Paix sera ferm\u00e9 du 21 d\u00e9cembre 2017 au 7 janvier 2018.<\/p>\n","protected":false},"author":1,"featured_media":0,"comment_status":"closed","ping_status":"closed","sticky":false,"template":"","format":"standard","meta":{"ngg_post_thumbnail":0,"footnotes":""},"categories":[1],"tags":[],"class_list":["post-8663","post","type-post","status-publish","format-standard","hentry","category-non-classe"],"_links":{"self":[{"href":"http:\/\/cmpaix.eu\/fr\/wp-json\/wp\/v2\/posts\/8663","targetHints":{"allow":["GET"]}}],"collection":[{"href":"http:\/\/cmpaix.eu\/fr\/wp-json\/wp\/v2\/posts"}],"about":[{"href":"http:\/\/cmpaix.eu\/fr\/wp-json\/wp\/v2\/types\/post"}],"author":[{"embeddable":true,"href":"http:\/\/cmpaix.eu\/fr\/wp-json\/wp\/v2\/users\/1"}],"replies":[{"embeddable":true,"href":"http:\/\/cmpaix.eu\/fr\/wp-json\/wp\/v2\/comments?post=8663"}],"version-history":[{"count":1,"href":"http:\/\/cmpaix.eu\/fr\/wp-json\/wp\/v2\/posts\/8663\/revisions"}],"predecessor-version":[{"id":8665,"href":"http:\/\/cmpaix.eu\/fr\/wp-json\/wp\/v2\/posts\/8663\/revisions\/8665"}],"wp:attachment":[{"href":"http:\/\/cmpaix.eu\/fr\/wp-json\/wp\/v2\/media?parent=8663"}],"wp:term":[{"taxonomy":"category","embeddable":true,"href":"http:\/\/cmpaix.eu\/fr\/wp-json\/wp\/v2\/categories?post=8663"},{"taxonomy":"post_tag","embeddable":true,"href":"http:\/\/cmpaix.eu\/fr\/wp-json\/wp\/v2\/tags?post=8663"}],"curies":[{"name":"wp","href":"https:\/\/api.w.org\/{rel}","templated":true}]}}