{"id":8885,"date":"2018-09-03T11:25:53","date_gmt":"2018-09-03T09:25:53","guid":{"rendered":"http:\/\/cmpaix.eu\/fr\/?p=8885"},"modified":"2018-10-01T11:08:31","modified_gmt":"2018-10-01T09:08:31","slug":"journees-europeennes-du-patrimoine-2018","status":"publish","type":"post","link":"http:\/\/cmpaix.eu\/fr\/journees-europeennes-du-patrimoine-2018\/","title":{"rendered":"Journ\u00e9es Europ\u00e9ennes du Patrimoine 2018"},"content":{"rendered":"<p><strong>A l\u2019occasion des Journ\u00e9es Europ\u00e9ennes du patrimoine 2018, le Centre Mondial de la Paix, des libert\u00e9s et des droits de l\u2019Homme propose une d\u00e9couverte in\u00e9dite du patrimoine de la R\u00e9publique Fran\u00e7aise avec 40 cadeaux offerts aux Pr\u00e9sidents de la Ve R\u00e9publique jamais pr\u00e9sent\u00e9s au public.<\/strong><\/p>\n<p>En cette ann\u00e9e 2018 qui marque le 60e anniversaire de la Constitution de la Ve R\u00e9publique, le Centre Mondial de la Paix se mobilise pour permettre \u00e0 chacun de d\u00e9couvrir les coulisses du pouvoir.<br \/>\nLa tr\u00e8s grande r\u00e9ussite de l\u2019exposition <strong><em>\u00ab Nous Pr\u00e9sidents \u2013 60 ans de Ve R\u00e9publique \u00bb<\/em><\/strong> qui rassemble 600 cadeaux faits aux diff\u00e9rents Pr\u00e9sidents de la Ve R\u00e9publique d\u00e9montre la curiosit\u00e9 et l\u2019int\u00e9r\u00eat des citoyens pour la vie politique et l\u2019histoire port\u00e9e par ces objets d\u2019exception.<\/p>\n<p><strong>A l\u2019occasion des Journ\u00e9es Europ\u00e9ennes du Patrimoine, 40 cadeaux pr\u00e9sidentiels in\u00e9dits seront d\u00e9voil\u00e9s au public et visibles Samedi 15 septembre et dimanche 16 septembre de 14 h \u00e0 17h.<\/strong><\/p>\n<p>Ces objets sont sp\u00e9cifiquement convoy\u00e9s au Centre Mondial de la Paix, des libert\u00e9s et des droits de l\u2019Homme pour cette occasion.<\/p>\n<p>L\u2019acc\u00e8s \u00e0 la pr\u00e9sentation se fera \u00e0 un tarif d\u2019un euro symbolique contribuant aux co\u00fbts de transport de ces objets sp\u00e9cifiquement pr\u00e9sent\u00e9s durant les Journ\u00e9es du Patrimoine 2018.<\/p>\n<p>La R\u00e9publique se partagera aussi avec <strong>les citoyens qui pourront choisir une partie des mots cl\u00e9s retenus pour habiller la sculpture anniversaire participative<\/strong> qui sera d\u00e9voil\u00e9e le 3 octobre 2018, veille du jour anniversaire de la Constitution.<\/p>\n<p>A l&rsquo;occasion de ces Journ\u00e9es Europ\u00e9ennes du patrimoine, le Centre Mondial de la Paix accueille le sc\u00e9nariste J\u00e9r\u00f4me \u00c9ho et la coloriste Claire Damas  pour<strong> une s\u00e9ance de d\u00e9dicaces<\/strong> de leurs bandes dessin\u00e9es \u00ab\u00a014-18 La Grande Guerre\u00a0\u00bb et \u00ab\u00a0Jeanne d&rsquo;Arc &#8211; De feu et de sang\u00a0\u00bb (Editions OREP). Ils seront pr\u00e9sents \u00e0 la boutique samedi 15 septembre de 14h \u00e0 17h. <\/p>\n<p><em>N\u00e9 \u00e0 Paris en 1969, J\u00e9r\u00f4me EHO est un auteur de romans, sc\u00e9nariste et dessinateur de bandes dessin\u00e9es fran\u00e7ais. Venu de la publicit\u00e9, J\u00e9r\u00f4me Eho d\u00e9veloppe diverses cr\u00e9ations pour la jeunesse depuis une quinzaine d\u2019ann\u00e9es : la s\u00e9rie en bande dessin\u00e9e Les Trois Filous chez Milan Presse, une dizaine de romans chez Bayard, J\u2019ai Lu Jeunesse, MFG, deux contes CD avec Florent Pagny et de nombreuses illustrations pour Flammarion, Bayard et Milan&#8230; Il est \u00e9galement le coauteur de la s\u00e9rie Les Petits Citoyens dont le premier album est publi\u00e9 en 2006.<\/em><\/p>\n","protected":false},"excerpt":{"rendered":"<p>A l\u2019occasion des Journ\u00e9es Europ\u00e9ennes du patrimoine 2018, le Centre Mondial de la Paix, des libert\u00e9s et des droits de l\u2019Homme propose une d\u00e9couverte in\u00e9dite du patrimoine de la R\u00e9publique Fran\u00e7aise avec 40 cadeaux offerts aux Pr\u00e9sidents de la Ve R\u00e9publique jamais pr\u00e9sent\u00e9s au public. En cette ann\u00e9e 2018 qui  [&#8230;]<\/p>\n","protected":false},"author":1,"featured_media":8886,"comment_status":"closed","ping_status":"closed","sticky":false,"template":"","format":"standard","meta":{"ngg_post_thumbnail":0,"footnotes":""},"categories":[37],"tags":[],"class_list":["post-8885","post","type-post","status-publish","format-standard","has-post-thumbnail","hentry","category-divers"],"_links":{"self":[{"href":"http:\/\/cmpaix.eu\/fr\/wp-json\/wp\/v2\/posts\/8885","targetHints":{"allow":["GET"]}}],"collection":[{"href":"http:\/\/cmpaix.eu\/fr\/wp-json\/wp\/v2\/posts"}],"about":[{"href":"http:\/\/cmpaix.eu\/fr\/wp-json\/wp\/v2\/types\/post"}],"author":[{"embeddable":true,"href":"http:\/\/cmpaix.eu\/fr\/wp-json\/wp\/v2\/users\/1"}],"replies":[{"embeddable":true,"href":"http:\/\/cmpaix.eu\/fr\/wp-json\/wp\/v2\/comments?post=8885"}],"version-history":[{"count":4,"href":"http:\/\/cmpaix.eu\/fr\/wp-json\/wp\/v2\/posts\/8885\/revisions"}],"predecessor-version":[{"id":8892,"href":"http:\/\/cmpaix.eu\/fr\/wp-json\/wp\/v2\/posts\/8885\/revisions\/8892"}],"wp:featuredmedia":[{"embeddable":true,"href":"http:\/\/cmpaix.eu\/fr\/wp-json\/wp\/v2\/media\/8886"}],"wp:attachment":[{"href":"http:\/\/cmpaix.eu\/fr\/wp-json\/wp\/v2\/media?parent=8885"}],"wp:term":[{"taxonomy":"category","embeddable":true,"href":"http:\/\/cmpaix.eu\/fr\/wp-json\/wp\/v2\/categories?post=8885"},{"taxonomy":"post_tag","embeddable":true,"href":"http:\/\/cmpaix.eu\/fr\/wp-json\/wp\/v2\/tags?post=8885"}],"curies":[{"name":"wp","href":"https:\/\/api.w.org\/{rel}","templated":true}]}}