{"id":9053,"date":"2022-10-14T15:09:49","date_gmt":"2022-10-14T13:09:49","guid":{"rendered":"http:\/\/cmpaix.eu\/fr\/?p=9053"},"modified":"2024-04-08T13:14:42","modified_gmt":"2024-04-08T11:14:42","slug":"exposition-droles-de-paix-1945-2019","status":"publish","type":"post","link":"http:\/\/cmpaix.eu\/fr\/exposition-droles-de-paix-1945-2019\/","title":{"rendered":"Exposition \u2013 Dr\u00f4les de Paix : 1945-2019"},"content":{"rendered":"<table width=\"80%\" border=\"0\" align=\"center\">\n<tbody>\n<tr>\n<td style=\"text-align:center;\"><a href=\"#presentation\"><img class=\"lazyload\" decoding=\"async\" src=\"data:image\/svg+xml,%3Csvg%20xmlns%3D%27http%3A%2F%2Fwww.w3.org%2F2000%2Fsvg%27%20width%3D%2735%27%20height%3D%2735%27%20viewBox%3D%270%200%2035%2035%27%3E%3Crect%20width%3D%2735%27%20height%3D%2735%27%20fill-opacity%3D%220%22%2F%3E%3C%2Fsvg%3E\" data-orig-src=\"http:\/\/cmpaix.eu\/fr\/wp-content\/uploads\/2018\/03\/picto-renseignement.png\"><\/a><br \/>\n<a href=\"#avis\">Pr\u00e9sentation<br \/>\n&nbsp;<\/a><\/td>\n<td style=\"text-align:center;\"><a href=\"#avis\"><img class=\"lazyload\" decoding=\"async\" src=\"data:image\/svg+xml,%3Csvg%20xmlns%3D%27http%3A%2F%2Fwww.w3.org%2F2000%2Fsvg%27%20width%3D%2735%27%20height%3D%2735%27%20viewBox%3D%270%200%2035%2035%27%3E%3Crect%20width%3D%2735%27%20height%3D%2735%27%20fill-opacity%3D%220%22%2F%3E%3C%2Fsvg%3E\" data-orig-src=\"http:\/\/cmpaix.eu\/fr\/wp-content\/uploads\/2018\/04\/picto-message.png\"><\/a><br \/>\n<a href=\"#avis\">Avis des visiteurs<br \/>\n&nbsp;<\/a><\/td>\n<td style=\"text-align:center;\"> <a href=\"#renseignements\"><img class=\"lazyload\" decoding=\"async\" src=\"data:image\/svg+xml,%3Csvg%20xmlns%3D%27http%3A%2F%2Fwww.w3.org%2F2000%2Fsvg%27%20width%3D%2735%27%20height%3D%2735%27%20viewBox%3D%270%200%2035%2035%27%3E%3Crect%20width%3D%2735%27%20height%3D%2735%27%20fill-opacity%3D%220%22%2F%3E%3C%2Fsvg%3E\" data-orig-src=\"http:\/\/cmpaix.eu\/fr\/wp-content\/uploads\/2018\/04\/picto-info.png\"><\/a><br \/>\n<a href=\"#renseignements\">Renseignements<br \/>\n&nbsp;<\/a><\/td>\n<td style=\"text-align:center;\"><a href=\"#photos\"><img class=\"lazyload\" decoding=\"async\" src=\"data:image\/svg+xml,%3Csvg%20xmlns%3D%27http%3A%2F%2Fwww.w3.org%2F2000%2Fsvg%27%20width%3D%2735%27%20height%3D%2735%27%20viewBox%3D%270%200%2035%2035%27%3E%3Crect%20width%3D%2735%27%20height%3D%2735%27%20fill-opacity%3D%220%22%2F%3E%3C%2Fsvg%3E\" data-orig-src=\"http:\/\/cmpaix.eu\/fr\/wp-content\/uploads\/2018\/03\/picto-photos.png\"><\/a><br \/>\n<a href=\"#photos\">Photos et vid\u00e9os<br \/>\n&nbsp;<\/a><\/td>\n<td style=\"text-align:center;\"><a href=\"#ressources\"><img class=\"lazyload\" decoding=\"async\" src=\"data:image\/svg+xml,%3Csvg%20xmlns%3D%27http%3A%2F%2Fwww.w3.org%2F2000%2Fsvg%27%20width%3D%2735%27%20height%3D%2735%27%20viewBox%3D%270%200%2035%2035%27%3E%3Crect%20width%3D%2735%27%20height%3D%2735%27%20fill-opacity%3D%220%22%2F%3E%3C%2Fsvg%3E\" data-orig-src=\"http:\/\/cmpaix.eu\/fr\/wp-content\/uploads\/2018\/04\/picto-scolaire.png\"><\/a><br \/>\n<a href=\"#photos\">Ressources<br \/>\nP\u00e9dagogiques<\/a><\/td>\n<\/tr>\n<tr><\/tr>\n<tr><\/tr>\n<\/tbody>\n<\/table>\n<p>&nbsp;<\/p>\n<p><a id=\"presentation\"><\/a><\/p>\n<p>Le Centre Mondial de la Paix, des libert\u00e9s et des droits de l\u2019Homme pr\u00e9sente l\u2019exposition \u00e9v\u00e9nement <strong><em>\u00ab Dr\u00f4les de Paix : 1945-2019 \u00bb<\/em><\/strong>.<\/p>\n<p>L\u2019exposition \u00ab Dr\u00f4les de Paix : 1945-2019 \u00bb est plac\u00e9e sous le Haut Patronage de Monsieur Emmanuel MACRON, Pr\u00e9sident de la R\u00e9publique et sous le Haut Patronage du Parlement europ\u00e9en.<\/p>\n<p>Depuis 1945, le monde vit sans conflit majeur. La Guerre Froide assurait une lecture simple bipolaire entre deux blocs qui sans affrontement direct multipliaient les guerres chaudes par procuration.<\/p>\n<p>Depuis la chute du Mur de Berlin et la disparition de l\u2019Union Sovi\u00e9tique, le monde est entr\u00e9 dans une relation multipolaire complexe \u00e0 comprendre et \u00e0 anticiper.<\/p>\n<p><img decoding=\"async\" src=\"data:image\/svg+xml,%3Csvg%20xmlns%3D%27http%3A%2F%2Fwww.w3.org%2F2000%2Fsvg%27%20width%3D%271000%27%20height%3D%27235%27%20viewBox%3D%270%200%201000%20235%27%3E%3Crect%20width%3D%271000%27%20height%3D%27235%27%20fill-opacity%3D%220%22%2F%3E%3C%2Fsvg%3E\" data-orig-src=\"http:\/\/cmpaix.eu\/fr\/wp-content\/uploads\/2019\/04\/bandeau-droles-de-paix-GF.jpg\" alt=\"\" class=\"lazyload aligncenter size-full wp-image-8769\" width=\"1000\" height=\"235\"><\/p>\n<p>Depuis 1950, l\u2019Europe tente de retrouver son \u00e9quilibre face \u00e0 des puissances plus fortes et plus nombreuses.<\/p>\n<p>Apr\u00e8s la chute du Mur de Berlin et la fin de la Guerre Froide, l\u2019Europe et le monde sont confront\u00e9s \u00e0 de multiples d\u00e9fis <em>(terrorisme, technologies, environnement, luttes d\u2019influence, \u00e9mergence de nouvelles puissances, populismes, commerce international, crises financi\u00e8res\u2026)<\/em>.<\/p>\n<p>Depuis 70 ans, la Paix est relative : absence de conflit majeur, mais multiplication des conflits r\u00e9gionaux et des crises dans un contexte multipolaire toujours plus complexe.<\/p>\n<p>L\u2019exposition <strong><em>\u00ab Dr\u00f4les de Paix : 1945-2019 \u00bb<\/em><\/strong> offre un \u00e9clairage sur ces diff\u00e9rents d\u00e9fis dans une sc\u00e9nographie immersive et ludique.<\/p>\n<p>&nbsp;<\/p>\n<table width=\"90%\" border=\"0\" align=\"center\">\n<tbody>\n<tr>\n<td style=\"text-align:center;\">\n<h2>v\u00e9ritables gadgets utilis\u00e9s<br \/>\npar les espions de la Guerre Froide<\/h2>\n<\/td>\n<td style=\"text-align:center;\">\n<h2>nombreux objets de la vie courante<br \/>\nau sein du bloc communiste<\/h2>\n<\/td>\n<\/tr>\n<\/tbody>\n<\/table>\n<p>&nbsp;<\/p>\n<p>Plus de <strong>200 objets exceptionnels et \u00e9tonnants<\/strong> sont \u00e0 d\u00e9couvrir pour revivre ces diff\u00e9rentes p\u00e9riodes, dont la pr\u00e9sence de <strong>v\u00e9ritables gadgets utilis\u00e9s par les espions de la Guerre Froide<\/strong> mis \u00e0 disposition par la Direction G\u00e9n\u00e9rale de la S\u00e9curit\u00e9 Int\u00e9rieure ou de <strong>nombreux objets de la vie courante<\/strong> au sein du bloc communiste.<\/p>\n<p>Une visite indispensable.<\/p>\n<p>&nbsp;<\/p>\n<p>&nbsp;<\/p>\n<p>&nbsp;<\/p>\n<p><a id=\"renseignements\"><\/a><\/p>\n<h2><strong>Informations pratiques :<\/strong><\/h2>\n<p>Exposition ouverte tous les jours de 10h \u00e0 12h30 et de 14h \u00e0 18h<br \/>\nTarif : 7 \u20ac<br \/>\nAccompagnement p\u00e9dagogique pour les visites scolaires<br \/>\n<strong>L\u2019application Dr\u00f4les de paix : 1945-2019 est disponible sur l\u2019App Store et Google Play<\/strong><\/p>\n<p><iframe src=\"http:\/\/maps.google.fr\/maps?f=q&amp;source=s_q&amp;hl=fr&amp;geocode=&amp;q=Centre+Mondial+de+la+Paix,+des+Libert%C3%A9s+et+des+Droits+de+l'Homme+Asbl,+Place+Monseigneur+Ginisty,+Verdun&amp;aq=0&amp;oq=centre+mondi&amp;sll=46.75984,1.738281&amp;sspn=8.611865,21.643066&amp;t=m&amp;ie=UTF8&amp;hq=Centre+Mondial+de+la+Paix,+des+Libert%C3%A9s+et+des+Droits+de+l'Homme+Asbl,&amp;hnear=Place+Monseigneur+Ginisty,+55100+Verdun,+Meuse,+Lorraine&amp;ll=49.158889,5.381389&amp;spn=0.006295,0.006295&amp;output=embed\" marginwidth=\"0\" marginheight=\"0\" scrolling=\"no\" width=\"614\" height=\"350\" frameborder=\"0\"><\/iframe><br \/>\n<small><a style=\"color: #0000ff; text-align: left;\" href=\"http:\/\/maps.google.fr\/maps?f=q&amp;source=embed&amp;hl=fr&amp;geocode=&amp;q=Centre+Mondial+de+la+Paix,+des+Libert%C3%A9s+et+des+Droits+de+l'Homme+Asbl,+Place+Monseigneur+Ginisty,+Verdun&amp;aq=0&amp;oq=centre+mondi&amp;sll=46.75984,1.738281&amp;sspn=8.611865,21.643066&amp;t=m&amp;ie=UTF8&amp;hq=Centre+Mondial+de+la+Paix,+des+Libert%C3%A9s+et+des+Droits+de+l'Homme+Asbl,&amp;hnear=Place+Monseigneur+Ginisty,+55100+Verdun,+Meuse,+Lorraine&amp;ll=49.158889,5.381389&amp;spn=0.006295,0.006295\" target=\"_blank\" rel=\"noopener noreferrer\">Agrandir le plan<\/a><\/small><\/p>\n<p>&nbsp;<\/p>\n<p>&nbsp;<\/p>\n<p>&nbsp;<\/p>\n<p><a id=\"photos\"><\/a><\/p>\n<h2><strong>Photos et vid\u00e9os de l&rsquo;exposition :<\/strong><\/h2>\n<div class=\"fusion-fullwidth fullwidth-box fusion-builder-row-1 hundred-percent-fullwidth non-hundred-percent-height-scrolling\" style=\"--awb-border-radius-top-left:0px;--awb-border-radius-top-right:0px;--awb-border-radius-bottom-right:0px;--awb-border-radius-bottom-left:0px;--awb-overflow:visible;--awb-flex-wrap:wrap;\" ><div class=\"fusion-builder-row fusion-row\"><div class=\"fusion-layout-column fusion_builder_column fusion-builder-column-0 fusion_builder_column_1_1 1_1 fusion-one-full fusion-column-first fusion-column-last fusion-column-no-min-height\" style=\"--awb-bg-size:cover;--awb-margin-bottom:0px;\"><div class=\"fusion-column-wrapper fusion-flex-column-wrapper-legacy\">ngg_shortcode_0_placeholder\n<p>&nbsp;<\/p>\n<p>&nbsp;<\/p>\n<p>&nbsp;<\/p>\n<p><a id=\"avis\"><\/a><\/p>\n<h2><strong>Avis des visiteurs<\/strong><\/h2>\n<div class=\"fusion-sep-clear\"><\/div><div class=\"fusion-separator fusion-full-width-sep\" style=\"margin-left: auto;margin-right: auto;margin-top:10px;margin-bottom:10px;width:100%;\"><\/div><div class=\"fusion-sep-clear\"><\/div>\n<div class=\"shadow\"><div class=\"fusion-reading-box-container reading-box-container-1\" style=\"--awb-title-color:#333333;--awb-margin-top:0px;--awb-margin-bottom:84px;\"><div class=\"reading-box\" style=\"background-color:#f6f6f6;border-width:0px;border-color:#f6f6f6;border-left-width:3px;border-left-color:var(--primary_color);border-style:solid;\"><h2> <\/h2><div class=\"reading-box-description fusion-reading-box-additional\"><br \/>\n<strong>Vendredi 09 mai<\/strong><br \/>\n\u2022\tRem\u00e9more des souvenirs<br \/>\n\u2022\tNous rappelle ce qu\u2019on a v\u00e9cu<br \/>\n\u2022\tBeaucoup d\u2019informations\u2026 trop toutefois tr\u00e8s int\u00e9ressante<br \/>\n\u2022\tPanneau trop haut\u2026 fatigant<br \/>\n\u2022\tInt\u00e9ressante<br \/>\n\u2022\tTr\u00e8s bien faite<\/p>\n<p><strong>Dimanche 5 mai<\/strong><br \/>\n\u2022\tRafraichissante pour la m\u00e9moire<br \/>\n\u2022\tInstructive<br \/>\n\u2022\tPermet de se rem\u00e9morer les derni\u00e8res d\u00e9cennies<br \/>\n\u2022\tTr\u00e8s bien, bien agenc\u00e9\u2026<\/p>\n<p><strong>Samedi 4 mai <\/strong><br \/>\n\u2022\tOriginale<br \/>\n\u2022\t\u00c7a change des champs de bataille<br \/>\n\u2022\t3 \u00e9crans trop rapides<br \/>\n\u2022\tImpressionnant<\/p>\n<p><strong>Jeudi 2 mai<\/strong><br \/>\n\u2022\tBien, int\u00e9ressante<br \/>\n\u2022\tTr\u00e8s riche, quel travail de recherches !<br \/>\n\u2022\tEnrichissante et surprenante.<\/p>\n<p><strong>Jeudi 25 avril<\/strong><br \/>\n\u2022\tVraiment bien<br \/>\n\u2022\tImpressionnante<br \/>\n\u2022\tL\u2019entr\u00e9e en mati\u00e8re, les 3 \u00e9crans nous secouent<br \/>\n\u2022\tSympa\/ludique\/riche\/a\u00e9r\u00e9<br \/>\n\u2022\t\u00c9cran trop rapide<br \/>\n\u2022\tSalles bien occup\u00e9es<br \/>\n\u2022\tSpot lumi\u00e8re cache le tireur l\u2019effet en est amoindri<br \/>\n\u2022\tTireur plac\u00e9 trop haut<\/p>\n<p><strong>Mercredi 24 avril<\/strong><br \/>\n\u2022\tTr\u00e8s bien, parfaite<br \/>\n\u2022\tTrop de lecture,<br \/>\n\u2022\tVid\u00e9o int\u00e9ressante, mais trop rapide<br \/>\n\u2022\tTr\u00e8s int\u00e9ressante<\/p>\n<p><strong>Lundi 22 avril<\/strong><br \/>\n\u2022\tOn a bien aim\u00e9<br \/>\n\u2022\tInt\u00e9ressante et inattendu<br \/>\n\u2022\tTr\u00e8s int\u00e9ressante et tr\u00e8s bien faite<br \/>\n\u2022\t\u00c7a nous replonge dans l\u2019histoire\u2026 tr\u00e8s int\u00e9ressant<br \/>\n\u2022\tUne immersion dans les heures sombres de l\u2019histoire\u2026 tr\u00e8s instructif\u2026<\/p>\n<p>Dimanche 21 avril<br \/>\n\u2022\tTr\u00e8s bien, \u00e7a donne envie de revenir avec ses enfants et ses petits enfants<br \/>\n\u2022\tSuperbe, toutefois premi\u00e8re salle difficile \u00e0 suivre, les images d\u00e9filent trop vite et en m\u00eame temps<br \/>\n\u2022\tSuper<br \/>\n\u2022\tTr\u00e8s bien, content d\u2019\u00eatre venue, je ne regrette pas<br \/>\n\u2022\tUn peu trop dense, mais cheminement int\u00e9ressant<\/p>\n<p><strong>Samedi 20 avril<\/strong><br \/>\n\u2022\tF\u00e9licitez l'ensemble du personnel<\/p>\n<p><strong>Vendredi 19 avril<\/strong><br \/>\n\u2022\tTr\u00e8s bien, content d\u2019\u00eatre venue Excellente, bien expliqu\u00e9e, int\u00e9ressante et parfaite pour des scolaires, mieux que de longs discours en classe !<br \/>\n\u2022\tTr\u00e8s parlante<br \/>\n\u2022\tUn b\u00e9mol : on doit souvent lever la t\u00eate et l'incliner pour regarder en hauteur<br \/>\n\u2022\tLe mur avec les diff\u00e9rentes dates d'entr\u00e9e des pays dans l'UE est tr\u00e8s bien fait<br \/>\n\u2022\tTr\u00e8s int\u00e9ressante, La vid\u00e9o qui est diffus\u00e9e sur la TV est tr\u00e8s riche et int\u00e9ressante, cependant les informations arrivent un peu vite<br \/>\n\u2022\tLes \u00e9coles devraient nous amener ici, ce serait l'occasion d'aborder le sujet de mani\u00e8re plus plaisante que les cours<\/p>\n<p><\/div><div class=\"reading-box-additional\">\n<\/div><div class=\"fusion-clearfix\"><\/div><\/div><\/div>\n<\/div>\n<div class=\"fusion-sep-clear\"><\/div><div class=\"fusion-separator fusion-full-width-sep\" style=\"margin-left: auto;margin-right: auto;margin-top:-50px;margin-bottom:-50px;width:100%;\"><\/div><div class=\"fusion-sep-clear\"><\/div>\n<p>&nbsp;<\/p>\n<p>&nbsp;<\/p>\n<p>&nbsp;<\/p>\n<p><a id=\"ressources\"><\/a><\/p>\n<h2><strong>Ressources P\u00e9dagogiques<\/strong><\/h2>\n<p><strong>Documents \u00e0 imprimer avant votre visite<\/strong><\/p>\n<ul class=\"arrow\">\n<li> <a href=\"http:\/\/www.cmpaix.fr\/SE\/Q-Droles-de-Paix_guide-de-visite.pdf\" target=\"_blank\" rel=\"noopener noreferrer\">Questionnaire p\u00e9dagogique (niveau coll\u00e8ge &#8211; lyc\u00e9e)<\/a> [PDF]<\/li>\n<li> <a href=\"http:\/\/www.cmpaix.fr\/SE\/Q-Droles-de-Paix_missions-guerre-froide.pdf\" target=\"_blank\" rel=\"noopener noreferrer\">Missions Guerre Froide (niveau coll\u00e8ge &#8211; lyc\u00e9e)<\/a> [PDF]<\/li>\n<li> <a href=\"http:\/\/www.cmpaix.fr\/SE\/Q-Droles-de-Paix_missions-construction-europeenne.pdf\" target=\"_blank\" rel=\"noopener noreferrer\">Missions La Construction europ\u00e9enne (niveau coll\u00e8ge &#8211; lyc\u00e9e)<\/a> [PDF]<\/li>\n<li> <a href=\"http:\/\/www.cmpaix.fr\/SE\/Q-Droles-de-Paix_couple-franco-allemand.pdf\" target=\"_blank\" rel=\"noopener noreferrer\">Missions Le Couple franco-allemand (niveau coll\u00e8ge &#8211; lyc\u00e9e)<\/a> [PDF]<\/li>\n<li> <a href=\"http:\/\/www.cmpaix.fr\/SE\/Q-Droles-de-Paix_missions-chute-mur_nouveaux-enjeux.pdf\" target=\"_blank\" rel=\"noopener noreferrer\">Missions chute du Mur et nouveaux enjeux (niveau coll\u00e8ge &#8211; lyc\u00e9e)<\/a> [PDF]<\/li>\n<p>&nbsp;<\/ul>\n<div class=\"fusion-sep-clear\"><\/div><div class=\"fusion-separator fusion-full-width-sep\" style=\"margin-left: auto;margin-right: auto;margin-top:-50px;margin-bottom:-50px;width:100%;\"><\/div><div class=\"fusion-sep-clear\"><\/div>\n<p>&nbsp;<\/p>\n<p>&nbsp;<\/p>\n<p>&nbsp;<\/p>\n<h2><strong>Audioguide<\/strong><\/h2>\n<p><strong>Pour accompagner votre visite<\/strong><\/p>\n<table width=\"400\" cellspacing=\"1\" cellpadding=\"5\" border=\"0\">\n<tbody>\n<tr>\n<td width=\"22%\">Piste 1<\/td>\n<td width=\"78%\"><audio class=\"wp-audio-shortcode\" id=\"audio-9053-1\" autoplay preload=\"none\" style=\"width: 100%;\" controls=\"controls\"><source type=\"audio\/mpeg\" src=\"http:\/\/cmpaix.fr\/audio\/01-intro.mp3?_=1\" \/><a href=\"http:\/\/cmpaix.fr\/audio\/01-intro.mp3\">http:\/\/cmpaix.fr\/audio\/01-intro.mp3<\/a><\/audio><\/td>\n<\/tr>\n<\/tbody>\n<\/table>\n<table width=\"400\" cellspacing=\"1\" cellpadding=\"5\" border=\"0\">\n<tbody>\n<tr>\n<td width=\"22%\">Piste 2<\/td>\n<td><audio class=\"wp-audio-shortcode\" id=\"audio-9053-2\" autoplay preload=\"none\" style=\"width: 100%;\" controls=\"controls\"><source type=\"audio\/mpeg\" src=\"http:\/\/cmpaix.fr\/audio\/02-S01P02.mp3?_=2\" \/><a href=\"http:\/\/cmpaix.fr\/audio\/02-S01P02.mp3\">http:\/\/cmpaix.fr\/audio\/02-S01P02.mp3<\/a><\/audio><\/td>\n<\/tr>\n<\/tbody>\n<\/table>\n<table width=\"400\" cellspacing=\"1\" cellpadding=\"5\" border=\"0\">\n<tbody>\n<tr>\n<td width=\"22%\">Piste 3<\/td>\n<td width=\"78%\"><audio class=\"wp-audio-shortcode\" id=\"audio-9053-3\" autoplay preload=\"none\" style=\"width: 100%;\" controls=\"controls\"><source type=\"audio\/mpeg\" src=\"http:\/\/cmpaix.fr\/audio\/03-S02P03.mp3?_=3\" \/><a href=\"http:\/\/cmpaix.fr\/audio\/03-S02P03.mp3\">http:\/\/cmpaix.fr\/audio\/03-S02P03.mp3<\/a><\/audio><\/td>\n<\/tr>\n<\/tbody>\n<\/table>\n<table width=\"400\" cellspacing=\"1\" cellpadding=\"5\" border=\"0\">\n<tbody>\n<tr>\n<td width=\"22%\">Piste 4<\/td>\n<td width=\"78%\"><audio class=\"wp-audio-shortcode\" id=\"audio-9053-4\" autoplay preload=\"none\" style=\"width: 100%;\" controls=\"controls\"><source type=\"audio\/mpeg\" src=\"http:\/\/cmpaix.fr\/audio\/04-S02P04.mp3?_=4\" \/><a href=\"http:\/\/cmpaix.fr\/audio\/04-S02P04.mp3\">http:\/\/cmpaix.fr\/audio\/04-S02P04.mp3<\/a><\/audio><\/td>\n<\/tr>\n<\/tbody>\n<\/table>\n<table width=\"400\" cellspacing=\"1\" cellpadding=\"5\" border=\"0\">\n<tbody>\n<tr>\n<td width=\"22%\">Piste 5<\/td>\n<td width=\"78%\"><audio class=\"wp-audio-shortcode\" id=\"audio-9053-5\" autoplay preload=\"none\" style=\"width: 100%;\" controls=\"controls\"><source type=\"audio\/mpeg\" src=\"http:\/\/cmpaix.fr\/audio\/05-S02P05.mp3?_=5\" \/><a href=\"http:\/\/cmpaix.fr\/audio\/05-S02P05.mp3\">http:\/\/cmpaix.fr\/audio\/05-S02P05.mp3<\/a><\/audio><\/td>\n<\/tr>\n<\/tbody>\n<\/table>\n<table width=\"400\" cellspacing=\"1\" cellpadding=\"5\" border=\"0\">\n<tbody>\n<tr>\n<td width=\"22%\">Piste 6<\/td>\n<td width=\"78%\"><audio class=\"wp-audio-shortcode\" id=\"audio-9053-6\" autoplay preload=\"none\" style=\"width: 100%;\" controls=\"controls\"><source type=\"audio\/mpeg\" src=\"http:\/\/cmpaix.fr\/audio\/06-S02P06.mp3?_=6\" \/><a href=\"http:\/\/cmpaix.fr\/audio\/06-S02P06.mp3\">http:\/\/cmpaix.fr\/audio\/06-S02P06.mp3<\/a><\/audio><\/td>\n<\/tr>\n<\/tbody>\n<\/table>\n<table width=\"400\" cellspacing=\"1\" cellpadding=\"5\" border=\"0\">\n<tbody>\n<tr>\n<td width=\"22%\">Piste 7<\/td>\n<td width=\"78%\"><audio class=\"wp-audio-shortcode\" id=\"audio-9053-7\" autoplay preload=\"none\" style=\"width: 100%;\" controls=\"controls\"><source type=\"audio\/mpeg\" src=\"http:\/\/cmpaix.fr\/audio\/07-S02P07.mp3?_=7\" \/><a href=\"http:\/\/cmpaix.fr\/audio\/07-S02P07.mp3\">http:\/\/cmpaix.fr\/audio\/07-S02P07.mp3<\/a><\/audio><\/td>\n<\/tr>\n<\/tbody>\n<\/table>\n<table width=\"400\" cellspacing=\"1\" cellpadding=\"5\" border=\"0\">\n<tbody>\n<tr>\n<td width=\"22%\">Piste 8<\/td>\n<td width=\"78%\"><audio class=\"wp-audio-shortcode\" id=\"audio-9053-8\" autoplay preload=\"none\" style=\"width: 100%;\" controls=\"controls\"><source type=\"audio\/mpeg\" src=\"http:\/\/cmpaix.fr\/audio\/08-S02P08.mp3?_=8\" \/><a href=\"http:\/\/cmpaix.fr\/audio\/08-S02P08.mp3\">http:\/\/cmpaix.fr\/audio\/08-S02P08.mp3<\/a><\/audio><\/td>\n<\/tr>\n<\/tbody>\n<\/table>\n<table width=\"400\" cellspacing=\"1\" cellpadding=\"5\" border=\"0\">\n<tbody>\n<tr>\n<td width=\"22%\">Piste 9<\/td>\n<td width=\"78%\"><audio class=\"wp-audio-shortcode\" id=\"audio-9053-9\" autoplay preload=\"none\" style=\"width: 100%;\" controls=\"controls\"><source type=\"audio\/mpeg\" src=\"http:\/\/cmpaix.fr\/audio\/09-S02P09.mp3?_=9\" \/><a href=\"http:\/\/cmpaix.fr\/audio\/09-S02P09.mp3\">http:\/\/cmpaix.fr\/audio\/09-S02P09.mp3<\/a><\/audio><\/td>\n<\/tr>\n<\/tbody>\n<\/table>\n<table width=\"400\" cellspacing=\"1\" cellpadding=\"5\" border=\"0\">\n<tbody>\n<tr>\n<td width=\"22%\">Piste 10<\/td>\n<td width=\"78%\"><audio class=\"wp-audio-shortcode\" id=\"audio-9053-10\" autoplay preload=\"none\" style=\"width: 100%;\" controls=\"controls\"><source type=\"audio\/mpeg\" src=\"http:\/\/cmpaix.fr\/audio\/10-S02P10.mp3?_=10\" \/><a href=\"http:\/\/cmpaix.fr\/audio\/10-S02P10.mp3\">http:\/\/cmpaix.fr\/audio\/10-S02P10.mp3<\/a><\/audio><\/td>\n<\/tr>\n<\/tbody>\n<\/table>\n<table width=\"400\" cellspacing=\"1\" cellpadding=\"5\" border=\"0\">\n<tbody>\n<tr>\n<td width=\"22%\">Piste 11<\/td>\n<td width=\"78%\"><audio class=\"wp-audio-shortcode\" id=\"audio-9053-11\" autoplay preload=\"none\" style=\"width: 100%;\" controls=\"controls\"><source type=\"audio\/mpeg\" src=\"http:\/\/cmpaix.fr\/audio\/11-S02P11.mp3?_=11\" \/><a href=\"http:\/\/cmpaix.fr\/audio\/11-S02P11.mp3\">http:\/\/cmpaix.fr\/audio\/11-S02P11.mp3<\/a><\/audio><\/td>\n<\/tr>\n<\/tbody>\n<\/table>\n<table width=\"400\" cellspacing=\"1\" cellpadding=\"5\" border=\"0\">\n<tbody>\n<tr>\n<td width=\"22%\">Piste 12<\/td>\n<td width=\"78%\"><audio class=\"wp-audio-shortcode\" id=\"audio-9053-12\" autoplay preload=\"none\" style=\"width: 100%;\" controls=\"controls\"><source type=\"audio\/mpeg\" src=\"http:\/\/cmpaix.fr\/audio\/12-S02P12.mp3?_=12\" \/><a href=\"http:\/\/cmpaix.fr\/audio\/12-S02P12.mp3\">http:\/\/cmpaix.fr\/audio\/12-S02P12.mp3<\/a><\/audio><\/td>\n<\/tr>\n<\/tbody>\n<\/table>\n<table width=\"400\" cellspacing=\"1\" cellpadding=\"5\" border=\"0\">\n<tbody>\n<tr>\n<td width=\"22%\">Piste 13<\/td>\n<td width=\"78%\"><audio class=\"wp-audio-shortcode\" id=\"audio-9053-13\" autoplay preload=\"none\" style=\"width: 100%;\" controls=\"controls\"><source type=\"audio\/mpeg\" src=\"http:\/\/cmpaix.fr\/audio\/13-S02P13.mp3?_=13\" \/><a href=\"http:\/\/cmpaix.fr\/audio\/13-S02P13.mp3\">http:\/\/cmpaix.fr\/audio\/13-S02P13.mp3<\/a><\/audio><\/td>\n<\/tr>\n<\/tbody>\n<\/table>\n<table width=\"400\" cellspacing=\"1\" cellpadding=\"5\" border=\"0\">\n<tbody>\n<tr>\n<td width=\"22%\">Piste 14<\/td>\n<td width=\"78%\"><audio class=\"wp-audio-shortcode\" id=\"audio-9053-14\" autoplay preload=\"none\" style=\"width: 100%;\" controls=\"controls\"><source type=\"audio\/mpeg\" src=\"http:\/\/cmpaix.fr\/audio\/14-S02P14.mp3?_=14\" \/><a href=\"http:\/\/cmpaix.fr\/audio\/14-S02P14.mp3\">http:\/\/cmpaix.fr\/audio\/14-S02P14.mp3<\/a><\/audio><\/td>\n<\/tr>\n<\/tbody>\n<\/table>\n<table width=\"400\" cellspacing=\"1\" cellpadding=\"5\" border=\"0\">\n<tbody>\n<tr>\n<td width=\"22%\">Piste 15<\/td>\n<td width=\"78%\"><audio class=\"wp-audio-shortcode\" id=\"audio-9053-15\" autoplay preload=\"none\" style=\"width: 100%;\" controls=\"controls\"><source type=\"audio\/mpeg\" src=\"http:\/\/cmpaix.fr\/audio\/15-S03P15.mp3?_=15\" \/><a href=\"http:\/\/cmpaix.fr\/audio\/15-S03P15.mp3\">http:\/\/cmpaix.fr\/audio\/15-S03P15.mp3<\/a><\/audio><\/td>\n<\/tr>\n<\/tbody>\n<\/table>\n<table width=\"400\" cellspacing=\"1\" cellpadding=\"5\" border=\"0\">\n<tbody>\n<tr>\n<td width=\"22%\">Piste 16<\/td>\n<td width=\"78%\"><audio class=\"wp-audio-shortcode\" id=\"audio-9053-16\" autoplay preload=\"none\" style=\"width: 100%;\" controls=\"controls\"><source type=\"audio\/mpeg\" src=\"http:\/\/cmpaix.fr\/audio\/16-S03P16.mp3?_=16\" \/><a href=\"http:\/\/cmpaix.fr\/audio\/16-S03P16.mp3\">http:\/\/cmpaix.fr\/audio\/16-S03P16.mp3<\/a><\/audio><\/td>\n<\/tr>\n<\/tbody>\n<\/table>\n<table width=\"400\" cellspacing=\"1\" cellpadding=\"5\" border=\"0\">\n<tbody>\n<tr>\n<td width=\"22%\">Piste 17<\/td>\n<td width=\"78%\"><audio class=\"wp-audio-shortcode\" id=\"audio-9053-17\" autoplay preload=\"none\" style=\"width: 100%;\" controls=\"controls\"><source type=\"audio\/mpeg\" src=\"http:\/\/cmpaix.fr\/audio\/17-S03P17.mp3?_=17\" \/><a href=\"http:\/\/cmpaix.fr\/audio\/17-S03P17.mp3\">http:\/\/cmpaix.fr\/audio\/17-S03P17.mp3<\/a><\/audio><\/td>\n<\/tr>\n<\/tbody>\n<\/table>\n<table width=\"400\" cellspacing=\"1\" cellpadding=\"5\" border=\"0\">\n<tbody>\n<tr>\n<td width=\"22%\">Piste 18<\/td>\n<td width=\"78%\"><audio class=\"wp-audio-shortcode\" id=\"audio-9053-18\" autoplay preload=\"none\" style=\"width: 100%;\" controls=\"controls\"><source type=\"audio\/mpeg\" src=\"http:\/\/cmpaix.fr\/audio\/18-S03P18.mp3?_=18\" \/><a href=\"http:\/\/cmpaix.fr\/audio\/18-S03P18.mp3\">http:\/\/cmpaix.fr\/audio\/18-S03P18.mp3<\/a><\/audio><\/td>\n<\/tr>\n<\/tbody>\n<\/table>\n<table width=\"400\" cellspacing=\"1\" cellpadding=\"5\" border=\"0\">\n<tbody>\n<tr>\n<td width=\"22%\">Piste 19<\/td>\n<td width=\"78%\"><audio class=\"wp-audio-shortcode\" id=\"audio-9053-19\" autoplay preload=\"none\" style=\"width: 100%;\" controls=\"controls\"><source type=\"audio\/mpeg\" src=\"http:\/\/cmpaix.fr\/audio\/19-S03P19.mp3?_=19\" \/><a href=\"http:\/\/cmpaix.fr\/audio\/19-S03P19.mp3\">http:\/\/cmpaix.fr\/audio\/19-S03P19.mp3<\/a><\/audio><\/td>\n<\/tr>\n<\/tbody>\n<\/table>\n<table width=\"400\" cellspacing=\"1\" cellpadding=\"5\" border=\"0\">\n<tbody>\n<tr>\n<td width=\"22%\">Piste 20<\/td>\n<td width=\"78%\"><audio class=\"wp-audio-shortcode\" id=\"audio-9053-20\" autoplay preload=\"none\" style=\"width: 100%;\" controls=\"controls\"><source type=\"audio\/mpeg\" src=\"http:\/\/cmpaix.fr\/audio\/20-S03P20.mp3?_=20\" \/><a href=\"http:\/\/cmpaix.fr\/audio\/20-S03P20.mp3\">http:\/\/cmpaix.fr\/audio\/20-S03P20.mp3<\/a><\/audio><\/td>\n<\/tr>\n<\/tbody>\n<\/table>\n<table width=\"400\" cellspacing=\"1\" cellpadding=\"5\" border=\"0\">\n<tbody>\n<tr>\n<td width=\"22%\">Piste 21<\/td>\n<td width=\"78%\"><audio class=\"wp-audio-shortcode\" id=\"audio-9053-21\" autoplay preload=\"none\" style=\"width: 100%;\" controls=\"controls\"><source type=\"audio\/mpeg\" src=\"http:\/\/cmpaix.fr\/audio\/21-S04P21.mp3?_=21\" \/><a href=\"http:\/\/cmpaix.fr\/audio\/21-S04P21.mp3\">http:\/\/cmpaix.fr\/audio\/21-S04P21.mp3<\/a><\/audio><\/td>\n<\/tr>\n<\/tbody>\n<\/table>\n<div class=\"fusion-clearfix\"><\/div><\/div><\/div><\/div><\/div>\n","protected":false},"excerpt":{"rendered":"<p>Pr\u00e9sentation &nbsp; Avis des visiteurs &nbsp; Renseignements &nbsp; Photos et vid\u00e9os &nbsp; Ressources P\u00e9dagogiques &nbsp; Le Centre Mondial de la Paix, des libert\u00e9s et des droits de l\u2019Homme pr\u00e9sente l\u2019exposition \u00e9v\u00e9nement \u00ab Dr\u00f4les de Paix : 1945-2019 \u00bb. L\u2019exposition \u00ab Dr\u00f4les de Paix : 1945-2019 \u00bb est plac\u00e9e sous le  [&#8230;]<\/p>\n","protected":false},"author":1,"featured_media":9043,"comment_status":"closed","ping_status":"closed","sticky":false,"template":"","format":"standard","meta":{"ngg_post_thumbnail":0,"footnotes":""},"categories":[76],"tags":[],"class_list":["post-9053","post","type-post","status-publish","format-standard","has-post-thumbnail","hentry","category-exposition-actuelle"],"_links":{"self":[{"href":"http:\/\/cmpaix.eu\/fr\/wp-json\/wp\/v2\/posts\/9053","targetHints":{"allow":["GET"]}}],"collection":[{"href":"http:\/\/cmpaix.eu\/fr\/wp-json\/wp\/v2\/posts"}],"about":[{"href":"http:\/\/cmpaix.eu\/fr\/wp-json\/wp\/v2\/types\/post"}],"author":[{"embeddable":true,"href":"http:\/\/cmpaix.eu\/fr\/wp-json\/wp\/v2\/users\/1"}],"replies":[{"embeddable":true,"href":"http:\/\/cmpaix.eu\/fr\/wp-json\/wp\/v2\/comments?post=9053"}],"version-history":[{"count":30,"href":"http:\/\/cmpaix.eu\/fr\/wp-json\/wp\/v2\/posts\/9053\/revisions"}],"predecessor-version":[{"id":11931,"href":"http:\/\/cmpaix.eu\/fr\/wp-json\/wp\/v2\/posts\/9053\/revisions\/11931"}],"wp:featuredmedia":[{"embeddable":true,"href":"http:\/\/cmpaix.eu\/fr\/wp-json\/wp\/v2\/media\/9043"}],"wp:attachment":[{"href":"http:\/\/cmpaix.eu\/fr\/wp-json\/wp\/v2\/media?parent=9053"}],"wp:term":[{"taxonomy":"category","embeddable":true,"href":"http:\/\/cmpaix.eu\/fr\/wp-json\/wp\/v2\/categories?post=9053"},{"taxonomy":"post_tag","embeddable":true,"href":"http:\/\/cmpaix.eu\/fr\/wp-json\/wp\/v2\/tags?post=9053"}],"curies":[{"name":"wp","href":"https:\/\/api.w.org\/{rel}","templated":true}]}}