{"id":9367,"date":"2020-06-04T17:08:42","date_gmt":"2020-06-04T15:08:42","guid":{"rendered":"http:\/\/cmpaix.eu\/fr\/?p=9367"},"modified":"2021-09-29T17:06:03","modified_gmt":"2021-09-29T15:06:03","slug":"une-rose-pour-le-palais-2020","status":"publish","type":"post","link":"http:\/\/cmpaix.eu\/fr\/une-rose-pour-le-palais-2020\/","title":{"rendered":"\u00ab\u00a0Une Rose pour le Palais\u00a0\u00bb 2020"},"content":{"rendered":"\n<p><strong>\u00ab\u00a0Une Rose pour le Palais\u00a0\u00bb<\/strong><\/p>\n\n\n\n<p><em>Faites plaisir \u00e0 votre jardin<br>et soutenez le patrimoine de votre ville<br><\/em><\/p>\n\n\n\n<p><strong>300 rosiers d\u2019exception sont mis en vente par le Centre Mondial de la Paix, des libert\u00e9s et des droits de l&rsquo;Homme au profit de la r\u00e9novation du patrimoine du Palais \u00c9piscopal de Verdun. <\/strong><\/p>\n\n\n\n<p>D\u00e8s vendredi 5 juin 2020, ces rosiers d\u2019exception seront disponibles<strong> \u00e0 partir de 11 euros.<\/strong>  <\/p>\n\n\n\n<p>Cette op\u00e9ration <em>\u2013 Une Rose pour le Palais \u2013<\/em> a rencontr\u00e9 un franc succ\u00e8s en 2019. Reconduite cette ann\u00e9e, elle s\u2019inscrit dans le cadre de la r\u00e9-ouverture au public du Centre Mondial de la Paix, des libert\u00e9s et des droits de l&rsquo;Homme et <strong>permet \u00e0 chacun de contribuer \u00e0 la reprise de l\u2019activit\u00e9 \u00e9conomique du Centre Mondial de la Paix, des libert\u00e9s et des droits de l&rsquo;Homme tout en embellissant son jardin.<\/strong> <\/p>\n\n\n\n<p>Ces rosiers ont \u00e9t\u00e9 s\u00e9lectionn\u00e9s par le Centre Mondial de la Paix, des libert\u00e9s et des droits de l&rsquo;Homme pour leur<strong> rendu exceptionnel et leur vigueur<\/strong> permise par les conditions particuli\u00e8res de culture du fournisseur s\u00e9lectionn\u00e9.<\/p>\n\n\n\n<p><img decoding=\"async\" class=\"lazyload aligncenter size-full wp-image-8769\" src=\"data:image\/svg+xml,%3Csvg%20xmlns%3D%27http%3A%2F%2Fwww.w3.org%2F2000%2Fsvg%27%20width%3D%27668%27%20height%3D%27235%27%20viewBox%3D%270%200%20668%20235%27%3E%3Crect%20width%3D%27668%27%20height%3D%27235%27%20fill-opacity%3D%220%22%2F%3E%3C%2Fsvg%3E\" data-orig-src=\"http:\/\/cmpaix.eu\/fr\/wp-content\/uploads\/2020\/06\/bandeau-rosiers.jpg\"  height=\"150\"><\/p>Les b\u00e9n\u00e9fices servent int\u00e9gralement \u00e0 la r\u00e9novation du Palais \u00c9piscopal de Verdun qui abrite le Centre Mondial de la Paix, des libert\u00e9s et des droits de l&rsquo;Homme.<\/p>\n\n\n\n<p>La vente s\u2019effectue dans la limite des stocks disponibles \u00e0 partir de Vendredi 5 juin de 14h \u00e0 18h puis les jours suivants de 10h \u00e0 18h.<\/p>\n\n\n\n<div class=\"wp-block-image\"><figure class=\"aligncenter\"><img class=\"lazyload\" decoding=\"async\" src=\"data:image\/gif;base64,R0lGODlhAQABAAAAACH5BAEKAAEALAAAAAABAAEAAAICTAEAOw==\" data-orig-src=\"http:\/\/cmpaix.eu\/newsletter\/img\/cmp-rosiers.jpg\" alt=\"\"\/><\/figure><\/div>\n","protected":false},"excerpt":{"rendered":"<p>\u00ab\u00a0Une Rose pour le Palais\u00a0\u00bb Faites plaisir \u00e0 votre jardinet soutenez le patrimoine de votre ville 300 rosiers d\u2019exception sont mis en vente par le Centre Mondial de la Paix, des libert\u00e9s et des droits de l&rsquo;Homme au profit de la r\u00e9novation du patrimoine du Palais \u00c9piscopal de Verdun. D\u00e8s  [&#8230;]<\/p>\n","protected":false},"author":1,"featured_media":9114,"comment_status":"closed","ping_status":"closed","sticky":false,"template":"","format":"standard","meta":{"ngg_post_thumbnail":0,"footnotes":""},"categories":[1],"tags":[],"class_list":["post-9367","post","type-post","status-publish","format-standard","has-post-thumbnail","hentry","category-non-classe"],"_links":{"self":[{"href":"http:\/\/cmpaix.eu\/fr\/wp-json\/wp\/v2\/posts\/9367","targetHints":{"allow":["GET"]}}],"collection":[{"href":"http:\/\/cmpaix.eu\/fr\/wp-json\/wp\/v2\/posts"}],"about":[{"href":"http:\/\/cmpaix.eu\/fr\/wp-json\/wp\/v2\/types\/post"}],"author":[{"embeddable":true,"href":"http:\/\/cmpaix.eu\/fr\/wp-json\/wp\/v2\/users\/1"}],"replies":[{"embeddable":true,"href":"http:\/\/cmpaix.eu\/fr\/wp-json\/wp\/v2\/comments?post=9367"}],"version-history":[{"count":7,"href":"http:\/\/cmpaix.eu\/fr\/wp-json\/wp\/v2\/posts\/9367\/revisions"}],"predecessor-version":[{"id":10051,"href":"http:\/\/cmpaix.eu\/fr\/wp-json\/wp\/v2\/posts\/9367\/revisions\/10051"}],"wp:featuredmedia":[{"embeddable":true,"href":"http:\/\/cmpaix.eu\/fr\/wp-json\/wp\/v2\/media\/9114"}],"wp:attachment":[{"href":"http:\/\/cmpaix.eu\/fr\/wp-json\/wp\/v2\/media?parent=9367"}],"wp:term":[{"taxonomy":"category","embeddable":true,"href":"http:\/\/cmpaix.eu\/fr\/wp-json\/wp\/v2\/categories?post=9367"},{"taxonomy":"post_tag","embeddable":true,"href":"http:\/\/cmpaix.eu\/fr\/wp-json\/wp\/v2\/tags?post=9367"}],"curies":[{"name":"wp","href":"https:\/\/api.w.org\/{rel}","templated":true}]}}