{"id":9406,"date":"2022-10-10T18:39:00","date_gmt":"2022-10-10T16:39:00","guid":{"rendered":"http:\/\/cmpaix.eu\/fr\/?p=9406"},"modified":"2024-06-19T08:21:32","modified_gmt":"2024-06-19T06:21:32","slug":"tresors-de-diplomatie","status":"publish","type":"post","link":"http:\/\/cmpaix.eu\/fr\/tresors-de-diplomatie\/","title":{"rendered":"Tr\u00e9sors de Diplomatie"},"content":{"rendered":"\r\n<h2 class=\"wp-block-heading\"><strong> A partir du 13 juin &#8211; Exposition \u00e9v\u00e9nement Tr\u00e9sors de Diplomatie<\/strong><\/h2>\r\n\r\n\r\n\r\n<p>Depuis le 13 juin 2020, <strong>l\u2019exposition \u00e9v\u00e8nement <I>Tr\u00e9sors de Diplomatie<\/I><\/strong> offre au public la d\u00e9couverte des plus beaux cadeaux re\u00e7us par les dirigeants fran\u00e7ais. In\u00e9dits, somptueux, \u00e9tonnants, <strong>plus de 200 cadeaux diplomatiques sont pr\u00e9sent\u00e9s pour la premi\u00e8re fois au public<\/strong>.\r\n <br><br>\r\nOfferts aux Pr\u00e9sidents Giscard, Sarkozy, Hollande et Macron et aux Premiers ministres Jospin, Raffarin, et Fillon, ces cadeaux incarnent la volont\u00e9 de s\u00e9duction des grandes rencontres internationales, mais \u00e9galement les cultures de chaque pays.  <br>\r\n<p><img decoding=\"async\" class=\"lazyload aligncenter size-full wp-image-8769\" src=\"data:image\/gif;base64,R0lGODlhAQABAAAAACH5BAEKAAEALAAAAAABAAEAAAICTAEAOw==\" data-orig-src=\"http:\/\/www.cmpaix.eu\/newsletter\/img\/bandeau-tresors-diplomatie.jpg\" alt=\"\" width=\"1000\"  \/><\/p>\r\n<br>\r\n\r\n<strong><I>Bijoux, montres de luxe, armes symboles du pouvoir, art traditionnel, objets r\u00e9alis\u00e9s \u00e0 fa\u00e7on, souvenir des grands \u00e9v\u00e8nements sportifs, t\u00e9moignages de grands enjeux internationaux comme l\u2019environnement<\/I><\/strong>\u2026 ces cadeaux porteurs de symboles et de messages sont avant tout des objets exceptionnels \u00e0 admirer et une <strong>v\u00e9ritable invitation \u00e0 voyager dans les cultures et les savoir-faire du monde entier<\/strong>.\r\n  <br><br>\r\nL\u2019exposition <strong><I>Tr\u00e9sors de Diplomatie<\/I><\/strong> illustre la volont\u00e9 du Centre Mondial de la Paix, des libert\u00e9s et des droits de l&rsquo;Homme de permettre \u00e0 chacun de <strong>mieux comprendre les enjeux des relations internationales<\/strong>. Elle s\u2019inscrit dans la mission de valorisation des collections de cadeaux protocolaires confi\u00e9e au Centre Mondial de la Paix, des libert\u00e9s et des droits de l&rsquo;Homme par le Mobilier National et la Pr\u00e9sidence de la R\u00e9publique.\r\n  <br><br>\r\nOrganis\u00e9e au Centre Mondial de la Paix, des libert\u00e9s et des droits de l&rsquo;Homme, l\u2019exposition <strong><I>Tr\u00e9sors de Diplomatie<\/I><\/strong> offre au territoire de Verdun un autre visage d\u2019attractivit\u00e9 permettant aux touristes fran\u00e7ais, et notamment ceux de la R\u00e9gion Grand Est, de <strong>s\u2019\u00e9vader dans le monde entier sans devoir prendre l\u2019avion<\/strong>.\r\n  <br><br>\r\n<strong>Somptueux et de tr\u00e8s grande valeur<\/strong>, les objets r\u00e9unis au sein de l\u2019exposition <strong><I>Tr\u00e9sors de Diplomatie<\/I><\/strong> b\u00e9n\u00e9ficient d\u2019une pr\u00e9sentation au sein d\u2019un espace particuli\u00e8rement s\u00e9curis\u00e9.\r\n  <br><br>\r\nL\u2019exposition <strong><I>Tr\u00e9sors de Diplomatie<\/I><strong> b\u00e9n\u00e9ficie d\u2019un <strong>programme d\u2019animations et d\u2019\u00e9v\u00e8nements<\/strong> qui sera diffus\u00e9 sur les r\u00e9seaux sociaux et le site internet du Centre Mondial de la Paix, des libert\u00e9s et des droits de l&rsquo;Homme.\r\n  <br><br>\r\nLa premi\u00e8re animation est organis\u00e9e du <strong>17 juin au 22 juin \u00e0 l\u2019occasion du 80e anniversaire de l\u2019appel du 18 juin dont le manuscrit brouillon du G\u00e9n\u00e9ral de Gaulle sera accessible gratuitement aux visiteurs<\/strong>. Cette copie, authentifi\u00e9e par le G\u00e9n\u00e9ral de Gaulle, a \u00e9t\u00e9 offerte au Pr\u00e9sident Fran\u00e7ois HOLLANDE.\r\n<strong>Accessible tout public.<\/strong><\/p>\r\n\r\n\r\n<p><iframe src=\"https:\/\/www.facebook.com\/plugins\/post.php?href=https%3A%2F%2Fwww.facebook.com%2Fpermalink.php%3Fstory_fbid%3D4561093217249549%26id%3D110404115651837&amp;width=500\" style=\"border:none;overflow:hidden\" scrolling=\"no\" allowtransparency=\"true\" allow=\"encrypted-media\" width=\"500\" height=\"778\" frameborder=\"0\"><\/iframe><\/p>","protected":false},"excerpt":{"rendered":"<p>A partir du 13 juin &#8211; Exposition \u00e9v\u00e9nement Tr\u00e9sors de Diplomatie Depuis le 13 juin 2020, l\u2019exposition \u00e9v\u00e8nement Tr\u00e9sors de Diplomatie offre au public la d\u00e9couverte des plus beaux cadeaux re\u00e7us par les dirigeants fran\u00e7ais. In\u00e9dits, somptueux, \u00e9tonnants, plus de 200 cadeaux diplomatiques sont pr\u00e9sent\u00e9s pour la premi\u00e8re fois au  [&#8230;]<\/p>\n","protected":false},"author":1,"featured_media":9407,"comment_status":"closed","ping_status":"closed","sticky":false,"template":"","format":"standard","meta":{"ngg_post_thumbnail":0,"footnotes":""},"categories":[3],"tags":[],"class_list":["post-9406","post","type-post","status-publish","format-standard","has-post-thumbnail","hentry","category-expositions"],"_links":{"self":[{"href":"http:\/\/cmpaix.eu\/fr\/wp-json\/wp\/v2\/posts\/9406","targetHints":{"allow":["GET"]}}],"collection":[{"href":"http:\/\/cmpaix.eu\/fr\/wp-json\/wp\/v2\/posts"}],"about":[{"href":"http:\/\/cmpaix.eu\/fr\/wp-json\/wp\/v2\/types\/post"}],"author":[{"embeddable":true,"href":"http:\/\/cmpaix.eu\/fr\/wp-json\/wp\/v2\/users\/1"}],"replies":[{"embeddable":true,"href":"http:\/\/cmpaix.eu\/fr\/wp-json\/wp\/v2\/comments?post=9406"}],"version-history":[{"count":7,"href":"http:\/\/cmpaix.eu\/fr\/wp-json\/wp\/v2\/posts\/9406\/revisions"}],"predecessor-version":[{"id":12010,"href":"http:\/\/cmpaix.eu\/fr\/wp-json\/wp\/v2\/posts\/9406\/revisions\/12010"}],"wp:featuredmedia":[{"embeddable":true,"href":"http:\/\/cmpaix.eu\/fr\/wp-json\/wp\/v2\/media\/9407"}],"wp:attachment":[{"href":"http:\/\/cmpaix.eu\/fr\/wp-json\/wp\/v2\/media?parent=9406"}],"wp:term":[{"taxonomy":"category","embeddable":true,"href":"http:\/\/cmpaix.eu\/fr\/wp-json\/wp\/v2\/categories?post=9406"},{"taxonomy":"post_tag","embeddable":true,"href":"http:\/\/cmpaix.eu\/fr\/wp-json\/wp\/v2\/tags?post=9406"}],"curies":[{"name":"wp","href":"https:\/\/api.w.org\/{rel}","templated":true}]}}