{"id":11248,"date":"2022-12-20T16:29:47","date_gmt":"2022-12-20T14:29:47","guid":{"rendered":"http:\/\/cmpaix.eu\/fr\/?p=11248"},"modified":"2023-02-07T16:11:04","modified_gmt":"2023-02-07T14:11:04","slug":"journee-dechanges-franco-allemands","status":"publish","type":"post","link":"https:\/\/cmpaix.eu\/fr\/journee-dechanges-franco-allemands\/","title":{"rendered":"Journ\u00e9e d&rsquo;\u00e9changes franco-allemands"},"content":{"rendered":"\r\n<style type=\"text\/css\">\r\n\r\n\t\r\n\r\n<\/style>\r\n<table width=\"100%\" border=\"0\" cellspacing=\"1\" cellpadding=\"5\">\r\n  <tr>\r\n    <td style=\"font-family: Helvetica, arial, sans-serif; font-size: 14px; color: #00000; text-align:center; line-height: 20px;\">\r\n      <h2>Dans le cadre du 60e anniversaire du Trait\u00e9 de l\u2019Elys\u00e9e <\/h2><h1>JOURN\u00c9E D\u2019\u00c9CHANGES\r\nFRANCO-ALLEMANDS<\/h1>\r\n\r\n    \r\n    <\/td><tr>\r\n\r\n\r\n \r\n <tr><td width=\"100%\" style=\"font-family: Helvetica, arial, sans-serif; font-size: 16px;  text-align:center; line-height: 22px; vertical-align: top;\"><strong>Derri\u00e8re 60 ans d\u2019amiti\u00e9, 3 grandes questions franco-allemandes<\/strong><\/td><\/tr>\r\n  <tr><td width=\"100%\" style=\"font-family: Helvetica, arial, sans-serif; font-size: 18px; color: #00000; text-align:center; line-height: 18px; vertical-align: top;\"><br \/>\r\n  \r\n <p align=\"center\" style=\"font-family: Helvetica, arial, sans-serif; font-size: 12px; color: #000000;\">Un \u00e9v\u00e9nement organis\u00e9 en partenariat avec ARTE<br \/><img class=\"lazyload\" decoding=\"async\" src=\"data:image\/gif;base64,R0lGODlhAQABAAAAACH5BAEKAAEALAAAAAABAAEAAAICTAEAOw==\" data-orig-src=\"http:\/\/cmpaix.eu\/fr\/wp-content\/uploads\/2022\/04\/arte_logo.jpg\" width=8%><\/p>\r\n      \r\n        <p align=\"center\" style=\"font-family: Helvetica, arial, sans-serif; font-size: 20px; color: #000000;\"><strong>Vendredi 20 janvier 2023<\/strong><br \/>\r\n  <br>\r\n        Centre Mondial de la Paix, <br>des libert\u00e9s et des droits de l&rsquo;Homme &#8211; Verdun <\/p><br>\r\n  \r\n  <\/td><\/tr>\r\n  \r\n  \r\n  \r\n\t\r\n\t<td width=\"60%\" colspan=\"2\"  style=\"font-family: Helvetica, arial, sans-serif; font-size: 20px; color: 4b4a4d; text-align:center; line-height: 30px;\"> \r\n\t\r\n\t\r\n\t\t<TR> <table><tr>\r\n   <td width=\"20%\"  style=\"font-family: Helvetica, arial, sans-serif; font-size: 12px; color: #00000; text-align:left; line-height: 18px; vertical-align: top;\">&nbsp;<\/td>\r\n   <td width=\"60%\" colspan=\"2\" style=\"font-family: Helvetica, arial, sans-serif; font-size: 16px; color: #00000; text-align:left; line-height: 20px;\">\r\n  \r\n\r\n\r\n    \r\n       <p>\r\n       \r\n         <strong> Alors que les relations franco-allemandes sont essentielles \u00e0 l\u2019Europe, 3 sujets de divergences actuelles entre France et Allemagne m\u00e9ritent d\u2019\u00eatre \u00e9clair\u00e9s : D\u00e9fense-souverainet\u00e9, \u00e9conomie-finances, \u00e9nergie-d\u00e9veloppement durable.<\/strong> <br>\r\n<br \/>\r\nPour c\u00e9l\u00e9brer les 60 ans d\u2019amiti\u00e9 franco-allemande, le Centre Mondial de la Paix, des libert\u00e9s et des droits de l&rsquo;Homme fait le choix d\u2019organiser un <strong>dialogue franco-allemand exceptionnel le 20 janvier 2023<\/strong>, en invitant 18 hautes personnalit\u00e9s franco-allemandes \u00e0 d\u00e9battre en public. <br>\r\n<br \/>\r\n<strong> Ministres, Chefs d\u2019Entreprises, Hauts fonctionnaires, Journalistes<\/strong>\u2026, le plateau d\u2019invit\u00e9s est compos\u00e9 de personnalit\u00e9s en exercice et d\u2019autres ayant eu de hautes fonctions. Ce choix permet de combiner des paroles libres et exp\u00e9riment\u00e9es aux paroles des acteurs confront\u00e9s aux r\u00e9alit\u00e9s du moment. Des \u00e9tudiants du cursus franco-allemand Sciences-Po Nancy participeront aux d\u00e9bats pour inclure la vision ceux qui seront demain en responsabilit\u00e9. <br>\r\n<br \/>\r\nLa journ\u00e9e d\u2019\u00e9changes <strong><em>Derri\u00e8re 60 ans d\u2019amiti\u00e9, 3 grandes questions franco-allemandes<\/em><\/strong> sera rythm\u00e9e par 3 tables rondes th\u00e9matiques qui concentreront les d\u00e9bats sur les priorit\u00e9s des d\u00e9saccords fran\u00e7ais et allemands afin d\u2019en comprendre les ressorts, mais aussi de d\u00e9celer les pistes de compromis et de progr\u00e8s qui pourraient \u00eatre possibles. <br>\r\n<br \/>\r\nOrganis\u00e9e \u00e0 Verdun, au Centre Mondial de la Paix, des libert\u00e9s et des droits de l&rsquo;Homme, cette journ\u00e9e incarne l\u2019esprit franco-allemand et europ\u00e9en port\u00e9 par Le Pr\u00e9sident Fran\u00e7ois MITTERRAND et le Chancelier KOHL, main dans la main le 22 septembre 1984, parfaite illustration de l\u2019amiti\u00e9 franco-allemande au service de l\u2019Europe. \r\n\r\n   <br><br>\r\n    \r\n<\/p>\r\n\r\n\r\n<div class=\"fusion-sep-clear\"><\/div><div class=\"fusion-separator fusion-full-width-sep\" style=\"margin-left: auto;margin-right: auto;margin-top:5px;margin-bottom:5px;width:100%;\"><\/div><div class=\"fusion-sep-clear\"><\/div>\r\n \r\n\r\n<div align=\"center\"><div class=\"fusion-video fusion-youtube\" style=\"--awb-max-width:600px;--awb-max-height:336px;\"><div class=\"video-shortcode\"><div class=\"fluid-width-video-wrapper\" style=\"padding-top:56%;\" ><iframe title=\"YouTube video player 1\" src=\"https:\/\/www.youtube.com\/embed\/EwBdW54zu8U?wmode=transparent&autoplay=0&oida=1\" width=\"600\" height=\"336\" allowfullscreen allow=\"autoplay; clipboard-write; encrypted-media; gyroscope; picture-in-picture;\"><\/iframe><\/div><\/div><\/div><\/div>\r\n\r\n<div class=\"fusion-sep-clear\"><\/div><div class=\"fusion-separator fusion-full-width-sep\" style=\"margin-left: auto;margin-right: auto;margin-top:10px;margin-bottom:10px;width:100%;\"><\/div><div class=\"fusion-sep-clear\"><\/div>\r\n\r\n  <\/td>\r\n    \r\n  <\/td>\r\n   <td width=\"20%\" style=\"font-family: Helvetica, arial, sans-serif; font-size: 12px; color: #00000; text-align:left; line-height: 18px; vertical-align: top;\">&nbsp;<\/td>\r\n <\/tr><\/table>\r\n<\/TR>\r\n\t\t\r\n\t\t\r\n\t<tr><td ><HR align=center size=1 width=\"30%\">\r\n<p align=center style=\"font-family: Helvetica, arial, sans-serif; font-size: 20px; color: 4b4a4d; text-align:center; line-height: 30px;\"><strong>PROGRAMME<\/strong>  <br \/>\r\n\t\t <a href=\"http:\/\/cmpaix.eu\/fr\/tag-des-deutsch-franzozischen-austausches\"  rel=\"noopener noreferrer\"><img class=\"lazyload\" decoding=\"async\" src=\"data:image\/gif;base64,R0lGODlhAQABAAAAACH5BAEKAAEALAAAAAABAAEAAAICTAEAOw==\" data-orig-src=\"http:\/\/www.cmpaix.eu\/design\/drapeau-de.png\">&nbsp;Version allemande<\/a><\/p><\/td><\/tr>\t\r\n\t\t\r\n\t\t\r\n\t\t\r\n  <tr><td> \t\r\n\t\t\r\n\t\t\r\n  <tr><td>  \r\n \r\n<table width=\"100%\" border=\"0\" cellspacing=\"1\" cellpadding=\"5\">\r\n  <tr>\r\n <td width=\"15%\">&nbsp;<\/td>\r\n  <td width=\"65%\" >\r\n  <table width=\"100%\" border=\"1\" cellspacing=\"1\" cellpadding=\"5\">\r\n \r\n                                                                   <tr>\r\n\r\n\t\t<td colspan=\"6\" style=\"font-family: Helvetica, arial, sans-serif; font-size: 14px; color: #00000; text-align:center; line-height: 18px; vertical-align: top;\"><strong>10 h &#8211; Table Ronde : \u00c9conomie &#8211; Finances &nbsp; <\/strong><\/td>\r\n\t\t<\/tr>\r\n                                                                  \r\n         \t\r\n                                                                     \r\n                                         <tr>\r\n                                                                  \r\n  \t \t\r\n        <td width=\"16%\" style=\"font-family: Helvetica, arial, sans-serif; font-size: 12px; color: #00000; text-align:center; line-height: 18px; vertical-align: top; font-weight: bold;\"><p align=\"center\" ><img class=\"lazyload\" decoding=\"async\" src=\"data:image\/gif;base64,R0lGODlhAQABAAAAACH5BAEKAAEALAAAAAABAAEAAAICTAEAOw==\" data-orig-src=\"http:\/\/cmpaix.eu\/fr\/wp-content\/uploads\/2022\/12\/Francois-VILLEROY-de-GALHAU.jpg\" \/><br \/><br \/>\r\n\t\t    <strong>Fran\u00e7ois VILLEROY de GALHAU<\/strong><\/p><p style=\"font-family: Helvetica, arial, sans-serif; font-size: 10px; color: #00000; text-align:center; line-height: 18px; vertical-align: top; font-weight: bold;\">\r\n            Gouverneur de la Banque de France\r\n\t\t  <\/p><\/td>\r\n\t\t  <td width=\"16%\" style=\"font-family: Helvetica, arial, sans-serif; font-size: 12px; color: #00000; text-align:center; line-height: 18px; vertical-align: top; font-weight: bold;\"><p align=\"center\" ><img class=\"lazyload\" decoding=\"async\" src=\"data:image\/gif;base64,R0lGODlhAQABAAAAACH5BAEKAAEALAAAAAABAAEAAAICTAEAOw==\" data-orig-src=\"http:\/\/cmpaix.eu\/fr\/wp-content\/uploads\/2022\/12\/Joachim-NAGEL.jpg\" \/><br \/><br \/>\r\n\t\t    <strong>Dr. Joachim NAGEL<\/strong><\/p><p style=\"font-family: Helvetica, arial, sans-serif; font-size: 10px; color: #00000; text-align:center; line-height: 18px; vertical-align: top; font-weight: bold;\">\r\n            Pr\u00e9sident de la Deutsche Bundesbank, Membre du Conseil des gouverneurs de la BCE\r\n\t\t  <\/p><\/td>\r\n\t\t  <td width=\"16%\" style=\"font-family: Helvetica, arial, sans-serif; font-size: 12px; color: #00000; text-align:center; line-height: 18px; vertical-align: top; font-weight: bold;\"><p align=\"center\" ><img class=\"lazyload\" decoding=\"async\" src=\"data:image\/gif;base64,R0lGODlhAQABAAAAACH5BAEKAAEALAAAAAABAAEAAAICTAEAOw==\" data-orig-src=\"http:\/\/cmpaix.eu\/fr\/wp-content\/uploads\/2022\/12\/Bruno-LE-MAIRE.jpg\" \/><br \/><br \/>\r\n\t\t    <strong>Bruno LE MAIRE<\/strong><\/p><p style=\"font-family: Helvetica, arial, sans-serif; font-size: 10px; color: #00000; text-align:center; line-height: 18px; vertical-align: top; font-weight: bold;\">\r\n            Ministre de l\u2019\u00c9conomie, des Finances et de la Souverainet\u00e9 industrielle et num\u00e9rique\r\n\t\t  <\/p><\/td>\r\n\t\t  <td width=\"16%\" style=\"font-family: Helvetica, arial, sans-serif; font-size: 12px; color: #00000; text-align:center; line-height: 18px; vertical-align: top; font-weight: bold;\"><p align=\"center\" ><img class=\"lazyload\" decoding=\"async\" src=\"data:image\/gif;base64,R0lGODlhAQABAAAAACH5BAEKAAEALAAAAAABAAEAAAICTAEAOw==\" data-orig-src=\"http:\/\/cmpaix.eu\/fr\/wp-content\/uploads\/2022\/12\/Martin-SCHULZ.jpg\" \/><br \/><br \/>\r\n\t\t    <strong>Martin SCHULZ<\/strong><\/p><p style=\"font-family: Helvetica, arial, sans-serif; font-size: 10px; color: #00000; text-align:center; line-height: 18px; vertical-align: top; font-weight: bold;\">\r\n            Ancien Pr\u00e9sident du Parlement europ\u00e9en\r\n\t\t  <\/p><\/td>\r\n\t\t   <td width=\"16%\" style=\"font-family: Helvetica, arial, sans-serif; font-size: 12px; color: #00000; text-align:center; line-height: 18px; vertical-align: top; font-weight: bold;\"><p align=\"center\" ><img class=\"lazyload\" decoding=\"async\" src=\"data:image\/gif;base64,R0lGODlhAQABAAAAACH5BAEKAAEALAAAAAABAAEAAAICTAEAOw==\" data-orig-src=\"http:\/\/cmpaix.eu\/fr\/wp-content\/uploads\/2022\/12\/Jean-Dominique-GIULIANI.jpg\" \/><br \/><br \/>\r\n\t\t    <strong>Jean-Dominique GIULIANI<\/strong><\/p><p style=\"font-family: Helvetica, arial, sans-serif; font-size: 10px; color: #00000; text-align:center; line-height: 18px; vertical-align: top; font-weight: bold;\">\r\n            Membre du Conseil de surveillance d\u2019ARTE France, Pr\u00e9sident de la Fondation Robert Schuman\r\n\t\t  <\/p><\/td>\t   <td width=\"16%\" style=\"font-family: Helvetica, arial, sans-serif; font-size: 12px; color: #00000; text-align:center; line-height: 18px; vertical-align: top; font-weight: bold;\"><p align=\"center\" ><img class=\"lazyload\" decoding=\"async\" src=\"data:image\/gif;base64,R0lGODlhAQABAAAAACH5BAEKAAEALAAAAAABAAEAAAICTAEAOw==\" data-orig-src=\"http:\/\/cmpaix.eu\/fr\/wp-content\/uploads\/2022\/12\/Niklas-ZABOJI.jpg\" \/><br \/><br \/>\r\n\t\t    <strong>Niklas ZABOJI<\/strong><\/p><p style=\"font-family: Helvetica, arial, sans-serif; font-size: 10px; color: #00000; text-align:center; line-height: 18px; vertical-align: top; font-weight: bold;\">\r\n            Journaliste Correspondant \u00e0 Paris du Frankurter Algemeine Zeitung\r\n\t\t  <\/p><\/td>\r\n                                                                   \r\n  <\/tr>\r\n\r\n   <br>                                                               \r\n           \r\n                                                         \r\n<\/table>\r\n  <\/td>\r\n <td width=\"15%\" >&nbsp;<\/td>\r\n \r\n <\/tr>\r\n\t  \r\n\t  \r\n <tr>\r\n <td width=\"15%\">&nbsp;<\/td>\r\n  <td width=\"65%\" >\r\n  <table width=\"100%\" border=\"1\" cellspacing=\"1\" cellpadding=\"5\">\r\n \r\n                                                                   <tr>\r\n\r\n\t\t<td colspan=\"6\" style=\"font-family: Helvetica, arial, sans-serif; font-size: 14px; color: #00000; text-align:center; line-height: 18px; vertical-align: top;\"><strong>14 h &#8211; Table Ronde : D\u00e9fense &#8211; Souverainet\u00e9  &nbsp; <\/strong><\/td>\r\n\t\t<\/tr>\r\n                                                                  \r\n         \t\r\n                                                                     \r\n                                         <tr>\r\n                                                                  \r\n  \t \t\r\n        <td width=\"16%\" style=\"font-family: Helvetica, arial, sans-serif; font-size: 12px; color: #00000; text-align:center; line-height: 18px; vertical-align: top; font-weight: bold;\"><p align=\"center\" ><img class=\"lazyload\" decoding=\"async\" src=\"data:image\/gif;base64,R0lGODlhAQABAAAAACH5BAEKAAEALAAAAAABAAEAAAICTAEAOw==\" data-orig-src=\"http:\/\/cmpaix.eu\/fr\/wp-content\/uploads\/2022\/12\/Edouard-GUILLAUD.jpg\" \/><br \/><br \/>\r\n\t\t    <strong>Amiral \u00c9douard GUILLAUD<\/strong><\/p><p style=\"font-family: Helvetica, arial, sans-serif; font-size: 10px; color: #00000; text-align:center; line-height: 18px; vertical-align: top; font-weight: bold;\">\r\n            Ancien Chef d\u2019\u00c9tat-Major des Arm\u00e9es fran\u00e7aises\r\n\t\t  <\/p><\/td>\r\n\t\t  <td width=\"16%\" style=\"font-family: Helvetica, arial, sans-serif; font-size: 12px; color: #00000; text-align:center; line-height: 18px; vertical-align: top; font-weight: bold;\"><p align=\"center\" ><img class=\"lazyload\" decoding=\"async\" src=\"data:image\/gif;base64,R0lGODlhAQABAAAAACH5BAEKAAEALAAAAAABAAEAAAICTAEAOw==\" data-orig-src=\"http:\/\/cmpaix.eu\/fr\/wp-content\/uploads\/2022\/12\/Annegret-KRAMP-KARRENBAUER.jpg\" \/><br \/><br \/>\r\n\t\t    <strong>Annegret KRAMP-KARRENBAUER<\/strong><\/p><p style=\"font-family: Helvetica, arial, sans-serif; font-size: 10px; color: #00000; text-align:center; line-height: 18px; vertical-align: top; font-weight: bold;\">\r\n            Ancienne Ministre F\u00e9d\u00e9rale de la D\u00e9fense\r\n\t\t  <\/p><\/td>\r\n\t\t  <td width=\"16%\" style=\"font-family: Helvetica, arial, sans-serif; font-size: 12px; color: #00000; text-align:center; line-height: 18px; vertical-align: top; font-weight: bold;\"><p align=\"center\" ><img class=\"lazyload\" decoding=\"async\" src=\"data:image\/gif;base64,R0lGODlhAQABAAAAACH5BAEKAAEALAAAAAABAAEAAAICTAEAOw==\" data-orig-src=\"http:\/\/cmpaix.eu\/fr\/wp-content\/uploads\/2022\/12\/Gerard-LONGUET.jpg\" \/><br \/><br \/>\r\n\t\t    <strong>G\u00e9rard LONGUET<\/strong><\/p><p style=\"font-family: Helvetica, arial, sans-serif; font-size: 10px; color: #00000; text-align:center; line-height: 18px; vertical-align: top; font-weight: bold;\">\r\n            Ancien Ministre de la D\u00e9fense\r\n\t\t  <\/p><\/td>\r\n\t\t  <td width=\"16%\" style=\"font-family: Helvetica, arial, sans-serif; font-size: 12px; color: #00000; text-align:center; line-height: 18px; vertical-align: top; font-weight: bold;\"><p align=\"center\" ><img class=\"lazyload\" decoding=\"async\" src=\"data:image\/gif;base64,R0lGODlhAQABAAAAACH5BAEKAAEALAAAAAABAAEAAAICTAEAOw==\" data-orig-src=\"http:\/\/cmpaix.eu\/fr\/wp-content\/uploads\/2022\/12\/Hans-Werner-WIERMANN.jpg\" \/><br \/><br \/>\r\n\t\t    <strong>G\u00e9n\u00e9ral de corps d\u2019arm\u00e9e Hans-Werner WIERMANN<\/strong><\/p><p style=\"font-family: Helvetica, arial, sans-serif; font-size: 10px; color: #00000; text-align:center; line-height: 18px; vertical-align: top; font-weight: bold;\">\r\n            Ancien Directeur g\u00e9n\u00e9ral de l\u2019\u00c9tat-Major militaire international de l\u2019OTAN\r\n\t\t  <\/p><\/td>\r\n\t\t  <td width=\"16%\" style=\"font-family: Helvetica, arial, sans-serif; font-size: 12px; color: #00000; text-align:center; line-height: 18px; vertical-align: top; font-weight: bold;\"><p align=\"center\" ><img class=\"lazyload\" decoding=\"async\" src=\"data:image\/gif;base64,R0lGODlhAQABAAAAACH5BAEKAAEALAAAAAABAAEAAAICTAEAOw==\" data-orig-src=\"http:\/\/cmpaix.eu\/fr\/wp-content\/uploads\/2022\/12\/Jean-Dominique-GIULIANI.jpg\" \/><br \/><br \/>\r\n\t\t    <strong>Jean-Dominique GIULIANI<\/strong><\/p><p style=\"font-family: Helvetica, arial, sans-serif; font-size: 10px; color: #00000; text-align:center; line-height: 18px; vertical-align: top; font-weight: bold;\">\r\n            Membre du Conseil de surveillance d\u2019ARTE France, Pr\u00e9sident de la Fondation Robert Schuman\r\n\t\t  <\/p><\/td>\t  \r\n\t\t  <td width=\"16%\" style=\"font-family: Helvetica, arial, sans-serif; font-size: 12px; color: #00000; text-align:center; line-height: 18px; vertical-align: top; font-weight: bold;\"><p align=\"center\" ><img class=\"lazyload\" decoding=\"async\" src=\"data:image\/gif;base64,R0lGODlhAQABAAAAACH5BAEKAAEALAAAAAABAAEAAAICTAEAOw==\" data-orig-src=\"http:\/\/cmpaix.eu\/fr\/wp-content\/uploads\/2022\/12\/Bertrand-GALLICHER.jpg\" \/><br \/><br \/>\r\n\t\t    <strong>Bertrand GALLICHER<\/strong><\/p><p style=\"font-family: Helvetica, arial, sans-serif; font-size: 10px; color: #00000; text-align:center; line-height: 18px; vertical-align: top; font-weight: bold;\">\r\n            Journaliste, Grand reporter, Correspondant diplomatique \u00e0 la R\u00e9daction Internationale chez Radio France\r\n\t\t  <\/p><\/td>\r\n                                                                   \r\n  <\/tr>\r\n\r\n                                                                  \r\n           \r\n                                                         \r\n<\/table>\r\n  <\/td>\r\n <td width=\"15%\" >&nbsp;<\/td>\r\n \r\n <\/tr>\t  \r\n\t  \r\n\t  \t  \r\n\t  \r\n <tr>\r\n <td width=\"15%\">&nbsp;<\/td>\r\n  <td width=\"65%\" >\r\n  <table width=\"100%\" border=\"1\" cellspacing=\"1\" cellpadding=\"5\">\r\n \r\n                                                                   <tr>\r\n\r\n\t\t<td colspan=\"6\" style=\"font-family: Helvetica, arial, sans-serif; font-size: 14px; color: #00000; text-align:center; line-height: 18px; vertical-align: top;\"><strong>16 h &#8211; Table Ronde : Environnement &#8211; Energie \r\n  &nbsp; <\/strong><\/td>\r\n\t\t<\/tr>\r\n                                                                  \r\n         \t\r\n                                                                     \r\n                                         <tr>\r\n                                                                  \r\n  \t \t\r\n        <td width=\"16%\" style=\"font-family: Helvetica, arial, sans-serif; font-size: 12px; color: #00000; text-align:center; line-height: 18px; vertical-align: top; font-weight: bold;\"><p align=\"center\" ><img class=\"lazyload\" decoding=\"async\" src=\"data:image\/gif;base64,R0lGODlhAQABAAAAACH5BAEKAAEALAAAAAABAAEAAAICTAEAOw==\" data-orig-src=\"http:\/\/cmpaix.eu\/fr\/wp-content\/uploads\/2022\/12\/Agnes-PANNIER-RUNACHER.jpg\" \/><br \/><br \/>\r\n\t\t    <strong>Agn\u00e8s PANNIER-RUNACHER<\/strong><\/p><p style=\"font-family: Helvetica, arial, sans-serif; font-size: 10px; color: #00000; text-align:center; line-height: 18px; vertical-align: top; font-weight: bold;\">\r\n            Ministre de la Transition \u00e9nerg\u00e9tique\r\n\t\t  <\/p><\/td>\r\n\t\t  <td width=\"16%\" style=\"font-family: Helvetica, arial, sans-serif; font-size: 12px; color: #00000; text-align:center; line-height: 18px; vertical-align: top; font-weight: bold;\"><p align=\"center\" ><img class=\"lazyload\" decoding=\"async\" src=\"data:image\/gif;base64,R0lGODlhAQABAAAAACH5BAEKAAEALAAAAAABAAEAAAICTAEAOw==\" data-orig-src=\"http:\/\/cmpaix.eu\/fr\/wp-content\/uploads\/2022\/12\/Franziska-BRANTNER.jpg\" \/><br \/><br \/>\r\n\t\t    <strong>Dr. Franziska BRANTNER<\/strong><\/p><p style=\"font-family: Helvetica, arial, sans-serif; font-size: 10px; color: #00000; text-align:center; line-height: 18px; vertical-align: top; font-weight: bold;\">\r\n            Membre du Bundestag allemand, Secr\u00e9taire d\u2019\u00c9tat parlementaire aupr\u00e8s du Ministre F\u00e9d\u00e9ral de l\u2019\u00c9conomie et de la Protection du Climat\r\n\t\t  <\/p><\/td>\r\n\t\t  <td width=\"16%\" style=\"font-family: Helvetica, arial, sans-serif; font-size: 12px; color: #00000; text-align:center; line-height: 18px; vertical-align: top; font-weight: bold;\"><p align=\"center\" ><img class=\"lazyload\" decoding=\"async\" src=\"data:image\/gif;base64,R0lGODlhAQABAAAAACH5BAEKAAEALAAAAAABAAEAAAICTAEAOw==\" data-orig-src=\"http:\/\/cmpaix.eu\/fr\/wp-content\/uploads\/2022\/12\/Brice-LALONDE.jpg\" \/><br \/><br \/>\r\n\t\t    <strong>Brice LALONDE<\/strong><\/p><p style=\"font-family: Helvetica, arial, sans-serif; font-size: 10px; color: #00000; text-align:center; line-height: 18px; vertical-align: top; font-weight: bold;\">\r\n            Ancien Ministre de l\u2019Environnement, Pr\u00e9sident d\u2019\u00c9quilibre des \u00e9nergies\r\n\t\t  <\/p><\/td>\r\n\t\t  <td width=\"16%\" style=\"font-family: Helvetica, arial, sans-serif; font-size: 12px; color: #00000; text-align:center; line-height: 18px; vertical-align: top; font-weight: bold;\"><p align=\"center\" ><img class=\"lazyload\" decoding=\"async\" src=\"data:image\/gif;base64,R0lGODlhAQABAAAAACH5BAEKAAEALAAAAAABAAEAAAICTAEAOw==\" data-orig-src=\"http:\/\/cmpaix.eu\/fr\/wp-content\/uploads\/2022\/12\/Anne-LAUVERGEON.jpg\" \/><br \/><br \/>\r\n\t\t    <strong>Anne LAUVERGEON<\/strong><\/p><p style=\"font-family: Helvetica, arial, sans-serif; font-size: 10px; color: #00000; text-align:center; line-height: 18px; vertical-align: top; font-weight: bold;\">\r\n            Ancienne Pr\u00e9sidente du Directoire d\u2019Areva\r\n\t\t  <\/p><\/td>\r\n\t\t   <td width=\"16%\" style=\"font-family: Helvetica, arial, sans-serif; font-size: 12px; color: #00000; text-align:center; line-height: 18px; vertical-align: top; font-weight: bold;\"><p align=\"center\" ><img class=\"lazyload\" decoding=\"async\" src=\"data:image\/gif;base64,R0lGODlhAQABAAAAACH5BAEKAAEALAAAAAABAAEAAAICTAEAOw==\" data-orig-src=\"http:\/\/cmpaix.eu\/fr\/wp-content\/uploads\/2022\/12\/Pascal-THIBAUT.jpg\" \/><br \/><br \/>\r\n\t\t    <strong>Pascal THIBAUT<\/strong><\/p><p style=\"font-family: Helvetica, arial, sans-serif; font-size: 10px; color: #00000; text-align:center; line-height: 18px; vertical-align: top; font-weight: bold;\">\r\n            Journaliste, Correspondant RFI \u00e0 BERLIN\r\n\t\t  <\/p><\/td>\r\n\t\t  <td width=\"16%\" style=\"font-family: Helvetica, arial, sans-serif; font-size: 12px; color: #00000; text-align:center; line-height: 18px; vertical-align: top; font-weight: bold;\"><p align=\"center\" ><br \/><br \/>\r\n\t\t    <strong> <\/strong><\/p><p style=\"font-family: Helvetica, arial, sans-serif; font-size: 10px; color: #00000; text-align:center; line-height: 18px; vertical-align: top; font-weight: bold;\">\r\n           \r\n\t\t  <\/p><\/td>\r\n                                                                   \r\n  <\/tr>\r\n\r\n                                                                  \r\n           \r\n                                                         \r\n<\/table>\r\n  <\/td>\r\n <td width=\"15%\" >&nbsp;<\/td>\r\n \r\n <\/tr>\t\r\n\t  \r\n\r\n\t\r\n\t  \r\n\t  <\/table>\r\n\t  \r\n\t  \r\n\t  \r\n\t  \r\n\t  <table width=\"100%\" border=\"0\" cellspacing=\"1\" cellpadding=\"5\">\r\n  \r\n\r\n\r\n \r\n <tr>\r\n   <td width=\"100%\" style=\"font-family: Helvetica, arial, sans-serif; font-size: 16px;  text-align:center; line-height: 22px; vertical-align: top;\"><strong>Participeront aussi \u00e0 ces tables-rondes des \u00e9tudiants du Campus Franco-Allemand Sciences Po de Nancy<\/strong><\/td><\/tr>\r\n  <tr><td width=\"100%\" style=\"font-family: Helvetica, arial, sans-serif; font-size: 18px; color: #00000; text-align:center; line-height: 18px; vertical-align: top;\"><br \/>\r\n  \r\n \r\n      \r\n        <p align=\"center\" style=\"font-family: Helvetica, arial, sans-serif; font-size: 20px; color: #000000;\"><strong>Entr\u00e9e libre sur r\u00e9servation : <a href=\"mailto:dialoguefa@cmpaix.eu\">dialoguefa@cmpaix.eu<\/a><\/strong>\r\n \r\n         <\/p>\r\n\t  \r\n\t  <\/td><\/tr>\r\n\t  \r\n\t  \r\n\t  <td width=\"60%\" colspan=\"2\"  style=\"font-family: Helvetica, arial, sans-serif; font-size: 20px; color: 4b4a4d; text-align:center; line-height: 30px;\"> \r\n\t\t  \r\n\t\t  \r\n\t\t  <br><HR align=center size=1 width=\"30%\">\r\n<p><strong>INVITATION<\/strong>  <br \/>\r\n\t\t <a href=\"http:\/\/cmpaix.eu\/fr\/wp-content\/uploads\/2022\/12\/invitation-60-ans-traite-elysee-v5-l.pdf\" target=\"_blank\" rel=\"noopener\"> <strong>T\u00e9l\u00e9charger l&rsquo;invitation <\/a><\/strong>\r\n\t\t  <\/p>\r\n\t\t  \r\n\t\t  \r\n\t\t  \r\n\t\t  <br><HR align=center size=1 width=\"30%\">\r\n<p><strong>PARTENAIRES<\/strong>  <br \/ <\/p><\/td> <tr>\r\n   <td width=\"100%\" style=\"font-family: Helvetica, arial, sans-serif; font-size: 16px;  text-align:center; line-height: 22px; vertical-align: top;\"><strong>Un \u00e9v\u00e9nement organis\u00e9 avec le soutien financier de  :<\/strong><br><br>\r\n\t\t  Fonds Citoyen Franco-Allemand <br>\r\nMinist\u00e8re des Affaires \u00c9trang\u00e8res de la R\u00e9publique F\u00e9d\u00e9rale d\u2019Allemagne<br><br>\r\n\t   \r\n\t\t  <img class=\"lazyload\" decoding=\"async\" src=\"data:image\/gif;base64,R0lGODlhAQABAAAAACH5BAEKAAEALAAAAAABAAEAAAICTAEAOw==\" data-orig-src=\"http:\/\/cmpaix.eu\/fr\/wp-content\/uploads\/2022\/12\/logos-partenaires-20-01-2023.jpg\" \/>\r\n\t\t  \r\n\t\t  <\/td><\/tr>\r\n\t  \r\n\t  \r\n\t  <\/table>\r\n\r\n\r\n  <br><HR align=center size=1 width=\"30%\">\r\n<p style=\"font-family: Helvetica, arial, sans-serif; font-size: 20px; color: 4b4a4d; text-align:center; line-height: 30px;\"><strong>Retour en photos du colloque<\/strong>  <\/p>\r\n<p style=\"font-family: Helvetica, arial, sans-serif; font-size: 16px;  text-align:center; line-height: 22px; vertical-align: top;\"><strong>Table-ronde \u00c9conomie \u2013 Finances <\/strong><\/p>\r\n<style id=\"bwg-style-0\">    #bwg_container1_0 #bwg_container2_0 .bwg-container-0.bwg-standard-thumbnails {      width: 1254px;              justify-content: center;        margin:0 auto !important;              background-color: rgba(255, 255, 255, 0.00);            padding-left: 4px;      padding-top: 4px;      max-width: 100%;            }        #bwg_container1_0 #bwg_container2_0 .bwg-container-0.bwg-standard-thumbnails .bwg-item {    justify-content: flex-start;      max-width: 250px;          }    #bwg_container1_0 #bwg_container2_0 .bwg-container-0.bwg-standard-thumbnails .bwg-item a {       margin-right: 4px;       margin-bottom: 4px;    }    #bwg_container1_0 #bwg_container2_0 .bwg-container-0.bwg-standard-thumbnails .bwg-item0 {      padding: 0px;            background-color:rgba(0,0,0, 0.30);      border: 0px none #CCCCCC;      opacity: 1.00;      border-radius: 0;      box-shadow: ;    }    #bwg_container1_0 #bwg_container2_0 .bwg-container-0.bwg-standard-thumbnails .bwg-item1 img {      max-height: none;      max-width: none;      padding: 0 !important;    }         @media only screen and (min-width: 480px) {\t\t#bwg_container1_0 #bwg_container2_0 .bwg-container-0.bwg-standard-thumbnails .bwg-item1 img {\t\t\t-webkit-transition: all .3s; transition: all .3s;\t\t}\t\t#bwg_container1_0 #bwg_container2_0 .bwg-container-0.bwg-standard-thumbnails .bwg-item1 img:hover {\t\t\t-ms-transform: scale(1.08);\t\t\t-webkit-transform: scale(1.08);\t\t\ttransform: scale(1.08);\t\t}\t\t\t\t.bwg-standard-thumbnails .bwg-zoom-effect .bwg-zoom-effect-overlay {\t\t\t\t\t\tbackground-color:rgba(0,0,0, 0.3);\t\t}\t\t.bwg-standard-thumbnails .bwg-zoom-effect:hover img {\t\t\t-ms-transform: scale(1.08);\t\t\t-webkit-transform: scale(1.08);\t\t\ttransform: scale(1.08);\t\t}\t\t      }\t    #bwg_container1_0 #bwg_container2_0 .bwg-container-0.bwg-standard-thumbnails .bwg-item1 {      padding-top: 56%;    }        #bwg_container1_0 #bwg_container2_0 .bwg-container-0.bwg-standard-thumbnails .bwg-title1 {      position: absolute;      top: 0;      z-index: 100;      width: 100%;      height: 100%;      display: flex;      justify-content: center;      align-content: center;      flex-direction: column;      opacity: 0;    }\t      #bwg_container1_0 #bwg_container2_0 .bwg-container-0.bwg-standard-thumbnails .bwg-title2,    #bwg_container1_0 #bwg_container2_0 .bwg-container-0.bwg-standard-thumbnails .bwg-ecommerce2 {      color: #FFFFFF;      font-family: Ubuntu;      font-size: 16px;      font-weight: bold;      padding: 2px;      text-shadow: ;      max-height: 100%;    }    #bwg_container1_0 #bwg_container2_0 .bwg-container-0.bwg-standard-thumbnails .bwg-thumb-description span {    color: #323A45;    font-family: Ubuntu;    font-size: 12px;    max-height: 100%;    word-wrap: break-word;    }    #bwg_container1_0 #bwg_container2_0 .bwg-container-0.bwg-standard-thumbnails .bwg-play-icon2 {      font-size: 32px;    }    #bwg_container1_0 #bwg_container2_0 .bwg-container-0.bwg-standard-thumbnails .bwg-ecommerce2 {      font-size: 19.2px;      color: #323A45;    }    <\/style>    <div id=\"bwg_container1_0\"         class=\"bwg_container bwg_thumbnail bwg_thumbnails \"         data-right-click-protection=\"0\"         data-bwg=\"0\"         data-scroll=\"0\"         data-gallery-type=\"thumbnails\"         data-gallery-view-type=\"thumbnails\"         data-current-url=\"\/fr\/wp-json\/wp\/v2\/posts\/11248\"         data-lightbox-url=\"https:\/\/cmpaix.eu\/fr\/wp-admin\/admin-ajax.php?action=GalleryBox&#038;current_view=0&#038;gallery_id=18&#038;tag=0&#038;theme_id=1&#038;shortcode_id=34&#038;sort_by=order&#038;order_by=asc&#038;current_url=%2Ffr%2Fwp-json%2Fwp%2Fv2%2Fposts%2F11248\"         data-gallery-id=\"18\"         data-popup-width=\"800\"         data-popup-height=\"500\"         data-is-album=\"gallery\"         data-buttons-position=\"bottom\">      <div id=\"bwg_container2_0\">             <div id=\"ajax_loading_0\" class=\"bwg_loading_div_1\">      <div class=\"bwg_loading_div_2\">        <div class=\"bwg_loading_div_3\">          <div id=\"loading_div_0\" class=\"bwg_spider_ajax_loading\">          <\/div>        <\/div>      <\/div>    <\/div>            <form id=\"gal_front_form_0\"              class=\"bwg-hidden\"              method=\"post\"              action=\"#\"              data-current=\"0\"              data-shortcode-id=\"34\"              data-gallery-type=\"thumbnails\"              data-gallery-id=\"18\"              data-tag=\"0\"              data-album-id=\"0\"              data-theme-id=\"1\"              data-ajax-url=\"https:\/\/cmpaix.eu\/fr\/wp-admin\/admin-ajax.php?action=bwg_frontend_data\">          <div id=\"bwg_container3_0\" class=\"bwg-background bwg-background-0\">                <div data-max-count=\"5\"         data-thumbnail-width=\"250\"         data-bwg=\"0\"         data-gallery-id=\"18\"         data-lightbox-url=\"https:\/\/cmpaix.eu\/fr\/wp-admin\/admin-ajax.php?action=GalleryBox&amp;current_view=0&amp;gallery_id=18&amp;tag=0&amp;theme_id=1&amp;shortcode_id=34&amp;sort_by=order&amp;order_by=asc&amp;current_url=%2Ffr%2Fwp-json%2Fwp%2Fv2%2Fposts%2F11248\"         id=\"bwg_thumbnails_0\"         class=\"bwg-container-0 bwg-thumbnails bwg-standard-thumbnails bwg-container bwg-border-box\">            <div class=\"bwg-item\">        <a class=\"bwg-a  bwg_lightbox\"  data-image-id=\"198\" href=\"https:\/\/cmpaix.eu\/fr\/wp-content\/uploads\/photo-gallery\/conf1-001.jpg?bwg=1675692272\" data-elementor-open-lightbox=\"no\">                <div class=\"bwg-item0 \">          <div class=\"bwg-item1 bwg-zoom-effect\">            <div class=\"bwg-item2\">              <img decoding=\"async\" class=\"lazyload skip-lazy bwg_standart_thumb_img_0 \"                   data-id=\"198\"                   data-width=\"500.00\"                   data-height=\"334.00\"                   data-src=\"https:\/\/cmpaix.eu\/fr\/wp-content\/uploads\/photo-gallery\/thumb\/conf1-001.jpg?bwg=1675692272\"                   src=\"data:image\/svg+xml,%3Csvg%20xmlns%3D%27http%3A%2F%2Fwww.w3.org%2F2000%2Fsvg%27%20width%3D%27500%27%20height%3D%27334%27%20viewBox%3D%270%200%20500%20334%27%3E%3Crect%20width%3D%27500%27%20height%3D%27334%27%20fill-opacity%3D%220%22%2F%3E%3C%2Fsvg%3E\" data-orig-src=\"https:\/\/cmpaix.eu\/fr\/wp-content\/uploads\/photo-gallery\/thumb\/conf1-001.jpg?bwg=1675692272\"                   alt=\"Colloque franco-allemand - table-ronde \u00c9conomie \u2013 Finances\"                   title=\"Colloque franco-allemand - table-ronde \u00c9conomie \u2013 Finances\" \/>            <\/div>            <div class=\"bwg-zoom-effect-overlay\">              <div class=\"bwg-title1\"><div class=\"bwg-title2\">Colloque franco-allemand - table-ronde \u00c9conomie \u2013 Finances<\/div><\/div>                                        <\/div>          <\/div>        <\/div>                        <\/a>              <\/div>            <div class=\"bwg-item\">        <a class=\"bwg-a  bwg_lightbox\"  data-image-id=\"199\" href=\"https:\/\/cmpaix.eu\/fr\/wp-content\/uploads\/photo-gallery\/conf1-002.jpg?bwg=1675692272\" data-elementor-open-lightbox=\"no\">                <div class=\"bwg-item0 \">          <div class=\"bwg-item1 bwg-zoom-effect\">            <div class=\"bwg-item2\">              <img decoding=\"async\" class=\"lazyload skip-lazy bwg_standart_thumb_img_0 \"                   data-id=\"199\"                   data-width=\"500.00\"                   data-height=\"334.00\"                   data-src=\"https:\/\/cmpaix.eu\/fr\/wp-content\/uploads\/photo-gallery\/thumb\/conf1-002.jpg?bwg=1675692272\"                   src=\"data:image\/svg+xml,%3Csvg%20xmlns%3D%27http%3A%2F%2Fwww.w3.org%2F2000%2Fsvg%27%20width%3D%27500%27%20height%3D%27334%27%20viewBox%3D%270%200%20500%20334%27%3E%3Crect%20width%3D%27500%27%20height%3D%27334%27%20fill-opacity%3D%220%22%2F%3E%3C%2Fsvg%3E\" data-orig-src=\"https:\/\/cmpaix.eu\/fr\/wp-content\/uploads\/photo-gallery\/thumb\/conf1-002.jpg?bwg=1675692272\"                   alt=\"Colloque franco-allemand - table-ronde \u00c9conomie \u2013 Finances\"                   title=\"Colloque franco-allemand - table-ronde \u00c9conomie \u2013 Finances\" \/>            <\/div>            <div class=\"bwg-zoom-effect-overlay\">              <div class=\"bwg-title1\"><div class=\"bwg-title2\">Colloque franco-allemand - table-ronde \u00c9conomie \u2013 Finances<\/div><\/div>                                        <\/div>          <\/div>        <\/div>                        <\/a>              <\/div>            <div class=\"bwg-item\">        <a class=\"bwg-a  bwg_lightbox\"  data-image-id=\"201\" href=\"https:\/\/cmpaix.eu\/fr\/wp-content\/uploads\/photo-gallery\/conf1-003.jpg?bwg=1675692272\" data-elementor-open-lightbox=\"no\">                <div class=\"bwg-item0 \">          <div class=\"bwg-item1 bwg-zoom-effect\">            <div class=\"bwg-item2\">              <img decoding=\"async\" class=\"lazyload skip-lazy bwg_standart_thumb_img_0 \"                   data-id=\"201\"                   data-width=\"500.00\"                   data-height=\"334.00\"                   data-src=\"https:\/\/cmpaix.eu\/fr\/wp-content\/uploads\/photo-gallery\/thumb\/conf1-003.jpg?bwg=1675692272\"                   src=\"data:image\/svg+xml,%3Csvg%20xmlns%3D%27http%3A%2F%2Fwww.w3.org%2F2000%2Fsvg%27%20width%3D%27500%27%20height%3D%27334%27%20viewBox%3D%270%200%20500%20334%27%3E%3Crect%20width%3D%27500%27%20height%3D%27334%27%20fill-opacity%3D%220%22%2F%3E%3C%2Fsvg%3E\" data-orig-src=\"https:\/\/cmpaix.eu\/fr\/wp-content\/uploads\/photo-gallery\/thumb\/conf1-003.jpg?bwg=1675692272\"                   alt=\"Colloque franco-allemand - table-ronde \u00c9conomie \u2013 Finances\"                   title=\"Colloque franco-allemand - table-ronde \u00c9conomie \u2013 Finances\" \/>            <\/div>            <div class=\"bwg-zoom-effect-overlay\">              <div class=\"bwg-title1\"><div class=\"bwg-title2\">Colloque franco-allemand - table-ronde \u00c9conomie \u2013 Finances<\/div><\/div>                                        <\/div>          <\/div>        <\/div>                        <\/a>              <\/div>            <div class=\"bwg-item\">        <a class=\"bwg-a  bwg_lightbox\"  data-image-id=\"202\" href=\"https:\/\/cmpaix.eu\/fr\/wp-content\/uploads\/photo-gallery\/conf1-004.jpg?bwg=1675692272\" data-elementor-open-lightbox=\"no\">                <div class=\"bwg-item0 \">          <div class=\"bwg-item1 bwg-zoom-effect\">            <div class=\"bwg-item2\">              <img decoding=\"async\" class=\"lazyload skip-lazy bwg_standart_thumb_img_0 \"                   data-id=\"202\"                   data-width=\"500.00\"                   data-height=\"334.00\"                   data-src=\"https:\/\/cmpaix.eu\/fr\/wp-content\/uploads\/photo-gallery\/thumb\/conf1-004.jpg?bwg=1675692272\"                   src=\"data:image\/svg+xml,%3Csvg%20xmlns%3D%27http%3A%2F%2Fwww.w3.org%2F2000%2Fsvg%27%20width%3D%27500%27%20height%3D%27334%27%20viewBox%3D%270%200%20500%20334%27%3E%3Crect%20width%3D%27500%27%20height%3D%27334%27%20fill-opacity%3D%220%22%2F%3E%3C%2Fsvg%3E\" data-orig-src=\"https:\/\/cmpaix.eu\/fr\/wp-content\/uploads\/photo-gallery\/thumb\/conf1-004.jpg?bwg=1675692272\"                   alt=\"Colloque franco-allemand - table-ronde \u00c9conomie \u2013 Finances\"                   title=\"Colloque franco-allemand - table-ronde \u00c9conomie \u2013 Finances\" \/>            <\/div>            <div class=\"bwg-zoom-effect-overlay\">              <div class=\"bwg-title1\"><div class=\"bwg-title2\">Colloque franco-allemand - table-ronde \u00c9conomie \u2013 Finances<\/div><\/div>                                        <\/div>          <\/div>        <\/div>                        <\/a>              <\/div>            <div class=\"bwg-item\">        <a class=\"bwg-a  bwg_lightbox\"  data-image-id=\"203\" href=\"https:\/\/cmpaix.eu\/fr\/wp-content\/uploads\/photo-gallery\/conf1-004-1.jpg?bwg=1675692272\" data-elementor-open-lightbox=\"no\">                <div class=\"bwg-item0 \">          <div class=\"bwg-item1 bwg-zoom-effect\">            <div class=\"bwg-item2\">              <img decoding=\"async\" class=\"lazyload skip-lazy bwg_standart_thumb_img_0 \"                   data-id=\"203\"                   data-width=\"500.00\"                   data-height=\"334.00\"                   data-src=\"https:\/\/cmpaix.eu\/fr\/wp-content\/uploads\/photo-gallery\/thumb\/conf1-004-1.jpg?bwg=1675692272\"                   src=\"data:image\/svg+xml,%3Csvg%20xmlns%3D%27http%3A%2F%2Fwww.w3.org%2F2000%2Fsvg%27%20width%3D%27500%27%20height%3D%27334%27%20viewBox%3D%270%200%20500%20334%27%3E%3Crect%20width%3D%27500%27%20height%3D%27334%27%20fill-opacity%3D%220%22%2F%3E%3C%2Fsvg%3E\" data-orig-src=\"https:\/\/cmpaix.eu\/fr\/wp-content\/uploads\/photo-gallery\/thumb\/conf1-004-1.jpg?bwg=1675692272\"                   alt=\"Colloque franco-allemand - table-ronde \u00c9conomie \u2013 Finances\"                   title=\"Colloque franco-allemand - table-ronde \u00c9conomie \u2013 Finances\" \/>            <\/div>            <div class=\"bwg-zoom-effect-overlay\">              <div class=\"bwg-title1\"><div class=\"bwg-title2\">Colloque franco-allemand - table-ronde \u00c9conomie \u2013 Finances<\/div><\/div>                                        <\/div>          <\/div>        <\/div>                        <\/a>              <\/div>            <div class=\"bwg-item\">        <a class=\"bwg-a  bwg_lightbox\"  data-image-id=\"204\" href=\"https:\/\/cmpaix.eu\/fr\/wp-content\/uploads\/photo-gallery\/conf1-005.jpg?bwg=1675692272\" data-elementor-open-lightbox=\"no\">                <div class=\"bwg-item0 \">          <div class=\"bwg-item1 bwg-zoom-effect\">            <div class=\"bwg-item2\">              <img decoding=\"async\" class=\"lazyload skip-lazy bwg_standart_thumb_img_0 \"                   data-id=\"204\"                   data-width=\"500.00\"                   data-height=\"334.00\"                   data-src=\"https:\/\/cmpaix.eu\/fr\/wp-content\/uploads\/photo-gallery\/thumb\/conf1-005.jpg?bwg=1675692272\"                   src=\"data:image\/svg+xml,%3Csvg%20xmlns%3D%27http%3A%2F%2Fwww.w3.org%2F2000%2Fsvg%27%20width%3D%27500%27%20height%3D%27334%27%20viewBox%3D%270%200%20500%20334%27%3E%3Crect%20width%3D%27500%27%20height%3D%27334%27%20fill-opacity%3D%220%22%2F%3E%3C%2Fsvg%3E\" data-orig-src=\"https:\/\/cmpaix.eu\/fr\/wp-content\/uploads\/photo-gallery\/thumb\/conf1-005.jpg?bwg=1675692272\"                   alt=\"Colloque franco-allemand - table-ronde \u00c9conomie \u2013 Finances\"                   title=\"Colloque franco-allemand - table-ronde \u00c9conomie \u2013 Finances\" \/>            <\/div>            <div class=\"bwg-zoom-effect-overlay\">              <div class=\"bwg-title1\"><div class=\"bwg-title2\">Colloque franco-allemand - table-ronde \u00c9conomie \u2013 Finances<\/div><\/div>                                        <\/div>          <\/div>        <\/div>                        <\/a>              <\/div>            <div class=\"bwg-item\">        <a class=\"bwg-a  bwg_lightbox\"  data-image-id=\"205\" href=\"https:\/\/cmpaix.eu\/fr\/wp-content\/uploads\/photo-gallery\/conf1-006.jpg?bwg=1675692272\" data-elementor-open-lightbox=\"no\">                <div class=\"bwg-item0 \">          <div class=\"bwg-item1 bwg-zoom-effect\">            <div class=\"bwg-item2\">              <img decoding=\"async\" class=\"lazyload skip-lazy bwg_standart_thumb_img_0 \"                   data-id=\"205\"                   data-width=\"500.00\"                   data-height=\"334.00\"                   data-src=\"https:\/\/cmpaix.eu\/fr\/wp-content\/uploads\/photo-gallery\/thumb\/conf1-006.jpg?bwg=1675692272\"                   src=\"data:image\/svg+xml,%3Csvg%20xmlns%3D%27http%3A%2F%2Fwww.w3.org%2F2000%2Fsvg%27%20width%3D%27500%27%20height%3D%27334%27%20viewBox%3D%270%200%20500%20334%27%3E%3Crect%20width%3D%27500%27%20height%3D%27334%27%20fill-opacity%3D%220%22%2F%3E%3C%2Fsvg%3E\" data-orig-src=\"https:\/\/cmpaix.eu\/fr\/wp-content\/uploads\/photo-gallery\/thumb\/conf1-006.jpg?bwg=1675692272\"                   alt=\"Colloque franco-allemand - table-ronde \u00c9conomie \u2013 Finances\"                   title=\"Colloque franco-allemand - table-ronde \u00c9conomie \u2013 Finances\" \/>            <\/div>            <div class=\"bwg-zoom-effect-overlay\">              <div class=\"bwg-title1\"><div class=\"bwg-title2\">Colloque franco-allemand - table-ronde \u00c9conomie \u2013 Finances<\/div><\/div>                                        <\/div>          <\/div>        <\/div>                        <\/a>              <\/div>            <div class=\"bwg-item\">        <a class=\"bwg-a  bwg_lightbox\"  data-image-id=\"206\" href=\"https:\/\/cmpaix.eu\/fr\/wp-content\/uploads\/photo-gallery\/conf1-007.jpg?bwg=1675692272\" data-elementor-open-lightbox=\"no\">                <div class=\"bwg-item0 \">          <div class=\"bwg-item1 bwg-zoom-effect\">            <div class=\"bwg-item2\">              <img decoding=\"async\" class=\"lazyload skip-lazy bwg_standart_thumb_img_0 \"                   data-id=\"206\"                   data-width=\"500.00\"                   data-height=\"334.00\"                   data-src=\"https:\/\/cmpaix.eu\/fr\/wp-content\/uploads\/photo-gallery\/thumb\/conf1-007.jpg?bwg=1675692272\"                   src=\"data:image\/svg+xml,%3Csvg%20xmlns%3D%27http%3A%2F%2Fwww.w3.org%2F2000%2Fsvg%27%20width%3D%27500%27%20height%3D%27334%27%20viewBox%3D%270%200%20500%20334%27%3E%3Crect%20width%3D%27500%27%20height%3D%27334%27%20fill-opacity%3D%220%22%2F%3E%3C%2Fsvg%3E\" data-orig-src=\"https:\/\/cmpaix.eu\/fr\/wp-content\/uploads\/photo-gallery\/thumb\/conf1-007.jpg?bwg=1675692272\"                   alt=\"Colloque franco-allemand - table-ronde \u00c9conomie \u2013 Finances\"                   title=\"Colloque franco-allemand - table-ronde \u00c9conomie \u2013 Finances\" \/>            <\/div>            <div class=\"bwg-zoom-effect-overlay\">              <div class=\"bwg-title1\"><div class=\"bwg-title2\">Colloque franco-allemand - table-ronde \u00c9conomie \u2013 Finances<\/div><\/div>                                        <\/div>          <\/div>        <\/div>                        <\/a>              <\/div>            <div class=\"bwg-item\">        <a class=\"bwg-a  bwg_lightbox\"  data-image-id=\"207\" href=\"https:\/\/cmpaix.eu\/fr\/wp-content\/uploads\/photo-gallery\/conf1-008.jpg?bwg=1675692272\" data-elementor-open-lightbox=\"no\">                <div class=\"bwg-item0 \">          <div class=\"bwg-item1 bwg-zoom-effect\">            <div class=\"bwg-item2\">              <img decoding=\"async\" class=\"lazyload skip-lazy bwg_standart_thumb_img_0 \"                   data-id=\"207\"                   data-width=\"500.00\"                   data-height=\"334.00\"                   data-src=\"https:\/\/cmpaix.eu\/fr\/wp-content\/uploads\/photo-gallery\/thumb\/conf1-008.jpg?bwg=1675692272\"                   src=\"data:image\/svg+xml,%3Csvg%20xmlns%3D%27http%3A%2F%2Fwww.w3.org%2F2000%2Fsvg%27%20width%3D%27500%27%20height%3D%27334%27%20viewBox%3D%270%200%20500%20334%27%3E%3Crect%20width%3D%27500%27%20height%3D%27334%27%20fill-opacity%3D%220%22%2F%3E%3C%2Fsvg%3E\" data-orig-src=\"https:\/\/cmpaix.eu\/fr\/wp-content\/uploads\/photo-gallery\/thumb\/conf1-008.jpg?bwg=1675692272\"                   alt=\"Colloque franco-allemand - table-ronde \u00c9conomie \u2013 Finances\"                   title=\"Colloque franco-allemand - table-ronde \u00c9conomie \u2013 Finances\" \/>            <\/div>            <div class=\"bwg-zoom-effect-overlay\">              <div class=\"bwg-title1\"><div class=\"bwg-title2\">Colloque franco-allemand - table-ronde \u00c9conomie \u2013 Finances<\/div><\/div>                                        <\/div>          <\/div>        <\/div>                        <\/a>              <\/div>            <div class=\"bwg-item\">        <a class=\"bwg-a  bwg_lightbox\"  data-image-id=\"215\" href=\"https:\/\/cmpaix.eu\/fr\/wp-content\/uploads\/photo-gallery\/conf1-009.jpg?bwg=1675692346\" data-elementor-open-lightbox=\"no\">                <div class=\"bwg-item0 \">          <div class=\"bwg-item1 bwg-zoom-effect\">            <div class=\"bwg-item2\">              <img decoding=\"async\" class=\"lazyload skip-lazy bwg_standart_thumb_img_0 \"                   data-id=\"215\"                   data-width=\"500.00\"                   data-height=\"334.00\"                   data-src=\"https:\/\/cmpaix.eu\/fr\/wp-content\/uploads\/photo-gallery\/thumb\/conf1-009.jpg?bwg=1675692346\"                   src=\"data:image\/svg+xml,%3Csvg%20xmlns%3D%27http%3A%2F%2Fwww.w3.org%2F2000%2Fsvg%27%20width%3D%27500%27%20height%3D%27334%27%20viewBox%3D%270%200%20500%20334%27%3E%3Crect%20width%3D%27500%27%20height%3D%27334%27%20fill-opacity%3D%220%22%2F%3E%3C%2Fsvg%3E\" data-orig-src=\"https:\/\/cmpaix.eu\/fr\/wp-content\/uploads\/photo-gallery\/thumb\/conf1-009.jpg?bwg=1675692346\"                   alt=\"Colloque franco-allemand - table-ronde \u00c9conomie \u2013 Finances\"                   title=\"Colloque franco-allemand - table-ronde \u00c9conomie \u2013 Finances\" \/>            <\/div>            <div class=\"bwg-zoom-effect-overlay\">              <div class=\"bwg-title1\"><div class=\"bwg-title2\">Colloque franco-allemand - table-ronde \u00c9conomie \u2013 Finances<\/div><\/div>                                        <\/div>          <\/div>        <\/div>                        <\/a>              <\/div>            <div class=\"bwg-item\">        <a class=\"bwg-a  bwg_lightbox\"  data-image-id=\"209\" href=\"https:\/\/cmpaix.eu\/fr\/wp-content\/uploads\/photo-gallery\/conf1-010.jpg?bwg=1675692272\" data-elementor-open-lightbox=\"no\">                <div class=\"bwg-item0 \">          <div class=\"bwg-item1 bwg-zoom-effect\">            <div class=\"bwg-item2\">              <img decoding=\"async\" class=\"lazyload skip-lazy bwg_standart_thumb_img_0 \"                   data-id=\"209\"                   data-width=\"500.00\"                   data-height=\"334.00\"                   data-src=\"https:\/\/cmpaix.eu\/fr\/wp-content\/uploads\/photo-gallery\/thumb\/conf1-010.jpg?bwg=1675692272\"                   src=\"data:image\/svg+xml,%3Csvg%20xmlns%3D%27http%3A%2F%2Fwww.w3.org%2F2000%2Fsvg%27%20width%3D%27500%27%20height%3D%27334%27%20viewBox%3D%270%200%20500%20334%27%3E%3Crect%20width%3D%27500%27%20height%3D%27334%27%20fill-opacity%3D%220%22%2F%3E%3C%2Fsvg%3E\" data-orig-src=\"https:\/\/cmpaix.eu\/fr\/wp-content\/uploads\/photo-gallery\/thumb\/conf1-010.jpg?bwg=1675692272\"                   alt=\"Colloque franco-allemand - table-ronde \u00c9conomie \u2013 Finances\"                   title=\"Colloque franco-allemand - table-ronde \u00c9conomie \u2013 Finances\" \/>            <\/div>            <div class=\"bwg-zoom-effect-overlay\">              <div class=\"bwg-title1\"><div class=\"bwg-title2\">Colloque franco-allemand - table-ronde \u00c9conomie \u2013 Finances<\/div><\/div>                                        <\/div>          <\/div>        <\/div>                        <\/a>              <\/div>            <div class=\"bwg-item\">        <a class=\"bwg-a  bwg_lightbox\"  data-image-id=\"208\" href=\"https:\/\/cmpaix.eu\/fr\/wp-content\/uploads\/photo-gallery\/conf1-011.jpg?bwg=1675692272\" data-elementor-open-lightbox=\"no\">                <div class=\"bwg-item0 \">          <div class=\"bwg-item1 bwg-zoom-effect\">            <div class=\"bwg-item2\">              <img decoding=\"async\" class=\"lazyload skip-lazy bwg_standart_thumb_img_0 \"                   data-id=\"208\"                   data-width=\"500.00\"                   data-height=\"334.00\"                   data-src=\"https:\/\/cmpaix.eu\/fr\/wp-content\/uploads\/photo-gallery\/thumb\/conf1-011.jpg?bwg=1675692272\"                   src=\"data:image\/svg+xml,%3Csvg%20xmlns%3D%27http%3A%2F%2Fwww.w3.org%2F2000%2Fsvg%27%20width%3D%27500%27%20height%3D%27334%27%20viewBox%3D%270%200%20500%20334%27%3E%3Crect%20width%3D%27500%27%20height%3D%27334%27%20fill-opacity%3D%220%22%2F%3E%3C%2Fsvg%3E\" data-orig-src=\"https:\/\/cmpaix.eu\/fr\/wp-content\/uploads\/photo-gallery\/thumb\/conf1-011.jpg?bwg=1675692272\"                   alt=\"Colloque franco-allemand - table-ronde \u00c9conomie \u2013 Finances\"                   title=\"Colloque franco-allemand - table-ronde \u00c9conomie \u2013 Finances\" \/>            <\/div>            <div class=\"bwg-zoom-effect-overlay\">              <div class=\"bwg-title1\"><div class=\"bwg-title2\">Colloque franco-allemand - table-ronde \u00c9conomie \u2013 Finances<\/div><\/div>                                        <\/div>          <\/div>        <\/div>                        <\/a>              <\/div>            <div class=\"bwg-item\">        <a class=\"bwg-a  bwg_lightbox\"  data-image-id=\"211\" href=\"https:\/\/cmpaix.eu\/fr\/wp-content\/uploads\/photo-gallery\/conf1-012.jpg?bwg=1675692272\" data-elementor-open-lightbox=\"no\">                <div class=\"bwg-item0 \">          <div class=\"bwg-item1 bwg-zoom-effect\">            <div class=\"bwg-item2\">              <img decoding=\"async\" class=\"lazyload skip-lazy bwg_standart_thumb_img_0 \"                   data-id=\"211\"                   data-width=\"500.00\"                   data-height=\"334.00\"                   data-src=\"https:\/\/cmpaix.eu\/fr\/wp-content\/uploads\/photo-gallery\/thumb\/conf1-012.jpg?bwg=1675692272\"                   src=\"data:image\/svg+xml,%3Csvg%20xmlns%3D%27http%3A%2F%2Fwww.w3.org%2F2000%2Fsvg%27%20width%3D%27500%27%20height%3D%27334%27%20viewBox%3D%270%200%20500%20334%27%3E%3Crect%20width%3D%27500%27%20height%3D%27334%27%20fill-opacity%3D%220%22%2F%3E%3C%2Fsvg%3E\" data-orig-src=\"https:\/\/cmpaix.eu\/fr\/wp-content\/uploads\/photo-gallery\/thumb\/conf1-012.jpg?bwg=1675692272\"                   alt=\"Colloque franco-allemand - table-ronde \u00c9conomie \u2013 Finances\"                   title=\"Colloque franco-allemand - table-ronde \u00c9conomie \u2013 Finances\" \/>            <\/div>            <div class=\"bwg-zoom-effect-overlay\">              <div class=\"bwg-title1\"><div class=\"bwg-title2\">Colloque franco-allemand - table-ronde \u00c9conomie \u2013 Finances<\/div><\/div>                                        <\/div>          <\/div>        <\/div>                        <\/a>              <\/div>            <div class=\"bwg-item\">        <a class=\"bwg-a  bwg_lightbox\"  data-image-id=\"210\" href=\"https:\/\/cmpaix.eu\/fr\/wp-content\/uploads\/photo-gallery\/conf1-013.jpg?bwg=1675692272\" data-elementor-open-lightbox=\"no\">                <div class=\"bwg-item0 \">          <div class=\"bwg-item1 bwg-zoom-effect\">            <div class=\"bwg-item2\">              <img decoding=\"async\" class=\"lazyload skip-lazy bwg_standart_thumb_img_0 \"                   data-id=\"210\"                   data-width=\"500.00\"                   data-height=\"334.00\"                   data-src=\"https:\/\/cmpaix.eu\/fr\/wp-content\/uploads\/photo-gallery\/thumb\/conf1-013.jpg?bwg=1675692272\"                   src=\"data:image\/svg+xml,%3Csvg%20xmlns%3D%27http%3A%2F%2Fwww.w3.org%2F2000%2Fsvg%27%20width%3D%27500%27%20height%3D%27334%27%20viewBox%3D%270%200%20500%20334%27%3E%3Crect%20width%3D%27500%27%20height%3D%27334%27%20fill-opacity%3D%220%22%2F%3E%3C%2Fsvg%3E\" data-orig-src=\"https:\/\/cmpaix.eu\/fr\/wp-content\/uploads\/photo-gallery\/thumb\/conf1-013.jpg?bwg=1675692272\"                   alt=\"Colloque franco-allemand - table-ronde \u00c9conomie \u2013 Finances\"                   title=\"Colloque franco-allemand - table-ronde \u00c9conomie \u2013 Finances\" \/>            <\/div>            <div class=\"bwg-zoom-effect-overlay\">              <div class=\"bwg-title1\"><div class=\"bwg-title2\">Colloque franco-allemand - table-ronde \u00c9conomie \u2013 Finances<\/div><\/div>                                        <\/div>          <\/div>        <\/div>                        <\/a>              <\/div>            <div class=\"bwg-item\">        <a class=\"bwg-a  bwg_lightbox\"  data-image-id=\"212\" href=\"https:\/\/cmpaix.eu\/fr\/wp-content\/uploads\/photo-gallery\/conf1-013-1.jpg?bwg=1675692272\" data-elementor-open-lightbox=\"no\">                <div class=\"bwg-item0 \">          <div class=\"bwg-item1 bwg-zoom-effect\">            <div class=\"bwg-item2\">              <img decoding=\"async\" class=\"lazyload skip-lazy bwg_standart_thumb_img_0 \"                   data-id=\"212\"                   data-width=\"500.00\"                   data-height=\"334.00\"                   data-src=\"https:\/\/cmpaix.eu\/fr\/wp-content\/uploads\/photo-gallery\/thumb\/conf1-013-1.jpg?bwg=1675692272\"                   src=\"data:image\/svg+xml,%3Csvg%20xmlns%3D%27http%3A%2F%2Fwww.w3.org%2F2000%2Fsvg%27%20width%3D%27500%27%20height%3D%27334%27%20viewBox%3D%270%200%20500%20334%27%3E%3Crect%20width%3D%27500%27%20height%3D%27334%27%20fill-opacity%3D%220%22%2F%3E%3C%2Fsvg%3E\" data-orig-src=\"https:\/\/cmpaix.eu\/fr\/wp-content\/uploads\/photo-gallery\/thumb\/conf1-013-1.jpg?bwg=1675692272\"                   alt=\"Colloque franco-allemand - table-ronde \u00c9conomie \u2013 Finances\"                   title=\"Colloque franco-allemand - table-ronde \u00c9conomie \u2013 Finances\" \/>            <\/div>            <div class=\"bwg-zoom-effect-overlay\">              <div class=\"bwg-title1\"><div class=\"bwg-title2\">Colloque franco-allemand - table-ronde \u00c9conomie \u2013 Finances<\/div><\/div>                                        <\/div>          <\/div>        <\/div>                        <\/a>              <\/div>            <div class=\"bwg-item\">        <a class=\"bwg-a  bwg_lightbox\"  data-image-id=\"213\" href=\"https:\/\/cmpaix.eu\/fr\/wp-content\/uploads\/photo-gallery\/conf1-014.jpg?bwg=1675692272\" data-elementor-open-lightbox=\"no\">                <div class=\"bwg-item0 \">          <div class=\"bwg-item1 bwg-zoom-effect\">            <div class=\"bwg-item2\">              <img decoding=\"async\" class=\"lazyload skip-lazy bwg_standart_thumb_img_0 \"                   data-id=\"213\"                   data-width=\"500.00\"                   data-height=\"334.00\"                   data-src=\"https:\/\/cmpaix.eu\/fr\/wp-content\/uploads\/photo-gallery\/thumb\/conf1-014.jpg?bwg=1675692272\"                   src=\"data:image\/svg+xml,%3Csvg%20xmlns%3D%27http%3A%2F%2Fwww.w3.org%2F2000%2Fsvg%27%20width%3D%27500%27%20height%3D%27334%27%20viewBox%3D%270%200%20500%20334%27%3E%3Crect%20width%3D%27500%27%20height%3D%27334%27%20fill-opacity%3D%220%22%2F%3E%3C%2Fsvg%3E\" data-orig-src=\"https:\/\/cmpaix.eu\/fr\/wp-content\/uploads\/photo-gallery\/thumb\/conf1-014.jpg?bwg=1675692272\"                   alt=\"Colloque franco-allemand - table-ronde \u00c9conomie \u2013 Finances\"                   title=\"Colloque franco-allemand - table-ronde \u00c9conomie \u2013 Finances\" \/>            <\/div>            <div class=\"bwg-zoom-effect-overlay\">              <div class=\"bwg-title1\"><div class=\"bwg-title2\">Colloque franco-allemand - table-ronde \u00c9conomie \u2013 Finances<\/div><\/div>                                        <\/div>          <\/div>        <\/div>                        <\/a>              <\/div>            <div class=\"bwg-item\">        <a class=\"bwg-a  bwg_lightbox\"  data-image-id=\"214\" href=\"https:\/\/cmpaix.eu\/fr\/wp-content\/uploads\/photo-gallery\/conf1-015.jpg?bwg=1675692272\" data-elementor-open-lightbox=\"no\">                <div class=\"bwg-item0 \">          <div class=\"bwg-item1 bwg-zoom-effect\">            <div class=\"bwg-item2\">              <img decoding=\"async\" class=\"lazyload skip-lazy bwg_standart_thumb_img_0 \"                   data-id=\"214\"                   data-width=\"500.00\"                   data-height=\"334.00\"                   data-src=\"https:\/\/cmpaix.eu\/fr\/wp-content\/uploads\/photo-gallery\/thumb\/conf1-015.jpg?bwg=1675692272\"                   src=\"data:image\/svg+xml,%3Csvg%20xmlns%3D%27http%3A%2F%2Fwww.w3.org%2F2000%2Fsvg%27%20width%3D%27500%27%20height%3D%27334%27%20viewBox%3D%270%200%20500%20334%27%3E%3Crect%20width%3D%27500%27%20height%3D%27334%27%20fill-opacity%3D%220%22%2F%3E%3C%2Fsvg%3E\" data-orig-src=\"https:\/\/cmpaix.eu\/fr\/wp-content\/uploads\/photo-gallery\/thumb\/conf1-015.jpg?bwg=1675692272\"                   alt=\"Colloque franco-allemand - table-ronde \u00c9conomie \u2013 Finances\"                   title=\"Colloque franco-allemand - table-ronde \u00c9conomie \u2013 Finances\" \/>            <\/div>            <div class=\"bwg-zoom-effect-overlay\">              <div class=\"bwg-title1\"><div class=\"bwg-title2\">Colloque franco-allemand - table-ronde \u00c9conomie \u2013 Finances<\/div><\/div>                                        <\/div>          <\/div>        <\/div>                        <\/a>              <\/div>            <div class=\"bwg-item\">        <a class=\"bwg-a  bwg_lightbox\"  data-image-id=\"200\" href=\"https:\/\/cmpaix.eu\/fr\/wp-content\/uploads\/photo-gallery\/conf1-016.jpg?bwg=1675692272\" data-elementor-open-lightbox=\"no\">                <div class=\"bwg-item0 \">          <div class=\"bwg-item1 bwg-zoom-effect\">            <div class=\"bwg-item2\">              <img decoding=\"async\" class=\"lazyload skip-lazy bwg_standart_thumb_img_0 \"                   data-id=\"200\"                   data-width=\"500.00\"                   data-height=\"334.00\"                   data-src=\"https:\/\/cmpaix.eu\/fr\/wp-content\/uploads\/photo-gallery\/thumb\/conf1-016.jpg?bwg=1675692272\"                   src=\"data:image\/svg+xml,%3Csvg%20xmlns%3D%27http%3A%2F%2Fwww.w3.org%2F2000%2Fsvg%27%20width%3D%27500%27%20height%3D%27334%27%20viewBox%3D%270%200%20500%20334%27%3E%3Crect%20width%3D%27500%27%20height%3D%27334%27%20fill-opacity%3D%220%22%2F%3E%3C%2Fsvg%3E\" data-orig-src=\"https:\/\/cmpaix.eu\/fr\/wp-content\/uploads\/photo-gallery\/thumb\/conf1-016.jpg?bwg=1675692272\"                   alt=\"Colloque franco-allemand - table-ronde \u00c9conomie \u2013 Finances\"                   title=\"Colloque franco-allemand - table-ronde \u00c9conomie \u2013 Finances\" \/>            <\/div>            <div class=\"bwg-zoom-effect-overlay\">              <div class=\"bwg-title1\"><div class=\"bwg-title2\">Colloque franco-allemand - table-ronde \u00c9conomie \u2013 Finances<\/div><\/div>                                        <\/div>          <\/div>        <\/div>                        <\/a>              <\/div>          <\/div>    <style>      \/*pagination styles*\/      #bwg_container1_0 #bwg_container2_0 .tablenav-pages_0 {\t\t\t\ttext-align: center;\t\t\t\tfont-size: 12px;\t\t\t\tfont-family: Ubuntu;\t\t\t\tfont-weight: bold;\t\t\t\tcolor: #666666;\t\t\t\tmargin: 6px 0 4px;\t\t\t\tdisplay: block;      }      @media only screen and (max-width : 320px) {      #bwg_container1_0 #bwg_container2_0 .displaying-num_0 {     \t display: none;      }      }      #bwg_container1_0 #bwg_container2_0 .displaying-num_0 {\t\t\t\tfont-size: 12px;\t\t\t\tfont-family: Ubuntu;\t\t\t\tfont-weight: bold;\t\t\t\tcolor: #666666;\t\t\t\tmargin-right: 10px;\t\t\t\tvertical-align: middle;      }      #bwg_container1_0 #bwg_container2_0 .paging-input_0 {\t\t\t\tfont-size: 12px;\t\t\t\tfont-family: Ubuntu;\t\t\t\tfont-weight: bold;\t\t\t\tcolor: #666666;\t\t\t\tvertical-align: middle;      }      #bwg_container1_0 #bwg_container2_0 .tablenav-pages_0 a.disabled,      #bwg_container1_0 #bwg_container2_0 .tablenav-pages_0 a.disabled:hover,      #bwg_container1_0 #bwg_container2_0 .tablenav-pages_0 a.disabled:focus,\t\t\t#bwg_container1_0 #bwg_container2_0 .tablenav-pages_0 input.bwg_current_page {\t\t\t\tcursor: default;\t\t\t\tcolor: rgba(102, 102, 102, 0.5);      }      #bwg_container1_0 #bwg_container2_0 .tablenav-pages_0 a,      #bwg_container1_0 #bwg_container2_0 .tablenav-pages_0 input.bwg_current_page {\t\t\t\tcursor: pointer;\t\t\t\ttext-align: center;\t\t\t\tfont-size: 12px;\t\t\t\tfont-family: Ubuntu;\t\t\t\tfont-weight: bold;\t\t\t\tcolor: #666666;\t\t\t\ttext-decoration: none;\t\t\t\tpadding: 3px 6px;\t\t\t\tmargin: 0;\t\t\t\tborder-radius: 0;\t\t\t\tborder-style: solid;\t\t\t\tborder-width: 1px;\t\t\t\tborder-color: #E3E3E3;\t\t\t\t\t\t\t\tbackground-color: rgba(255, 255, 255, 1.00);\t\t\t\tbox-shadow: 0;\t\t\t\ttransition: all 0.3s ease 0s;-webkit-transition: all 0.3s ease 0s;      }      <\/style>      <span class=\"bwg_nav_cont_0\">              <div class=\"tablenav-pages_0\">                  <\/div>                <input type=\"hidden\" id=\"page_number_0\" name=\"page_number_0\" value=\"1\" \/>      <script type=\"text\/javascript\">        if( jQuery('.bwg_nav_cont_0').length > 1 ) {          jQuery('.bwg_nav_cont_0').first().remove()        }        function spider_page_0(cur, x, y, load_more) {          if (typeof load_more == \"undefined\") {            var load_more = false;          }          if (jQuery(cur).hasClass('disabled')) {            return false;          }          var items_county_0 = 1;          switch (y) {            case 1:              if (x >= items_county_0) {                document.getElementById('page_number_0').value = items_county_0;              }              else {                document.getElementById('page_number_0').value = x + 1;              }              break;            case 2:              document.getElementById('page_number_0').value = items_county_0;              break;            case -1:              if (x == 1) {                document.getElementById('page_number_0').value = 1;              }              else {                document.getElementById('page_number_0').value = x - 1;              }              break;            case -2:              document.getElementById('page_number_0').value = 1;              break;\t\t\t\t\t\tcase 0:              document.getElementById('page_number_0').value = x;              break;            default:              document.getElementById('page_number_0').value = 1;          }          bwg_ajax('gal_front_form_0', '0', 'bwg_thumbnails_0', '0', '', 'gallery', 0, '', '', load_more, '', 1);        }                    jQuery('.first-page-0').on('click', function () {              spider_page_0(this, 1, -2, 'numeric');              return false;            });            jQuery('.prev-page-0').on('click', function () {              spider_page_0(this, 1, -1, 'numeric');              return false;            });            jQuery('.next-page-0').on('click', function () {              spider_page_0(this, 1, 1, 'numeric');              return false;            });            jQuery('.last-page-0').on('click', function () {              spider_page_0(this, 1, 2, 'numeric');              return false;            });        \t\t\t\t\/* Change page on input enter. *\/        function bwg_change_page_0( e, that ) {          if (  e.key == 'Enter' ) {            var to_page = parseInt(jQuery(that).val());            var pages_count = jQuery(that).parents(\".pagination-links\").data(\"pages-count\");            var current_url_param = jQuery(that).attr('data-url-info');            if (to_page > pages_count) {              to_page = 1;            }\t \t\t\t\t\t\t\t\t\t\t\t\tspider_page_0(this, to_page, 0, 'numeric');\t\t\t\t\t\t\treturn false;\t\t\t\t\t\t          }          return true;        }        jQuery('.bwg_load_btn_0').on('click', function () {            spider_page_0(this, 1, 1, true);            return false;        });      <\/script>      <\/span>                <\/div>        <\/form>        <style>          #bwg_container1_0 #bwg_container2_0 #spider_popup_overlay_0 {          background-color: #EEEEEE;          opacity: 0.60;          }          <\/style>        <div id=\"bwg_spider_popup_loading_0\" class=\"bwg_spider_popup_loading\"><\/div>        <div id=\"spider_popup_overlay_0\" class=\"spider_popup_overlay\" onclick=\"spider_destroypopup(1000)\"><\/div>        <input type=\"hidden\" id=\"bwg_random_seed_0\" value=\"350972801\">                <\/div>    <\/div>    <script>      if (document.readyState === 'complete') {        if( typeof bwg_main_ready == 'function' ) {          if ( jQuery(\"#bwg_container1_0\").height() ) {            bwg_main_ready(jQuery(\"#bwg_container1_0\"));          }        }      } else {        document.addEventListener('DOMContentLoaded', function() {          if( typeof bwg_main_ready == 'function' ) {            if ( jQuery(\"#bwg_container1_0\").height() ) {             bwg_main_ready(jQuery(\"#bwg_container1_0\"));            }          }        });      }    <\/script>    \r\n\r\n\r\n<p style=\"font-family: Helvetica, arial, sans-serif; font-size: 16px;  text-align:center; line-height: 22px; vertical-align: top;\"><strong>Table-ronde D\u00e9fense \u2013 Souverainet\u00e9 <\/strong><\/p>\r\n<style id=\"bwg-style-1\">    #bwg_container1_1 #bwg_container2_1 .bwg-container-1.bwg-standard-thumbnails {      width: 1254px;              justify-content: center;        margin:0 auto !important;              background-color: rgba(255, 255, 255, 0.00);            padding-left: 4px;      padding-top: 4px;      max-width: 100%;            }        #bwg_container1_1 #bwg_container2_1 .bwg-container-1.bwg-standard-thumbnails .bwg-item {    justify-content: flex-start;      max-width: 250px;          }    #bwg_container1_1 #bwg_container2_1 .bwg-container-1.bwg-standard-thumbnails .bwg-item a {       margin-right: 4px;       margin-bottom: 4px;    }    #bwg_container1_1 #bwg_container2_1 .bwg-container-1.bwg-standard-thumbnails .bwg-item0 {      padding: 0px;            background-color:rgba(0,0,0, 0.30);      border: 0px none #CCCCCC;      opacity: 1.00;      border-radius: 0;      box-shadow: ;    }    #bwg_container1_1 #bwg_container2_1 .bwg-container-1.bwg-standard-thumbnails .bwg-item1 img {      max-height: none;      max-width: none;      padding: 0 !important;    }         @media only screen and (min-width: 480px) {\t\t#bwg_container1_1 #bwg_container2_1 .bwg-container-1.bwg-standard-thumbnails .bwg-item1 img {\t\t\t-webkit-transition: all .3s; transition: all .3s;\t\t}\t\t#bwg_container1_1 #bwg_container2_1 .bwg-container-1.bwg-standard-thumbnails .bwg-item1 img:hover {\t\t\t-ms-transform: scale(1.08);\t\t\t-webkit-transform: scale(1.08);\t\t\ttransform: scale(1.08);\t\t}\t\t\t\t.bwg-standard-thumbnails .bwg-zoom-effect .bwg-zoom-effect-overlay {\t\t\t\t\t\tbackground-color:rgba(0,0,0, 0.3);\t\t}\t\t.bwg-standard-thumbnails .bwg-zoom-effect:hover img {\t\t\t-ms-transform: scale(1.08);\t\t\t-webkit-transform: scale(1.08);\t\t\ttransform: scale(1.08);\t\t}\t\t      }\t    #bwg_container1_1 #bwg_container2_1 .bwg-container-1.bwg-standard-thumbnails .bwg-item1 {      padding-top: 56%;    }        #bwg_container1_1 #bwg_container2_1 .bwg-container-1.bwg-standard-thumbnails .bwg-title1 {      position: absolute;      top: 0;      z-index: 100;      width: 100%;      height: 100%;      display: flex;      justify-content: center;      align-content: center;      flex-direction: column;      opacity: 0;    }\t      #bwg_container1_1 #bwg_container2_1 .bwg-container-1.bwg-standard-thumbnails .bwg-title2,    #bwg_container1_1 #bwg_container2_1 .bwg-container-1.bwg-standard-thumbnails .bwg-ecommerce2 {      color: #FFFFFF;      font-family: Ubuntu;      font-size: 16px;      font-weight: bold;      padding: 2px;      text-shadow: ;      max-height: 100%;    }    #bwg_container1_1 #bwg_container2_1 .bwg-container-1.bwg-standard-thumbnails .bwg-thumb-description span {    color: #323A45;    font-family: Ubuntu;    font-size: 12px;    max-height: 100%;    word-wrap: break-word;    }    #bwg_container1_1 #bwg_container2_1 .bwg-container-1.bwg-standard-thumbnails .bwg-play-icon2 {      font-size: 32px;    }    #bwg_container1_1 #bwg_container2_1 .bwg-container-1.bwg-standard-thumbnails .bwg-ecommerce2 {      font-size: 19.2px;      color: #323A45;    }    <\/style>    <div id=\"bwg_container1_1\"         class=\"bwg_container bwg_thumbnail bwg_thumbnails \"         data-right-click-protection=\"0\"         data-bwg=\"1\"         data-scroll=\"0\"         data-gallery-type=\"thumbnails\"         data-gallery-view-type=\"thumbnails\"         data-current-url=\"\/fr\/wp-json\/wp\/v2\/posts\/11248\"         data-lightbox-url=\"https:\/\/cmpaix.eu\/fr\/wp-admin\/admin-ajax.php?action=GalleryBox&#038;current_view=1&#038;gallery_id=19&#038;tag=0&#038;theme_id=1&#038;shortcode_id=35&#038;sort_by=order&#038;order_by=asc&#038;current_url=%2Ffr%2Fwp-json%2Fwp%2Fv2%2Fposts%2F11248\"         data-gallery-id=\"19\"         data-popup-width=\"800\"         data-popup-height=\"500\"         data-is-album=\"gallery\"         data-buttons-position=\"bottom\">      <div id=\"bwg_container2_1\">             <div id=\"ajax_loading_1\" class=\"bwg_loading_div_1\">      <div class=\"bwg_loading_div_2\">        <div class=\"bwg_loading_div_3\">          <div id=\"loading_div_1\" class=\"bwg_spider_ajax_loading\">          <\/div>        <\/div>      <\/div>    <\/div>            <form id=\"gal_front_form_1\"              class=\"bwg-hidden\"              method=\"post\"              action=\"#\"              data-current=\"1\"              data-shortcode-id=\"35\"              data-gallery-type=\"thumbnails\"              data-gallery-id=\"19\"              data-tag=\"0\"              data-album-id=\"0\"              data-theme-id=\"1\"              data-ajax-url=\"https:\/\/cmpaix.eu\/fr\/wp-admin\/admin-ajax.php?action=bwg_frontend_data\">          <div id=\"bwg_container3_1\" class=\"bwg-background bwg-background-1\">                <div data-max-count=\"5\"         data-thumbnail-width=\"250\"         data-bwg=\"1\"         data-gallery-id=\"19\"         data-lightbox-url=\"https:\/\/cmpaix.eu\/fr\/wp-admin\/admin-ajax.php?action=GalleryBox&amp;current_view=1&amp;gallery_id=19&amp;tag=0&amp;theme_id=1&amp;shortcode_id=35&amp;sort_by=order&amp;order_by=asc&amp;current_url=%2Ffr%2Fwp-json%2Fwp%2Fv2%2Fposts%2F11248\"         id=\"bwg_thumbnails_1\"         class=\"bwg-container-1 bwg-thumbnails bwg-standard-thumbnails bwg-container bwg-border-box\">            <div class=\"bwg-item\">        <a class=\"bwg-a  bwg_lightbox\"  data-image-id=\"216\" href=\"https:\/\/cmpaix.eu\/fr\/wp-content\/uploads\/photo-gallery\/conf2-001.jpg?bwg=1675692574\" data-elementor-open-lightbox=\"no\">                <div class=\"bwg-item0 \">          <div class=\"bwg-item1 bwg-zoom-effect\">            <div class=\"bwg-item2\">              <img decoding=\"async\" class=\"lazyload skip-lazy bwg_standart_thumb_img_1 \"                   data-id=\"216\"                   data-width=\"500.00\"                   data-height=\"334.00\"                   data-src=\"https:\/\/cmpaix.eu\/fr\/wp-content\/uploads\/photo-gallery\/thumb\/conf2-001.jpg?bwg=1675692574\"                   src=\"data:image\/svg+xml,%3Csvg%20xmlns%3D%27http%3A%2F%2Fwww.w3.org%2F2000%2Fsvg%27%20width%3D%27500%27%20height%3D%27334%27%20viewBox%3D%270%200%20500%20334%27%3E%3Crect%20width%3D%27500%27%20height%3D%27334%27%20fill-opacity%3D%220%22%2F%3E%3C%2Fsvg%3E\" data-orig-src=\"https:\/\/cmpaix.eu\/fr\/wp-content\/uploads\/photo-gallery\/thumb\/conf2-001.jpg?bwg=1675692574\"                   alt=\"Colloque franco-allemand - table-ronde D\u00e9fense \u2013 Souverainet\u00e9\"                   title=\"Colloque franco-allemand - table-ronde D\u00e9fense \u2013 Souverainet\u00e9\" \/>            <\/div>            <div class=\"bwg-zoom-effect-overlay\">              <div class=\"bwg-title1\"><div class=\"bwg-title2\">Colloque franco-allemand - table-ronde D\u00e9fense \u2013 Souverainet\u00e9<\/div><\/div>                                        <\/div>          <\/div>        <\/div>                        <\/a>              <\/div>            <div class=\"bwg-item\">        <a class=\"bwg-a  bwg_lightbox\"  data-image-id=\"217\" href=\"https:\/\/cmpaix.eu\/fr\/wp-content\/uploads\/photo-gallery\/conf2-002.jpg?bwg=1675692574\" data-elementor-open-lightbox=\"no\">                <div class=\"bwg-item0 \">          <div class=\"bwg-item1 bwg-zoom-effect\">            <div class=\"bwg-item2\">              <img decoding=\"async\" class=\"lazyload skip-lazy bwg_standart_thumb_img_1 \"                   data-id=\"217\"                   data-width=\"500.00\"                   data-height=\"334.00\"                   data-src=\"https:\/\/cmpaix.eu\/fr\/wp-content\/uploads\/photo-gallery\/thumb\/conf2-002.jpg?bwg=1675692574\"                   src=\"data:image\/svg+xml,%3Csvg%20xmlns%3D%27http%3A%2F%2Fwww.w3.org%2F2000%2Fsvg%27%20width%3D%27500%27%20height%3D%27334%27%20viewBox%3D%270%200%20500%20334%27%3E%3Crect%20width%3D%27500%27%20height%3D%27334%27%20fill-opacity%3D%220%22%2F%3E%3C%2Fsvg%3E\" data-orig-src=\"https:\/\/cmpaix.eu\/fr\/wp-content\/uploads\/photo-gallery\/thumb\/conf2-002.jpg?bwg=1675692574\"                   alt=\"Colloque franco-allemand - table-ronde D\u00e9fense \u2013 Souverainet\u00e9\"                   title=\"Colloque franco-allemand - table-ronde D\u00e9fense \u2013 Souverainet\u00e9\" \/>            <\/div>            <div class=\"bwg-zoom-effect-overlay\">              <div class=\"bwg-title1\"><div class=\"bwg-title2\">Colloque franco-allemand - table-ronde D\u00e9fense \u2013 Souverainet\u00e9<\/div><\/div>                                        <\/div>          <\/div>        <\/div>                        <\/a>              <\/div>            <div class=\"bwg-item\">        <a class=\"bwg-a  bwg_lightbox\"  data-image-id=\"218\" href=\"https:\/\/cmpaix.eu\/fr\/wp-content\/uploads\/photo-gallery\/conf2-003.jpg?bwg=1675692574\" data-elementor-open-lightbox=\"no\">                <div class=\"bwg-item0 \">          <div class=\"bwg-item1 bwg-zoom-effect\">            <div class=\"bwg-item2\">              <img decoding=\"async\" class=\"lazyload skip-lazy bwg_standart_thumb_img_1 \"                   data-id=\"218\"                   data-width=\"500.00\"                   data-height=\"334.00\"                   data-src=\"https:\/\/cmpaix.eu\/fr\/wp-content\/uploads\/photo-gallery\/thumb\/conf2-003.jpg?bwg=1675692574\"                   src=\"data:image\/svg+xml,%3Csvg%20xmlns%3D%27http%3A%2F%2Fwww.w3.org%2F2000%2Fsvg%27%20width%3D%27500%27%20height%3D%27334%27%20viewBox%3D%270%200%20500%20334%27%3E%3Crect%20width%3D%27500%27%20height%3D%27334%27%20fill-opacity%3D%220%22%2F%3E%3C%2Fsvg%3E\" data-orig-src=\"https:\/\/cmpaix.eu\/fr\/wp-content\/uploads\/photo-gallery\/thumb\/conf2-003.jpg?bwg=1675692574\"                   alt=\"Colloque franco-allemand - table-ronde D\u00e9fense \u2013 Souverainet\u00e9\"                   title=\"Colloque franco-allemand - table-ronde D\u00e9fense \u2013 Souverainet\u00e9\" \/>            <\/div>            <div class=\"bwg-zoom-effect-overlay\">              <div class=\"bwg-title1\"><div class=\"bwg-title2\">Colloque franco-allemand - table-ronde D\u00e9fense \u2013 Souverainet\u00e9<\/div><\/div>                                        <\/div>          <\/div>        <\/div>                        <\/a>              <\/div>            <div class=\"bwg-item\">        <a class=\"bwg-a  bwg_lightbox\"  data-image-id=\"219\" href=\"https:\/\/cmpaix.eu\/fr\/wp-content\/uploads\/photo-gallery\/conf2-004.jpg?bwg=1675692574\" data-elementor-open-lightbox=\"no\">                <div class=\"bwg-item0 \">          <div class=\"bwg-item1 bwg-zoom-effect\">            <div class=\"bwg-item2\">              <img decoding=\"async\" class=\"lazyload skip-lazy bwg_standart_thumb_img_1 \"                   data-id=\"219\"                   data-width=\"500.00\"                   data-height=\"334.00\"                   data-src=\"https:\/\/cmpaix.eu\/fr\/wp-content\/uploads\/photo-gallery\/thumb\/conf2-004.jpg?bwg=1675692574\"                   src=\"data:image\/svg+xml,%3Csvg%20xmlns%3D%27http%3A%2F%2Fwww.w3.org%2F2000%2Fsvg%27%20width%3D%27500%27%20height%3D%27334%27%20viewBox%3D%270%200%20500%20334%27%3E%3Crect%20width%3D%27500%27%20height%3D%27334%27%20fill-opacity%3D%220%22%2F%3E%3C%2Fsvg%3E\" data-orig-src=\"https:\/\/cmpaix.eu\/fr\/wp-content\/uploads\/photo-gallery\/thumb\/conf2-004.jpg?bwg=1675692574\"                   alt=\"Colloque franco-allemand - table-ronde D\u00e9fense \u2013 Souverainet\u00e9\"                   title=\"Colloque franco-allemand - table-ronde D\u00e9fense \u2013 Souverainet\u00e9\" \/>            <\/div>            <div class=\"bwg-zoom-effect-overlay\">              <div class=\"bwg-title1\"><div class=\"bwg-title2\">Colloque franco-allemand - table-ronde D\u00e9fense \u2013 Souverainet\u00e9<\/div><\/div>                                        <\/div>          <\/div>        <\/div>                        <\/a>              <\/div>            <div class=\"bwg-item\">        <a class=\"bwg-a  bwg_lightbox\"  data-image-id=\"220\" href=\"https:\/\/cmpaix.eu\/fr\/wp-content\/uploads\/photo-gallery\/conf2-005.jpg?bwg=1675692574\" data-elementor-open-lightbox=\"no\">                <div class=\"bwg-item0 \">          <div class=\"bwg-item1 bwg-zoom-effect\">            <div class=\"bwg-item2\">              <img decoding=\"async\" class=\"lazyload skip-lazy bwg_standart_thumb_img_1 \"                   data-id=\"220\"                   data-width=\"500.00\"                   data-height=\"334.00\"                   data-src=\"https:\/\/cmpaix.eu\/fr\/wp-content\/uploads\/photo-gallery\/thumb\/conf2-005.jpg?bwg=1675692574\"                   src=\"data:image\/svg+xml,%3Csvg%20xmlns%3D%27http%3A%2F%2Fwww.w3.org%2F2000%2Fsvg%27%20width%3D%27500%27%20height%3D%27334%27%20viewBox%3D%270%200%20500%20334%27%3E%3Crect%20width%3D%27500%27%20height%3D%27334%27%20fill-opacity%3D%220%22%2F%3E%3C%2Fsvg%3E\" data-orig-src=\"https:\/\/cmpaix.eu\/fr\/wp-content\/uploads\/photo-gallery\/thumb\/conf2-005.jpg?bwg=1675692574\"                   alt=\"Colloque franco-allemand - table-ronde D\u00e9fense \u2013 Souverainet\u00e9\"                   title=\"Colloque franco-allemand - table-ronde D\u00e9fense \u2013 Souverainet\u00e9\" \/>            <\/div>            <div class=\"bwg-zoom-effect-overlay\">              <div class=\"bwg-title1\"><div class=\"bwg-title2\">Colloque franco-allemand - table-ronde D\u00e9fense \u2013 Souverainet\u00e9<\/div><\/div>                                        <\/div>          <\/div>        <\/div>                        <\/a>              <\/div>            <div class=\"bwg-item\">        <a class=\"bwg-a  bwg_lightbox\"  data-image-id=\"221\" href=\"https:\/\/cmpaix.eu\/fr\/wp-content\/uploads\/photo-gallery\/conf2-005-0.jpg?bwg=1675692574\" data-elementor-open-lightbox=\"no\">                <div class=\"bwg-item0 \">          <div class=\"bwg-item1 bwg-zoom-effect\">            <div class=\"bwg-item2\">              <img decoding=\"async\" class=\"lazyload skip-lazy bwg_standart_thumb_img_1 \"                   data-id=\"221\"                   data-width=\"500.00\"                   data-height=\"334.00\"                   data-src=\"https:\/\/cmpaix.eu\/fr\/wp-content\/uploads\/photo-gallery\/thumb\/conf2-005-0.jpg?bwg=1675692574\"                   src=\"data:image\/svg+xml,%3Csvg%20xmlns%3D%27http%3A%2F%2Fwww.w3.org%2F2000%2Fsvg%27%20width%3D%27500%27%20height%3D%27334%27%20viewBox%3D%270%200%20500%20334%27%3E%3Crect%20width%3D%27500%27%20height%3D%27334%27%20fill-opacity%3D%220%22%2F%3E%3C%2Fsvg%3E\" data-orig-src=\"https:\/\/cmpaix.eu\/fr\/wp-content\/uploads\/photo-gallery\/thumb\/conf2-005-0.jpg?bwg=1675692574\"                   alt=\"Colloque franco-allemand - table-ronde D\u00e9fense \u2013 Souverainet\u00e9\"                   title=\"Colloque franco-allemand - table-ronde D\u00e9fense \u2013 Souverainet\u00e9\" \/>            <\/div>            <div class=\"bwg-zoom-effect-overlay\">              <div class=\"bwg-title1\"><div class=\"bwg-title2\">Colloque franco-allemand - table-ronde D\u00e9fense \u2013 Souverainet\u00e9<\/div><\/div>                                        <\/div>          <\/div>        <\/div>                        <\/a>              <\/div>            <div class=\"bwg-item\">        <a class=\"bwg-a  bwg_lightbox\"  data-image-id=\"222\" href=\"https:\/\/cmpaix.eu\/fr\/wp-content\/uploads\/photo-gallery\/conf2-005-1.jpg?bwg=1675692574\" data-elementor-open-lightbox=\"no\">                <div class=\"bwg-item0 \">          <div class=\"bwg-item1 bwg-zoom-effect\">            <div class=\"bwg-item2\">              <img decoding=\"async\" class=\"lazyload skip-lazy bwg_standart_thumb_img_1 \"                   data-id=\"222\"                   data-width=\"500.00\"                   data-height=\"334.00\"                   data-src=\"https:\/\/cmpaix.eu\/fr\/wp-content\/uploads\/photo-gallery\/thumb\/conf2-005-1.jpg?bwg=1675692574\"                   src=\"data:image\/svg+xml,%3Csvg%20xmlns%3D%27http%3A%2F%2Fwww.w3.org%2F2000%2Fsvg%27%20width%3D%27500%27%20height%3D%27334%27%20viewBox%3D%270%200%20500%20334%27%3E%3Crect%20width%3D%27500%27%20height%3D%27334%27%20fill-opacity%3D%220%22%2F%3E%3C%2Fsvg%3E\" data-orig-src=\"https:\/\/cmpaix.eu\/fr\/wp-content\/uploads\/photo-gallery\/thumb\/conf2-005-1.jpg?bwg=1675692574\"                   alt=\"Colloque franco-allemand - table-ronde D\u00e9fense \u2013 Souverainet\u00e9\"                   title=\"Colloque franco-allemand - table-ronde D\u00e9fense \u2013 Souverainet\u00e9\" \/>            <\/div>            <div class=\"bwg-zoom-effect-overlay\">              <div class=\"bwg-title1\"><div class=\"bwg-title2\">Colloque franco-allemand - table-ronde D\u00e9fense \u2013 Souverainet\u00e9<\/div><\/div>                                        <\/div>          <\/div>        <\/div>                        <\/a>              <\/div>            <div class=\"bwg-item\">        <a class=\"bwg-a  bwg_lightbox\"  data-image-id=\"223\" href=\"https:\/\/cmpaix.eu\/fr\/wp-content\/uploads\/photo-gallery\/conf2-005-2.jpg?bwg=1675692574\" data-elementor-open-lightbox=\"no\">                <div class=\"bwg-item0 \">          <div class=\"bwg-item1 bwg-zoom-effect\">            <div class=\"bwg-item2\">              <img decoding=\"async\" class=\"lazyload skip-lazy bwg_standart_thumb_img_1 \"                   data-id=\"223\"                   data-width=\"500.00\"                   data-height=\"334.00\"                   data-src=\"https:\/\/cmpaix.eu\/fr\/wp-content\/uploads\/photo-gallery\/thumb\/conf2-005-2.jpg?bwg=1675692574\"                   src=\"data:image\/svg+xml,%3Csvg%20xmlns%3D%27http%3A%2F%2Fwww.w3.org%2F2000%2Fsvg%27%20width%3D%27500%27%20height%3D%27334%27%20viewBox%3D%270%200%20500%20334%27%3E%3Crect%20width%3D%27500%27%20height%3D%27334%27%20fill-opacity%3D%220%22%2F%3E%3C%2Fsvg%3E\" data-orig-src=\"https:\/\/cmpaix.eu\/fr\/wp-content\/uploads\/photo-gallery\/thumb\/conf2-005-2.jpg?bwg=1675692574\"                   alt=\"Colloque franco-allemand - table-ronde D\u00e9fense \u2013 Souverainet\u00e9\"                   title=\"Colloque franco-allemand - table-ronde D\u00e9fense \u2013 Souverainet\u00e9\" \/>            <\/div>            <div class=\"bwg-zoom-effect-overlay\">              <div class=\"bwg-title1\"><div class=\"bwg-title2\">Colloque franco-allemand - table-ronde D\u00e9fense \u2013 Souverainet\u00e9<\/div><\/div>                                        <\/div>          <\/div>        <\/div>                        <\/a>              <\/div>            <div class=\"bwg-item\">        <a class=\"bwg-a  bwg_lightbox\"  data-image-id=\"224\" href=\"https:\/\/cmpaix.eu\/fr\/wp-content\/uploads\/photo-gallery\/conf2-006.jpg?bwg=1675692574\" data-elementor-open-lightbox=\"no\">                <div class=\"bwg-item0 \">          <div class=\"bwg-item1 bwg-zoom-effect\">            <div class=\"bwg-item2\">              <img decoding=\"async\" class=\"lazyload skip-lazy bwg_standart_thumb_img_1 \"                   data-id=\"224\"                   data-width=\"500.00\"                   data-height=\"334.00\"                   data-src=\"https:\/\/cmpaix.eu\/fr\/wp-content\/uploads\/photo-gallery\/thumb\/conf2-006.jpg?bwg=1675692574\"                   src=\"data:image\/svg+xml,%3Csvg%20xmlns%3D%27http%3A%2F%2Fwww.w3.org%2F2000%2Fsvg%27%20width%3D%27500%27%20height%3D%27334%27%20viewBox%3D%270%200%20500%20334%27%3E%3Crect%20width%3D%27500%27%20height%3D%27334%27%20fill-opacity%3D%220%22%2F%3E%3C%2Fsvg%3E\" data-orig-src=\"https:\/\/cmpaix.eu\/fr\/wp-content\/uploads\/photo-gallery\/thumb\/conf2-006.jpg?bwg=1675692574\"                   alt=\"Colloque franco-allemand - table-ronde D\u00e9fense \u2013 Souverainet\u00e9\"                   title=\"Colloque franco-allemand - table-ronde D\u00e9fense \u2013 Souverainet\u00e9\" \/>            <\/div>            <div class=\"bwg-zoom-effect-overlay\">              <div class=\"bwg-title1\"><div class=\"bwg-title2\">Colloque franco-allemand - table-ronde D\u00e9fense \u2013 Souverainet\u00e9<\/div><\/div>                                        <\/div>          <\/div>        <\/div>                        <\/a>              <\/div>            <div class=\"bwg-item\">        <a class=\"bwg-a  bwg_lightbox\"  data-image-id=\"225\" href=\"https:\/\/cmpaix.eu\/fr\/wp-content\/uploads\/photo-gallery\/conf2-007.jpg?bwg=1675692574\" data-elementor-open-lightbox=\"no\">                <div class=\"bwg-item0 \">          <div class=\"bwg-item1 bwg-zoom-effect\">            <div class=\"bwg-item2\">              <img decoding=\"async\" class=\"lazyload skip-lazy bwg_standart_thumb_img_1 \"                   data-id=\"225\"                   data-width=\"500.00\"                   data-height=\"334.00\"                   data-src=\"https:\/\/cmpaix.eu\/fr\/wp-content\/uploads\/photo-gallery\/thumb\/conf2-007.jpg?bwg=1675692574\"                   src=\"data:image\/svg+xml,%3Csvg%20xmlns%3D%27http%3A%2F%2Fwww.w3.org%2F2000%2Fsvg%27%20width%3D%27500%27%20height%3D%27334%27%20viewBox%3D%270%200%20500%20334%27%3E%3Crect%20width%3D%27500%27%20height%3D%27334%27%20fill-opacity%3D%220%22%2F%3E%3C%2Fsvg%3E\" data-orig-src=\"https:\/\/cmpaix.eu\/fr\/wp-content\/uploads\/photo-gallery\/thumb\/conf2-007.jpg?bwg=1675692574\"                   alt=\"Colloque franco-allemand - table-ronde D\u00e9fense \u2013 Souverainet\u00e9\"                   title=\"Colloque franco-allemand - table-ronde D\u00e9fense \u2013 Souverainet\u00e9\" \/>            <\/div>            <div class=\"bwg-zoom-effect-overlay\">              <div class=\"bwg-title1\"><div class=\"bwg-title2\">Colloque franco-allemand - table-ronde D\u00e9fense \u2013 Souverainet\u00e9<\/div><\/div>                                        <\/div>          <\/div>        <\/div>                        <\/a>              <\/div>            <div class=\"bwg-item\">        <a class=\"bwg-a  bwg_lightbox\"  data-image-id=\"226\" href=\"https:\/\/cmpaix.eu\/fr\/wp-content\/uploads\/photo-gallery\/conf2-008.jpg?bwg=1675692574\" data-elementor-open-lightbox=\"no\">                <div class=\"bwg-item0 \">          <div class=\"bwg-item1 bwg-zoom-effect\">            <div class=\"bwg-item2\">              <img decoding=\"async\" class=\"lazyload skip-lazy bwg_standart_thumb_img_1 \"                   data-id=\"226\"                   data-width=\"500.00\"                   data-height=\"334.00\"                   data-src=\"https:\/\/cmpaix.eu\/fr\/wp-content\/uploads\/photo-gallery\/thumb\/conf2-008.jpg?bwg=1675692574\"                   src=\"data:image\/svg+xml,%3Csvg%20xmlns%3D%27http%3A%2F%2Fwww.w3.org%2F2000%2Fsvg%27%20width%3D%27500%27%20height%3D%27334%27%20viewBox%3D%270%200%20500%20334%27%3E%3Crect%20width%3D%27500%27%20height%3D%27334%27%20fill-opacity%3D%220%22%2F%3E%3C%2Fsvg%3E\" data-orig-src=\"https:\/\/cmpaix.eu\/fr\/wp-content\/uploads\/photo-gallery\/thumb\/conf2-008.jpg?bwg=1675692574\"                   alt=\"Colloque franco-allemand - table-ronde D\u00e9fense \u2013 Souverainet\u00e9\"                   title=\"Colloque franco-allemand - table-ronde D\u00e9fense \u2013 Souverainet\u00e9\" \/>            <\/div>            <div class=\"bwg-zoom-effect-overlay\">              <div class=\"bwg-title1\"><div class=\"bwg-title2\">Colloque franco-allemand - table-ronde D\u00e9fense \u2013 Souverainet\u00e9<\/div><\/div>                                        <\/div>          <\/div>        <\/div>                        <\/a>              <\/div>            <div class=\"bwg-item\">        <a class=\"bwg-a  bwg_lightbox\"  data-image-id=\"227\" href=\"https:\/\/cmpaix.eu\/fr\/wp-content\/uploads\/photo-gallery\/conf2-009.jpg?bwg=1675692574\" data-elementor-open-lightbox=\"no\">                <div class=\"bwg-item0 \">          <div class=\"bwg-item1 bwg-zoom-effect\">            <div class=\"bwg-item2\">              <img decoding=\"async\" class=\"lazyload skip-lazy bwg_standart_thumb_img_1 \"                   data-id=\"227\"                   data-width=\"500.00\"                   data-height=\"334.00\"                   data-src=\"https:\/\/cmpaix.eu\/fr\/wp-content\/uploads\/photo-gallery\/thumb\/conf2-009.jpg?bwg=1675692574\"                   src=\"data:image\/svg+xml,%3Csvg%20xmlns%3D%27http%3A%2F%2Fwww.w3.org%2F2000%2Fsvg%27%20width%3D%27500%27%20height%3D%27334%27%20viewBox%3D%270%200%20500%20334%27%3E%3Crect%20width%3D%27500%27%20height%3D%27334%27%20fill-opacity%3D%220%22%2F%3E%3C%2Fsvg%3E\" data-orig-src=\"https:\/\/cmpaix.eu\/fr\/wp-content\/uploads\/photo-gallery\/thumb\/conf2-009.jpg?bwg=1675692574\"                   alt=\"Colloque franco-allemand - table-ronde D\u00e9fense \u2013 Souverainet\u00e9\"                   title=\"Colloque franco-allemand - table-ronde D\u00e9fense \u2013 Souverainet\u00e9\" \/>            <\/div>            <div class=\"bwg-zoom-effect-overlay\">              <div class=\"bwg-title1\"><div class=\"bwg-title2\">Colloque franco-allemand - table-ronde D\u00e9fense \u2013 Souverainet\u00e9<\/div><\/div>                                        <\/div>          <\/div>        <\/div>                        <\/a>              <\/div>            <div class=\"bwg-item\">        <a class=\"bwg-a  bwg_lightbox\"  data-image-id=\"228\" href=\"https:\/\/cmpaix.eu\/fr\/wp-content\/uploads\/photo-gallery\/conf2-010.jpg?bwg=1675692574\" data-elementor-open-lightbox=\"no\">                <div class=\"bwg-item0 \">          <div class=\"bwg-item1 bwg-zoom-effect\">            <div class=\"bwg-item2\">              <img decoding=\"async\" class=\"lazyload skip-lazy bwg_standart_thumb_img_1 \"                   data-id=\"228\"                   data-width=\"500.00\"                   data-height=\"334.00\"                   data-src=\"https:\/\/cmpaix.eu\/fr\/wp-content\/uploads\/photo-gallery\/thumb\/conf2-010.jpg?bwg=1675692574\"                   src=\"data:image\/svg+xml,%3Csvg%20xmlns%3D%27http%3A%2F%2Fwww.w3.org%2F2000%2Fsvg%27%20width%3D%27500%27%20height%3D%27334%27%20viewBox%3D%270%200%20500%20334%27%3E%3Crect%20width%3D%27500%27%20height%3D%27334%27%20fill-opacity%3D%220%22%2F%3E%3C%2Fsvg%3E\" data-orig-src=\"https:\/\/cmpaix.eu\/fr\/wp-content\/uploads\/photo-gallery\/thumb\/conf2-010.jpg?bwg=1675692574\"                   alt=\"Colloque franco-allemand - table-ronde D\u00e9fense \u2013 Souverainet\u00e9\"                   title=\"Colloque franco-allemand - table-ronde D\u00e9fense \u2013 Souverainet\u00e9\" \/>            <\/div>            <div class=\"bwg-zoom-effect-overlay\">              <div class=\"bwg-title1\"><div class=\"bwg-title2\">Colloque franco-allemand - table-ronde D\u00e9fense \u2013 Souverainet\u00e9<\/div><\/div>                                        <\/div>          <\/div>        <\/div>                        <\/a>              <\/div>          <\/div>    <style>      \/*pagination styles*\/      #bwg_container1_1 #bwg_container2_1 .tablenav-pages_1 {\t\t\t\ttext-align: center;\t\t\t\tfont-size: 12px;\t\t\t\tfont-family: Ubuntu;\t\t\t\tfont-weight: bold;\t\t\t\tcolor: #666666;\t\t\t\tmargin: 6px 0 4px;\t\t\t\tdisplay: block;      }      @media only screen and (max-width : 320px) {      #bwg_container1_1 #bwg_container2_1 .displaying-num_1 {     \t display: none;      }      }      #bwg_container1_1 #bwg_container2_1 .displaying-num_1 {\t\t\t\tfont-size: 12px;\t\t\t\tfont-family: Ubuntu;\t\t\t\tfont-weight: bold;\t\t\t\tcolor: #666666;\t\t\t\tmargin-right: 10px;\t\t\t\tvertical-align: middle;      }      #bwg_container1_1 #bwg_container2_1 .paging-input_1 {\t\t\t\tfont-size: 12px;\t\t\t\tfont-family: Ubuntu;\t\t\t\tfont-weight: bold;\t\t\t\tcolor: #666666;\t\t\t\tvertical-align: middle;      }      #bwg_container1_1 #bwg_container2_1 .tablenav-pages_1 a.disabled,      #bwg_container1_1 #bwg_container2_1 .tablenav-pages_1 a.disabled:hover,      #bwg_container1_1 #bwg_container2_1 .tablenav-pages_1 a.disabled:focus,\t\t\t#bwg_container1_1 #bwg_container2_1 .tablenav-pages_1 input.bwg_current_page {\t\t\t\tcursor: default;\t\t\t\tcolor: rgba(102, 102, 102, 0.5);      }      #bwg_container1_1 #bwg_container2_1 .tablenav-pages_1 a,      #bwg_container1_1 #bwg_container2_1 .tablenav-pages_1 input.bwg_current_page {\t\t\t\tcursor: pointer;\t\t\t\ttext-align: center;\t\t\t\tfont-size: 12px;\t\t\t\tfont-family: Ubuntu;\t\t\t\tfont-weight: bold;\t\t\t\tcolor: #666666;\t\t\t\ttext-decoration: none;\t\t\t\tpadding: 3px 6px;\t\t\t\tmargin: 0;\t\t\t\tborder-radius: 0;\t\t\t\tborder-style: solid;\t\t\t\tborder-width: 1px;\t\t\t\tborder-color: #E3E3E3;\t\t\t\t\t\t\t\tbackground-color: rgba(255, 255, 255, 1.00);\t\t\t\tbox-shadow: 0;\t\t\t\ttransition: all 0.3s ease 0s;-webkit-transition: all 0.3s ease 0s;      }      <\/style>      <span class=\"bwg_nav_cont_1\">              <div class=\"tablenav-pages_1\">                  <\/div>                <input type=\"hidden\" id=\"page_number_1\" name=\"page_number_1\" value=\"1\" \/>      <script type=\"text\/javascript\">        if( jQuery('.bwg_nav_cont_1').length > 1 ) {          jQuery('.bwg_nav_cont_1').first().remove()        }        function spider_page_1(cur, x, y, load_more) {          if (typeof load_more == \"undefined\") {            var load_more = false;          }          if (jQuery(cur).hasClass('disabled')) {            return false;          }          var items_county_1 = 1;          switch (y) {            case 1:              if (x >= items_county_1) {                document.getElementById('page_number_1').value = items_county_1;              }              else {                document.getElementById('page_number_1').value = x + 1;              }              break;            case 2:              document.getElementById('page_number_1').value = items_county_1;              break;            case -1:              if (x == 1) {                document.getElementById('page_number_1').value = 1;              }              else {                document.getElementById('page_number_1').value = x - 1;              }              break;            case -2:              document.getElementById('page_number_1').value = 1;              break;\t\t\t\t\t\tcase 0:              document.getElementById('page_number_1').value = x;              break;            default:              document.getElementById('page_number_1').value = 1;          }          bwg_ajax('gal_front_form_1', '1', 'bwg_thumbnails_1', '0', '', 'gallery', 0, '', '', load_more, '', 1);        }                    jQuery('.first-page-1').on('click', function () {              spider_page_1(this, 1, -2, 'numeric');              return false;            });            jQuery('.prev-page-1').on('click', function () {              spider_page_1(this, 1, -1, 'numeric');              return false;            });            jQuery('.next-page-1').on('click', function () {              spider_page_1(this, 1, 1, 'numeric');              return false;            });            jQuery('.last-page-1').on('click', function () {              spider_page_1(this, 1, 2, 'numeric');              return false;            });        \t\t\t\t\/* Change page on input enter. *\/        function bwg_change_page_1( e, that ) {          if (  e.key == 'Enter' ) {            var to_page = parseInt(jQuery(that).val());            var pages_count = jQuery(that).parents(\".pagination-links\").data(\"pages-count\");            var current_url_param = jQuery(that).attr('data-url-info');            if (to_page > pages_count) {              to_page = 1;            }\t \t\t\t\t\t\t\t\t\t\t\t\tspider_page_1(this, to_page, 0, 'numeric');\t\t\t\t\t\t\treturn false;\t\t\t\t\t\t          }          return true;        }        jQuery('.bwg_load_btn_1').on('click', function () {            spider_page_1(this, 1, 1, true);            return false;        });      <\/script>      <\/span>                <\/div>        <\/form>        <style>          #bwg_container1_1 #bwg_container2_1 #spider_popup_overlay_1 {          background-color: #EEEEEE;          opacity: 0.60;          }          <\/style>        <div id=\"bwg_spider_popup_loading_1\" class=\"bwg_spider_popup_loading\"><\/div>        <div id=\"spider_popup_overlay_1\" class=\"spider_popup_overlay\" onclick=\"spider_destroypopup(1000)\"><\/div>        <input type=\"hidden\" id=\"bwg_random_seed_1\" value=\"315324571\">                <\/div>    <\/div>    <script>      if (document.readyState === 'complete') {        if( typeof bwg_main_ready == 'function' ) {          if ( jQuery(\"#bwg_container1_1\").height() ) {            bwg_main_ready(jQuery(\"#bwg_container1_1\"));          }        }      } else {        document.addEventListener('DOMContentLoaded', function() {          if( typeof bwg_main_ready == 'function' ) {            if ( jQuery(\"#bwg_container1_1\").height() ) {             bwg_main_ready(jQuery(\"#bwg_container1_1\"));            }          }        });      }    <\/script>    \r\n\r\n<p style=\"font-family: Helvetica, arial, sans-serif; font-size: 16px;  text-align:center; line-height: 22px; vertical-align: top;\"><strong>Table-ronde Environnement \u2013 Energie  <\/strong><\/p>\r\n<style id=\"bwg-style-2\">    #bwg_container1_2 #bwg_container2_2 .bwg-container-2.bwg-standard-thumbnails {      width: 1254px;              justify-content: center;        margin:0 auto !important;              background-color: rgba(255, 255, 255, 0.00);            padding-left: 4px;      padding-top: 4px;      max-width: 100%;            }        #bwg_container1_2 #bwg_container2_2 .bwg-container-2.bwg-standard-thumbnails .bwg-item {    justify-content: flex-start;      max-width: 250px;          }    #bwg_container1_2 #bwg_container2_2 .bwg-container-2.bwg-standard-thumbnails .bwg-item a {       margin-right: 4px;       margin-bottom: 4px;    }    #bwg_container1_2 #bwg_container2_2 .bwg-container-2.bwg-standard-thumbnails .bwg-item0 {      padding: 0px;            background-color:rgba(0,0,0, 0.30);      border: 0px none #CCCCCC;      opacity: 1.00;      border-radius: 0;      box-shadow: ;    }    #bwg_container1_2 #bwg_container2_2 .bwg-container-2.bwg-standard-thumbnails .bwg-item1 img {      max-height: none;      max-width: none;      padding: 0 !important;    }         @media only screen and (min-width: 480px) {\t\t#bwg_container1_2 #bwg_container2_2 .bwg-container-2.bwg-standard-thumbnails .bwg-item1 img {\t\t\t-webkit-transition: all .3s; transition: all .3s;\t\t}\t\t#bwg_container1_2 #bwg_container2_2 .bwg-container-2.bwg-standard-thumbnails .bwg-item1 img:hover {\t\t\t-ms-transform: scale(1.08);\t\t\t-webkit-transform: scale(1.08);\t\t\ttransform: scale(1.08);\t\t}\t\t\t\t.bwg-standard-thumbnails .bwg-zoom-effect .bwg-zoom-effect-overlay {\t\t\t\t\t\tbackground-color:rgba(0,0,0, 0.3);\t\t}\t\t.bwg-standard-thumbnails .bwg-zoom-effect:hover img {\t\t\t-ms-transform: scale(1.08);\t\t\t-webkit-transform: scale(1.08);\t\t\ttransform: scale(1.08);\t\t}\t\t      }\t    #bwg_container1_2 #bwg_container2_2 .bwg-container-2.bwg-standard-thumbnails .bwg-item1 {      padding-top: 56%;    }        #bwg_container1_2 #bwg_container2_2 .bwg-container-2.bwg-standard-thumbnails .bwg-title1 {      position: absolute;      top: 0;      z-index: 100;      width: 100%;      height: 100%;      display: flex;      justify-content: center;      align-content: center;      flex-direction: column;      opacity: 0;    }\t      #bwg_container1_2 #bwg_container2_2 .bwg-container-2.bwg-standard-thumbnails .bwg-title2,    #bwg_container1_2 #bwg_container2_2 .bwg-container-2.bwg-standard-thumbnails .bwg-ecommerce2 {      color: #FFFFFF;      font-family: Ubuntu;      font-size: 16px;      font-weight: bold;      padding: 2px;      text-shadow: ;      max-height: 100%;    }    #bwg_container1_2 #bwg_container2_2 .bwg-container-2.bwg-standard-thumbnails .bwg-thumb-description span {    color: #323A45;    font-family: Ubuntu;    font-size: 12px;    max-height: 100%;    word-wrap: break-word;    }    #bwg_container1_2 #bwg_container2_2 .bwg-container-2.bwg-standard-thumbnails .bwg-play-icon2 {      font-size: 32px;    }    #bwg_container1_2 #bwg_container2_2 .bwg-container-2.bwg-standard-thumbnails .bwg-ecommerce2 {      font-size: 19.2px;      color: #323A45;    }    <\/style>    <div id=\"bwg_container1_2\"         class=\"bwg_container bwg_thumbnail bwg_thumbnails \"         data-right-click-protection=\"0\"         data-bwg=\"2\"         data-scroll=\"0\"         data-gallery-type=\"thumbnails\"         data-gallery-view-type=\"thumbnails\"         data-current-url=\"\/fr\/wp-json\/wp\/v2\/posts\/11248\"         data-lightbox-url=\"https:\/\/cmpaix.eu\/fr\/wp-admin\/admin-ajax.php?action=GalleryBox&#038;current_view=2&#038;gallery_id=20&#038;tag=0&#038;theme_id=1&#038;shortcode_id=36&#038;sort_by=order&#038;order_by=asc&#038;current_url=%2Ffr%2Fwp-json%2Fwp%2Fv2%2Fposts%2F11248\"         data-gallery-id=\"20\"         data-popup-width=\"800\"         data-popup-height=\"500\"         data-is-album=\"gallery\"         data-buttons-position=\"bottom\">      <div id=\"bwg_container2_2\">             <div id=\"ajax_loading_2\" class=\"bwg_loading_div_1\">      <div class=\"bwg_loading_div_2\">        <div class=\"bwg_loading_div_3\">          <div id=\"loading_div_2\" class=\"bwg_spider_ajax_loading\">          <\/div>        <\/div>      <\/div>    <\/div>            <form id=\"gal_front_form_2\"              class=\"bwg-hidden\"              method=\"post\"              action=\"#\"              data-current=\"2\"              data-shortcode-id=\"36\"              data-gallery-type=\"thumbnails\"              data-gallery-id=\"20\"              data-tag=\"0\"              data-album-id=\"0\"              data-theme-id=\"1\"              data-ajax-url=\"https:\/\/cmpaix.eu\/fr\/wp-admin\/admin-ajax.php?action=bwg_frontend_data\">          <div id=\"bwg_container3_2\" class=\"bwg-background bwg-background-2\">                <div data-max-count=\"5\"         data-thumbnail-width=\"250\"         data-bwg=\"2\"         data-gallery-id=\"20\"         data-lightbox-url=\"https:\/\/cmpaix.eu\/fr\/wp-admin\/admin-ajax.php?action=GalleryBox&amp;current_view=2&amp;gallery_id=20&amp;tag=0&amp;theme_id=1&amp;shortcode_id=36&amp;sort_by=order&amp;order_by=asc&amp;current_url=%2Ffr%2Fwp-json%2Fwp%2Fv2%2Fposts%2F11248\"         id=\"bwg_thumbnails_2\"         class=\"bwg-container-2 bwg-thumbnails bwg-standard-thumbnails bwg-container bwg-border-box\">            <div class=\"bwg-item\">        <a class=\"bwg-a  bwg_lightbox\"  data-image-id=\"229\" href=\"https:\/\/cmpaix.eu\/fr\/wp-content\/uploads\/photo-gallery\/conf3-001.jpg?bwg=1675692757\" data-elementor-open-lightbox=\"no\">                <div class=\"bwg-item0 \">          <div class=\"bwg-item1 bwg-zoom-effect\">            <div class=\"bwg-item2\">              <img decoding=\"async\" class=\"lazyload skip-lazy bwg_standart_thumb_img_2 \"                   data-id=\"229\"                   data-width=\"500.00\"                   data-height=\"334.00\"                   data-src=\"https:\/\/cmpaix.eu\/fr\/wp-content\/uploads\/photo-gallery\/thumb\/conf3-001.jpg?bwg=1675692757\"                   src=\"data:image\/svg+xml,%3Csvg%20xmlns%3D%27http%3A%2F%2Fwww.w3.org%2F2000%2Fsvg%27%20width%3D%27500%27%20height%3D%27334%27%20viewBox%3D%270%200%20500%20334%27%3E%3Crect%20width%3D%27500%27%20height%3D%27334%27%20fill-opacity%3D%220%22%2F%3E%3C%2Fsvg%3E\" data-orig-src=\"https:\/\/cmpaix.eu\/fr\/wp-content\/uploads\/photo-gallery\/thumb\/conf3-001.jpg?bwg=1675692757\"                   alt=\"Colloque franco-allemand - table-ronde Environnement \u2013 Energie\"                   title=\"Colloque franco-allemand - table-ronde Environnement \u2013 Energie\" \/>            <\/div>            <div class=\"bwg-zoom-effect-overlay\">              <div class=\"bwg-title1\"><div class=\"bwg-title2\">Colloque franco-allemand - table-ronde Environnement \u2013 Energie<\/div><\/div>                                        <\/div>          <\/div>        <\/div>                        <\/a>              <\/div>            <div class=\"bwg-item\">        <a class=\"bwg-a  bwg_lightbox\"  data-image-id=\"230\" href=\"https:\/\/cmpaix.eu\/fr\/wp-content\/uploads\/photo-gallery\/conf3-002.jpg?bwg=1675692757\" data-elementor-open-lightbox=\"no\">                <div class=\"bwg-item0 \">          <div class=\"bwg-item1 bwg-zoom-effect\">            <div class=\"bwg-item2\">              <img decoding=\"async\" class=\"lazyload skip-lazy bwg_standart_thumb_img_2 \"                   data-id=\"230\"                   data-width=\"500.00\"                   data-height=\"334.00\"                   data-src=\"https:\/\/cmpaix.eu\/fr\/wp-content\/uploads\/photo-gallery\/thumb\/conf3-002.jpg?bwg=1675692757\"                   src=\"data:image\/svg+xml,%3Csvg%20xmlns%3D%27http%3A%2F%2Fwww.w3.org%2F2000%2Fsvg%27%20width%3D%27500%27%20height%3D%27334%27%20viewBox%3D%270%200%20500%20334%27%3E%3Crect%20width%3D%27500%27%20height%3D%27334%27%20fill-opacity%3D%220%22%2F%3E%3C%2Fsvg%3E\" data-orig-src=\"https:\/\/cmpaix.eu\/fr\/wp-content\/uploads\/photo-gallery\/thumb\/conf3-002.jpg?bwg=1675692757\"                   alt=\"Colloque franco-allemand - table-ronde Environnement \u2013 Energie\"                   title=\"Colloque franco-allemand - table-ronde Environnement \u2013 Energie\" \/>            <\/div>            <div class=\"bwg-zoom-effect-overlay\">              <div class=\"bwg-title1\"><div class=\"bwg-title2\">Colloque franco-allemand - table-ronde Environnement \u2013 Energie<\/div><\/div>                                        <\/div>          <\/div>        <\/div>                        <\/a>              <\/div>            <div class=\"bwg-item\">        <a class=\"bwg-a  bwg_lightbox\"  data-image-id=\"231\" href=\"https:\/\/cmpaix.eu\/fr\/wp-content\/uploads\/photo-gallery\/conf3-003.jpg?bwg=1675692757\" data-elementor-open-lightbox=\"no\">                <div class=\"bwg-item0 \">          <div class=\"bwg-item1 bwg-zoom-effect\">            <div class=\"bwg-item2\">              <img decoding=\"async\" class=\"lazyload skip-lazy bwg_standart_thumb_img_2 \"                   data-id=\"231\"                   data-width=\"500.00\"                   data-height=\"334.00\"                   data-src=\"https:\/\/cmpaix.eu\/fr\/wp-content\/uploads\/photo-gallery\/thumb\/conf3-003.jpg?bwg=1675692757\"                   src=\"data:image\/svg+xml,%3Csvg%20xmlns%3D%27http%3A%2F%2Fwww.w3.org%2F2000%2Fsvg%27%20width%3D%27500%27%20height%3D%27334%27%20viewBox%3D%270%200%20500%20334%27%3E%3Crect%20width%3D%27500%27%20height%3D%27334%27%20fill-opacity%3D%220%22%2F%3E%3C%2Fsvg%3E\" data-orig-src=\"https:\/\/cmpaix.eu\/fr\/wp-content\/uploads\/photo-gallery\/thumb\/conf3-003.jpg?bwg=1675692757\"                   alt=\"Colloque franco-allemand - table-ronde Environnement \u2013 Energie\"                   title=\"Colloque franco-allemand - table-ronde Environnement \u2013 Energie\" \/>            <\/div>            <div class=\"bwg-zoom-effect-overlay\">              <div class=\"bwg-title1\"><div class=\"bwg-title2\">Colloque franco-allemand - table-ronde Environnement \u2013 Energie<\/div><\/div>                                        <\/div>          <\/div>        <\/div>                        <\/a>              <\/div>            <div class=\"bwg-item\">        <a class=\"bwg-a  bwg_lightbox\"  data-image-id=\"232\" href=\"https:\/\/cmpaix.eu\/fr\/wp-content\/uploads\/photo-gallery\/conf3-004.jpg?bwg=1675692757\" data-elementor-open-lightbox=\"no\">                <div class=\"bwg-item0 \">          <div class=\"bwg-item1 bwg-zoom-effect\">            <div class=\"bwg-item2\">              <img decoding=\"async\" class=\"lazyload skip-lazy bwg_standart_thumb_img_2 \"                   data-id=\"232\"                   data-width=\"500.00\"                   data-height=\"334.00\"                   data-src=\"https:\/\/cmpaix.eu\/fr\/wp-content\/uploads\/photo-gallery\/thumb\/conf3-004.jpg?bwg=1675692757\"                   src=\"data:image\/svg+xml,%3Csvg%20xmlns%3D%27http%3A%2F%2Fwww.w3.org%2F2000%2Fsvg%27%20width%3D%27500%27%20height%3D%27334%27%20viewBox%3D%270%200%20500%20334%27%3E%3Crect%20width%3D%27500%27%20height%3D%27334%27%20fill-opacity%3D%220%22%2F%3E%3C%2Fsvg%3E\" data-orig-src=\"https:\/\/cmpaix.eu\/fr\/wp-content\/uploads\/photo-gallery\/thumb\/conf3-004.jpg?bwg=1675692757\"                   alt=\"Colloque franco-allemand - table-ronde Environnement \u2013 Energie\"                   title=\"Colloque franco-allemand - table-ronde Environnement \u2013 Energie\" \/>            <\/div>            <div class=\"bwg-zoom-effect-overlay\">              <div class=\"bwg-title1\"><div class=\"bwg-title2\">Colloque franco-allemand - table-ronde Environnement \u2013 Energie<\/div><\/div>                                        <\/div>          <\/div>        <\/div>                        <\/a>              <\/div>            <div class=\"bwg-item\">        <a class=\"bwg-a  bwg_lightbox\"  data-image-id=\"233\" href=\"https:\/\/cmpaix.eu\/fr\/wp-content\/uploads\/photo-gallery\/conf3-005.jpg?bwg=1675692757\" data-elementor-open-lightbox=\"no\">                <div class=\"bwg-item0 \">          <div class=\"bwg-item1 bwg-zoom-effect\">            <div class=\"bwg-item2\">              <img decoding=\"async\" class=\"lazyload skip-lazy bwg_standart_thumb_img_2 \"                   data-id=\"233\"                   data-width=\"500.00\"                   data-height=\"334.00\"                   data-src=\"https:\/\/cmpaix.eu\/fr\/wp-content\/uploads\/photo-gallery\/thumb\/conf3-005.jpg?bwg=1675692757\"                   src=\"data:image\/svg+xml,%3Csvg%20xmlns%3D%27http%3A%2F%2Fwww.w3.org%2F2000%2Fsvg%27%20width%3D%27500%27%20height%3D%27334%27%20viewBox%3D%270%200%20500%20334%27%3E%3Crect%20width%3D%27500%27%20height%3D%27334%27%20fill-opacity%3D%220%22%2F%3E%3C%2Fsvg%3E\" data-orig-src=\"https:\/\/cmpaix.eu\/fr\/wp-content\/uploads\/photo-gallery\/thumb\/conf3-005.jpg?bwg=1675692757\"                   alt=\"Colloque franco-allemand - table-ronde Environnement \u2013 Energie\"                   title=\"Colloque franco-allemand - table-ronde Environnement \u2013 Energie\" \/>            <\/div>            <div class=\"bwg-zoom-effect-overlay\">              <div class=\"bwg-title1\"><div class=\"bwg-title2\">Colloque franco-allemand - table-ronde Environnement \u2013 Energie<\/div><\/div>                                        <\/div>          <\/div>        <\/div>                        <\/a>              <\/div>            <div class=\"bwg-item\">        <a class=\"bwg-a  bwg_lightbox\"  data-image-id=\"234\" href=\"https:\/\/cmpaix.eu\/fr\/wp-content\/uploads\/photo-gallery\/conf3-006.jpg?bwg=1675692757\" data-elementor-open-lightbox=\"no\">                <div class=\"bwg-item0 \">          <div class=\"bwg-item1 bwg-zoom-effect\">            <div class=\"bwg-item2\">              <img decoding=\"async\" class=\"lazyload skip-lazy bwg_standart_thumb_img_2 \"                   data-id=\"234\"                   data-width=\"500.00\"                   data-height=\"334.00\"                   data-src=\"https:\/\/cmpaix.eu\/fr\/wp-content\/uploads\/photo-gallery\/thumb\/conf3-006.jpg?bwg=1675692757\"                   src=\"data:image\/svg+xml,%3Csvg%20xmlns%3D%27http%3A%2F%2Fwww.w3.org%2F2000%2Fsvg%27%20width%3D%27500%27%20height%3D%27334%27%20viewBox%3D%270%200%20500%20334%27%3E%3Crect%20width%3D%27500%27%20height%3D%27334%27%20fill-opacity%3D%220%22%2F%3E%3C%2Fsvg%3E\" data-orig-src=\"https:\/\/cmpaix.eu\/fr\/wp-content\/uploads\/photo-gallery\/thumb\/conf3-006.jpg?bwg=1675692757\"                   alt=\"Colloque franco-allemand - table-ronde Environnement \u2013 Energie\"                   title=\"Colloque franco-allemand - table-ronde Environnement \u2013 Energie\" \/>            <\/div>            <div class=\"bwg-zoom-effect-overlay\">              <div class=\"bwg-title1\"><div class=\"bwg-title2\">Colloque franco-allemand - table-ronde Environnement \u2013 Energie<\/div><\/div>                                        <\/div>          <\/div>        <\/div>                        <\/a>              <\/div>            <div class=\"bwg-item\">        <a class=\"bwg-a  bwg_lightbox\"  data-image-id=\"235\" href=\"https:\/\/cmpaix.eu\/fr\/wp-content\/uploads\/photo-gallery\/conf3-007.jpg?bwg=1675692757\" data-elementor-open-lightbox=\"no\">                <div class=\"bwg-item0 \">          <div class=\"bwg-item1 bwg-zoom-effect\">            <div class=\"bwg-item2\">              <img decoding=\"async\" class=\"lazyload skip-lazy bwg_standart_thumb_img_2 \"                   data-id=\"235\"                   data-width=\"500.00\"                   data-height=\"334.00\"                   data-src=\"https:\/\/cmpaix.eu\/fr\/wp-content\/uploads\/photo-gallery\/thumb\/conf3-007.jpg?bwg=1675692757\"                   src=\"data:image\/svg+xml,%3Csvg%20xmlns%3D%27http%3A%2F%2Fwww.w3.org%2F2000%2Fsvg%27%20width%3D%27500%27%20height%3D%27334%27%20viewBox%3D%270%200%20500%20334%27%3E%3Crect%20width%3D%27500%27%20height%3D%27334%27%20fill-opacity%3D%220%22%2F%3E%3C%2Fsvg%3E\" data-orig-src=\"https:\/\/cmpaix.eu\/fr\/wp-content\/uploads\/photo-gallery\/thumb\/conf3-007.jpg?bwg=1675692757\"                   alt=\"Colloque franco-allemand - table-ronde Environnement \u2013 Energie\"                   title=\"Colloque franco-allemand - table-ronde Environnement \u2013 Energie\" \/>            <\/div>            <div class=\"bwg-zoom-effect-overlay\">              <div class=\"bwg-title1\"><div class=\"bwg-title2\">Colloque franco-allemand - table-ronde Environnement \u2013 Energie<\/div><\/div>                                        <\/div>          <\/div>        <\/div>                        <\/a>              <\/div>            <div class=\"bwg-item\">        <a class=\"bwg-a  bwg_lightbox\"  data-image-id=\"236\" href=\"https:\/\/cmpaix.eu\/fr\/wp-content\/uploads\/photo-gallery\/conf3-008.jpg?bwg=1675692757\" data-elementor-open-lightbox=\"no\">                <div class=\"bwg-item0 \">          <div class=\"bwg-item1 bwg-zoom-effect\">            <div class=\"bwg-item2\">              <img decoding=\"async\" class=\"lazyload skip-lazy bwg_standart_thumb_img_2 \"                   data-id=\"236\"                   data-width=\"500.00\"                   data-height=\"334.00\"                   data-src=\"https:\/\/cmpaix.eu\/fr\/wp-content\/uploads\/photo-gallery\/thumb\/conf3-008.jpg?bwg=1675692757\"                   src=\"data:image\/svg+xml,%3Csvg%20xmlns%3D%27http%3A%2F%2Fwww.w3.org%2F2000%2Fsvg%27%20width%3D%27500%27%20height%3D%27334%27%20viewBox%3D%270%200%20500%20334%27%3E%3Crect%20width%3D%27500%27%20height%3D%27334%27%20fill-opacity%3D%220%22%2F%3E%3C%2Fsvg%3E\" data-orig-src=\"https:\/\/cmpaix.eu\/fr\/wp-content\/uploads\/photo-gallery\/thumb\/conf3-008.jpg?bwg=1675692757\"                   alt=\"Colloque franco-allemand - table-ronde Environnement \u2013 Energie\"                   title=\"Colloque franco-allemand - table-ronde Environnement \u2013 Energie\" \/>            <\/div>            <div class=\"bwg-zoom-effect-overlay\">              <div class=\"bwg-title1\"><div class=\"bwg-title2\">Colloque franco-allemand - table-ronde Environnement \u2013 Energie<\/div><\/div>                                        <\/div>          <\/div>        <\/div>                        <\/a>              <\/div>            <div class=\"bwg-item\">        <a class=\"bwg-a  bwg_lightbox\"  data-image-id=\"237\" href=\"https:\/\/cmpaix.eu\/fr\/wp-content\/uploads\/photo-gallery\/conf3-009.jpg?bwg=1675692757\" data-elementor-open-lightbox=\"no\">                <div class=\"bwg-item0 \">          <div class=\"bwg-item1 bwg-zoom-effect\">            <div class=\"bwg-item2\">              <img decoding=\"async\" class=\"lazyload skip-lazy bwg_standart_thumb_img_2 \"                   data-id=\"237\"                   data-width=\"500.00\"                   data-height=\"334.00\"                   data-src=\"https:\/\/cmpaix.eu\/fr\/wp-content\/uploads\/photo-gallery\/thumb\/conf3-009.jpg?bwg=1675692757\"                   src=\"data:image\/svg+xml,%3Csvg%20xmlns%3D%27http%3A%2F%2Fwww.w3.org%2F2000%2Fsvg%27%20width%3D%27500%27%20height%3D%27334%27%20viewBox%3D%270%200%20500%20334%27%3E%3Crect%20width%3D%27500%27%20height%3D%27334%27%20fill-opacity%3D%220%22%2F%3E%3C%2Fsvg%3E\" data-orig-src=\"https:\/\/cmpaix.eu\/fr\/wp-content\/uploads\/photo-gallery\/thumb\/conf3-009.jpg?bwg=1675692757\"                   alt=\"Colloque franco-allemand - table-ronde Environnement \u2013 Energie\"                   title=\"Colloque franco-allemand - table-ronde Environnement \u2013 Energie\" \/>            <\/div>            <div class=\"bwg-zoom-effect-overlay\">              <div class=\"bwg-title1\"><div class=\"bwg-title2\">Colloque franco-allemand - table-ronde Environnement \u2013 Energie<\/div><\/div>                                        <\/div>          <\/div>        <\/div>                        <\/a>              <\/div>            <div class=\"bwg-item\">        <a class=\"bwg-a  bwg_lightbox\"  data-image-id=\"238\" href=\"https:\/\/cmpaix.eu\/fr\/wp-content\/uploads\/photo-gallery\/conf3-010.jpg?bwg=1675692757\" data-elementor-open-lightbox=\"no\">                <div class=\"bwg-item0 \">          <div class=\"bwg-item1 bwg-zoom-effect\">            <div class=\"bwg-item2\">              <img decoding=\"async\" class=\"lazyload skip-lazy bwg_standart_thumb_img_2 \"                   data-id=\"238\"                   data-width=\"500.00\"                   data-height=\"334.00\"                   data-src=\"https:\/\/cmpaix.eu\/fr\/wp-content\/uploads\/photo-gallery\/thumb\/conf3-010.jpg?bwg=1675692757\"                   src=\"data:image\/svg+xml,%3Csvg%20xmlns%3D%27http%3A%2F%2Fwww.w3.org%2F2000%2Fsvg%27%20width%3D%27500%27%20height%3D%27334%27%20viewBox%3D%270%200%20500%20334%27%3E%3Crect%20width%3D%27500%27%20height%3D%27334%27%20fill-opacity%3D%220%22%2F%3E%3C%2Fsvg%3E\" data-orig-src=\"https:\/\/cmpaix.eu\/fr\/wp-content\/uploads\/photo-gallery\/thumb\/conf3-010.jpg?bwg=1675692757\"                   alt=\"Colloque franco-allemand - table-ronde Environnement \u2013 Energie\"                   title=\"Colloque franco-allemand - table-ronde Environnement \u2013 Energie\" \/>            <\/div>            <div class=\"bwg-zoom-effect-overlay\">              <div class=\"bwg-title1\"><div class=\"bwg-title2\">Colloque franco-allemand - table-ronde Environnement \u2013 Energie<\/div><\/div>                                        <\/div>          <\/div>        <\/div>                        <\/a>              <\/div>            <div class=\"bwg-item\">        <a class=\"bwg-a  bwg_lightbox\"  data-image-id=\"239\" href=\"https:\/\/cmpaix.eu\/fr\/wp-content\/uploads\/photo-gallery\/conf3-011.jpg?bwg=1675692757\" data-elementor-open-lightbox=\"no\">                <div class=\"bwg-item0 \">          <div class=\"bwg-item1 bwg-zoom-effect\">            <div class=\"bwg-item2\">              <img decoding=\"async\" class=\"lazyload skip-lazy bwg_standart_thumb_img_2 \"                   data-id=\"239\"                   data-width=\"500.00\"                   data-height=\"334.00\"                   data-src=\"https:\/\/cmpaix.eu\/fr\/wp-content\/uploads\/photo-gallery\/thumb\/conf3-011.jpg?bwg=1675692757\"                   src=\"data:image\/svg+xml,%3Csvg%20xmlns%3D%27http%3A%2F%2Fwww.w3.org%2F2000%2Fsvg%27%20width%3D%27500%27%20height%3D%27334%27%20viewBox%3D%270%200%20500%20334%27%3E%3Crect%20width%3D%27500%27%20height%3D%27334%27%20fill-opacity%3D%220%22%2F%3E%3C%2Fsvg%3E\" data-orig-src=\"https:\/\/cmpaix.eu\/fr\/wp-content\/uploads\/photo-gallery\/thumb\/conf3-011.jpg?bwg=1675692757\"                   alt=\"Colloque franco-allemand - table-ronde Environnement \u2013 Energie\"                   title=\"Colloque franco-allemand - table-ronde Environnement \u2013 Energie\" \/>            <\/div>            <div class=\"bwg-zoom-effect-overlay\">              <div class=\"bwg-title1\"><div class=\"bwg-title2\">Colloque franco-allemand - table-ronde Environnement \u2013 Energie<\/div><\/div>                                        <\/div>          <\/div>        <\/div>                        <\/a>              <\/div>            <div class=\"bwg-item\">        <a class=\"bwg-a  bwg_lightbox\"  data-image-id=\"240\" href=\"https:\/\/cmpaix.eu\/fr\/wp-content\/uploads\/photo-gallery\/conf3-012.jpg?bwg=1675692757\" data-elementor-open-lightbox=\"no\">                <div class=\"bwg-item0 \">          <div class=\"bwg-item1 bwg-zoom-effect\">            <div class=\"bwg-item2\">              <img decoding=\"async\" class=\"lazyload skip-lazy bwg_standart_thumb_img_2 \"                   data-id=\"240\"                   data-width=\"500.00\"                   data-height=\"334.00\"                   data-src=\"https:\/\/cmpaix.eu\/fr\/wp-content\/uploads\/photo-gallery\/thumb\/conf3-012.jpg?bwg=1675692757\"                   src=\"data:image\/svg+xml,%3Csvg%20xmlns%3D%27http%3A%2F%2Fwww.w3.org%2F2000%2Fsvg%27%20width%3D%27500%27%20height%3D%27334%27%20viewBox%3D%270%200%20500%20334%27%3E%3Crect%20width%3D%27500%27%20height%3D%27334%27%20fill-opacity%3D%220%22%2F%3E%3C%2Fsvg%3E\" data-orig-src=\"https:\/\/cmpaix.eu\/fr\/wp-content\/uploads\/photo-gallery\/thumb\/conf3-012.jpg?bwg=1675692757\"                   alt=\"Colloque franco-allemand - table-ronde Environnement \u2013 Energie\"                   title=\"Colloque franco-allemand - table-ronde Environnement \u2013 Energie\" \/>            <\/div>            <div class=\"bwg-zoom-effect-overlay\">              <div class=\"bwg-title1\"><div class=\"bwg-title2\">Colloque franco-allemand - table-ronde Environnement \u2013 Energie<\/div><\/div>                                        <\/div>          <\/div>        <\/div>                        <\/a>              <\/div>            <div class=\"bwg-item\">        <a class=\"bwg-a  bwg_lightbox\"  data-image-id=\"241\" href=\"https:\/\/cmpaix.eu\/fr\/wp-content\/uploads\/photo-gallery\/conf3-013.jpg?bwg=1675692757\" data-elementor-open-lightbox=\"no\">                <div class=\"bwg-item0 \">          <div class=\"bwg-item1 bwg-zoom-effect\">            <div class=\"bwg-item2\">              <img decoding=\"async\" class=\"lazyload skip-lazy bwg_standart_thumb_img_2 \"                   data-id=\"241\"                   data-width=\"500.00\"                   data-height=\"334.00\"                   data-src=\"https:\/\/cmpaix.eu\/fr\/wp-content\/uploads\/photo-gallery\/thumb\/conf3-013.jpg?bwg=1675692757\"                   src=\"data:image\/svg+xml,%3Csvg%20xmlns%3D%27http%3A%2F%2Fwww.w3.org%2F2000%2Fsvg%27%20width%3D%27500%27%20height%3D%27334%27%20viewBox%3D%270%200%20500%20334%27%3E%3Crect%20width%3D%27500%27%20height%3D%27334%27%20fill-opacity%3D%220%22%2F%3E%3C%2Fsvg%3E\" data-orig-src=\"https:\/\/cmpaix.eu\/fr\/wp-content\/uploads\/photo-gallery\/thumb\/conf3-013.jpg?bwg=1675692757\"                   alt=\"Colloque franco-allemand - table-ronde Environnement \u2013 Energie\"                   title=\"Colloque franco-allemand - table-ronde Environnement \u2013 Energie\" \/>            <\/div>            <div class=\"bwg-zoom-effect-overlay\">              <div class=\"bwg-title1\"><div class=\"bwg-title2\">Colloque franco-allemand - table-ronde Environnement \u2013 Energie<\/div><\/div>                                        <\/div>          <\/div>        <\/div>                        <\/a>              <\/div>            <div class=\"bwg-item\">        <a class=\"bwg-a  bwg_lightbox\"  data-image-id=\"242\" href=\"https:\/\/cmpaix.eu\/fr\/wp-content\/uploads\/photo-gallery\/conf3-014.jpg?bwg=1675692757\" data-elementor-open-lightbox=\"no\">                <div class=\"bwg-item0 \">          <div class=\"bwg-item1 bwg-zoom-effect\">            <div class=\"bwg-item2\">              <img decoding=\"async\" class=\"lazyload skip-lazy bwg_standart_thumb_img_2 \"                   data-id=\"242\"                   data-width=\"500.00\"                   data-height=\"334.00\"                   data-src=\"https:\/\/cmpaix.eu\/fr\/wp-content\/uploads\/photo-gallery\/thumb\/conf3-014.jpg?bwg=1675692757\"                   src=\"data:image\/svg+xml,%3Csvg%20xmlns%3D%27http%3A%2F%2Fwww.w3.org%2F2000%2Fsvg%27%20width%3D%27500%27%20height%3D%27334%27%20viewBox%3D%270%200%20500%20334%27%3E%3Crect%20width%3D%27500%27%20height%3D%27334%27%20fill-opacity%3D%220%22%2F%3E%3C%2Fsvg%3E\" data-orig-src=\"https:\/\/cmpaix.eu\/fr\/wp-content\/uploads\/photo-gallery\/thumb\/conf3-014.jpg?bwg=1675692757\"                   alt=\"Colloque franco-allemand - table-ronde Environnement \u2013 Energie\"                   title=\"Colloque franco-allemand - table-ronde Environnement \u2013 Energie\" \/>            <\/div>            <div class=\"bwg-zoom-effect-overlay\">              <div class=\"bwg-title1\"><div class=\"bwg-title2\">Colloque franco-allemand - table-ronde Environnement \u2013 Energie<\/div><\/div>                                        <\/div>          <\/div>        <\/div>                        <\/a>              <\/div>            <div class=\"bwg-item\">        <a class=\"bwg-a  bwg_lightbox\"  data-image-id=\"243\" href=\"https:\/\/cmpaix.eu\/fr\/wp-content\/uploads\/photo-gallery\/conf3-015.jpg?bwg=1675692757\" data-elementor-open-lightbox=\"no\">                <div class=\"bwg-item0 \">          <div class=\"bwg-item1 bwg-zoom-effect\">            <div class=\"bwg-item2\">              <img decoding=\"async\" class=\"lazyload skip-lazy bwg_standart_thumb_img_2 \"                   data-id=\"243\"                   data-width=\"500.00\"                   data-height=\"334.00\"                   data-src=\"https:\/\/cmpaix.eu\/fr\/wp-content\/uploads\/photo-gallery\/thumb\/conf3-015.jpg?bwg=1675692757\"                   src=\"data:image\/svg+xml,%3Csvg%20xmlns%3D%27http%3A%2F%2Fwww.w3.org%2F2000%2Fsvg%27%20width%3D%27500%27%20height%3D%27334%27%20viewBox%3D%270%200%20500%20334%27%3E%3Crect%20width%3D%27500%27%20height%3D%27334%27%20fill-opacity%3D%220%22%2F%3E%3C%2Fsvg%3E\" data-orig-src=\"https:\/\/cmpaix.eu\/fr\/wp-content\/uploads\/photo-gallery\/thumb\/conf3-015.jpg?bwg=1675692757\"                   alt=\"Colloque franco-allemand - table-ronde Environnement \u2013 Energie\"                   title=\"Colloque franco-allemand - table-ronde Environnement \u2013 Energie\" \/>            <\/div>            <div class=\"bwg-zoom-effect-overlay\">              <div class=\"bwg-title1\"><div class=\"bwg-title2\">Colloque franco-allemand - table-ronde Environnement \u2013 Energie<\/div><\/div>                                        <\/div>          <\/div>        <\/div>                        <\/a>              <\/div>            <div class=\"bwg-item\">        <a class=\"bwg-a  bwg_lightbox\"  data-image-id=\"244\" href=\"https:\/\/cmpaix.eu\/fr\/wp-content\/uploads\/photo-gallery\/conf3-016.jpg?bwg=1675692757\" data-elementor-open-lightbox=\"no\">                <div class=\"bwg-item0 \">          <div class=\"bwg-item1 bwg-zoom-effect\">            <div class=\"bwg-item2\">              <img decoding=\"async\" class=\"lazyload skip-lazy bwg_standart_thumb_img_2 \"                   data-id=\"244\"                   data-width=\"500.00\"                   data-height=\"334.00\"                   data-src=\"https:\/\/cmpaix.eu\/fr\/wp-content\/uploads\/photo-gallery\/thumb\/conf3-016.jpg?bwg=1675692757\"                   src=\"data:image\/svg+xml,%3Csvg%20xmlns%3D%27http%3A%2F%2Fwww.w3.org%2F2000%2Fsvg%27%20width%3D%27500%27%20height%3D%27334%27%20viewBox%3D%270%200%20500%20334%27%3E%3Crect%20width%3D%27500%27%20height%3D%27334%27%20fill-opacity%3D%220%22%2F%3E%3C%2Fsvg%3E\" data-orig-src=\"https:\/\/cmpaix.eu\/fr\/wp-content\/uploads\/photo-gallery\/thumb\/conf3-016.jpg?bwg=1675692757\"                   alt=\"Colloque franco-allemand - table-ronde Environnement \u2013 Energie\"                   title=\"Colloque franco-allemand - table-ronde Environnement \u2013 Energie\" \/>            <\/div>            <div class=\"bwg-zoom-effect-overlay\">              <div class=\"bwg-title1\"><div class=\"bwg-title2\">Colloque franco-allemand - table-ronde Environnement \u2013 Energie<\/div><\/div>                                        <\/div>          <\/div>        <\/div>                        <\/a>              <\/div>            <div class=\"bwg-item\">        <a class=\"bwg-a  bwg_lightbox\"  data-image-id=\"245\" href=\"https:\/\/cmpaix.eu\/fr\/wp-content\/uploads\/photo-gallery\/conf3-017.jpg?bwg=1675692757\" data-elementor-open-lightbox=\"no\">                <div class=\"bwg-item0 \">          <div class=\"bwg-item1 bwg-zoom-effect\">            <div class=\"bwg-item2\">              <img decoding=\"async\" class=\"lazyload skip-lazy bwg_standart_thumb_img_2 \"                   data-id=\"245\"                   data-width=\"500.00\"                   data-height=\"334.00\"                   data-src=\"https:\/\/cmpaix.eu\/fr\/wp-content\/uploads\/photo-gallery\/thumb\/conf3-017.jpg?bwg=1675692757\"                   src=\"data:image\/svg+xml,%3Csvg%20xmlns%3D%27http%3A%2F%2Fwww.w3.org%2F2000%2Fsvg%27%20width%3D%27500%27%20height%3D%27334%27%20viewBox%3D%270%200%20500%20334%27%3E%3Crect%20width%3D%27500%27%20height%3D%27334%27%20fill-opacity%3D%220%22%2F%3E%3C%2Fsvg%3E\" data-orig-src=\"https:\/\/cmpaix.eu\/fr\/wp-content\/uploads\/photo-gallery\/thumb\/conf3-017.jpg?bwg=1675692757\"                   alt=\"Colloque franco-allemand - table-ronde Environnement \u2013 Energie\"                   title=\"Colloque franco-allemand - table-ronde Environnement \u2013 Energie\" \/>            <\/div>            <div class=\"bwg-zoom-effect-overlay\">              <div class=\"bwg-title1\"><div class=\"bwg-title2\">Colloque franco-allemand - table-ronde Environnement \u2013 Energie<\/div><\/div>                                        <\/div>          <\/div>        <\/div>                        <\/a>              <\/div>          <\/div>    <style>      \/*pagination styles*\/      #bwg_container1_2 #bwg_container2_2 .tablenav-pages_2 {\t\t\t\ttext-align: center;\t\t\t\tfont-size: 12px;\t\t\t\tfont-family: Ubuntu;\t\t\t\tfont-weight: bold;\t\t\t\tcolor: #666666;\t\t\t\tmargin: 6px 0 4px;\t\t\t\tdisplay: block;      }      @media only screen and (max-width : 320px) {      #bwg_container1_2 #bwg_container2_2 .displaying-num_2 {     \t display: none;      }      }      #bwg_container1_2 #bwg_container2_2 .displaying-num_2 {\t\t\t\tfont-size: 12px;\t\t\t\tfont-family: Ubuntu;\t\t\t\tfont-weight: bold;\t\t\t\tcolor: #666666;\t\t\t\tmargin-right: 10px;\t\t\t\tvertical-align: middle;      }      #bwg_container1_2 #bwg_container2_2 .paging-input_2 {\t\t\t\tfont-size: 12px;\t\t\t\tfont-family: Ubuntu;\t\t\t\tfont-weight: bold;\t\t\t\tcolor: #666666;\t\t\t\tvertical-align: middle;      }      #bwg_container1_2 #bwg_container2_2 .tablenav-pages_2 a.disabled,      #bwg_container1_2 #bwg_container2_2 .tablenav-pages_2 a.disabled:hover,      #bwg_container1_2 #bwg_container2_2 .tablenav-pages_2 a.disabled:focus,\t\t\t#bwg_container1_2 #bwg_container2_2 .tablenav-pages_2 input.bwg_current_page {\t\t\t\tcursor: default;\t\t\t\tcolor: rgba(102, 102, 102, 0.5);      }      #bwg_container1_2 #bwg_container2_2 .tablenav-pages_2 a,      #bwg_container1_2 #bwg_container2_2 .tablenav-pages_2 input.bwg_current_page {\t\t\t\tcursor: pointer;\t\t\t\ttext-align: center;\t\t\t\tfont-size: 12px;\t\t\t\tfont-family: Ubuntu;\t\t\t\tfont-weight: bold;\t\t\t\tcolor: #666666;\t\t\t\ttext-decoration: none;\t\t\t\tpadding: 3px 6px;\t\t\t\tmargin: 0;\t\t\t\tborder-radius: 0;\t\t\t\tborder-style: solid;\t\t\t\tborder-width: 1px;\t\t\t\tborder-color: #E3E3E3;\t\t\t\t\t\t\t\tbackground-color: rgba(255, 255, 255, 1.00);\t\t\t\tbox-shadow: 0;\t\t\t\ttransition: all 0.3s ease 0s;-webkit-transition: all 0.3s ease 0s;      }      <\/style>      <span class=\"bwg_nav_cont_2\">              <div class=\"tablenav-pages_2\">                  <\/div>                <input type=\"hidden\" id=\"page_number_2\" name=\"page_number_2\" value=\"1\" \/>      <script type=\"text\/javascript\">        if( jQuery('.bwg_nav_cont_2').length > 1 ) {          jQuery('.bwg_nav_cont_2').first().remove()        }        function spider_page_2(cur, x, y, load_more) {          if (typeof load_more == \"undefined\") {            var load_more = false;          }          if (jQuery(cur).hasClass('disabled')) {            return false;          }          var items_county_2 = 1;          switch (y) {            case 1:              if (x >= items_county_2) {                document.getElementById('page_number_2').value = items_county_2;              }              else {                document.getElementById('page_number_2').value = x + 1;              }              break;            case 2:              document.getElementById('page_number_2').value = items_county_2;              break;            case -1:              if (x == 1) {                document.getElementById('page_number_2').value = 1;              }              else {                document.getElementById('page_number_2').value = x - 1;              }              break;            case -2:              document.getElementById('page_number_2').value = 1;              break;\t\t\t\t\t\tcase 0:              document.getElementById('page_number_2').value = x;              break;            default:              document.getElementById('page_number_2').value = 1;          }          bwg_ajax('gal_front_form_2', '2', 'bwg_thumbnails_2', '0', '', 'gallery', 0, '', '', load_more, '', 1);        }                    jQuery('.first-page-2').on('click', function () {              spider_page_2(this, 1, -2, 'numeric');              return false;            });            jQuery('.prev-page-2').on('click', function () {              spider_page_2(this, 1, -1, 'numeric');              return false;            });            jQuery('.next-page-2').on('click', function () {              spider_page_2(this, 1, 1, 'numeric');              return false;            });            jQuery('.last-page-2').on('click', function () {              spider_page_2(this, 1, 2, 'numeric');              return false;            });        \t\t\t\t\/* Change page on input enter. *\/        function bwg_change_page_2( e, that ) {          if (  e.key == 'Enter' ) {            var to_page = parseInt(jQuery(that).val());            var pages_count = jQuery(that).parents(\".pagination-links\").data(\"pages-count\");            var current_url_param = jQuery(that).attr('data-url-info');            if (to_page > pages_count) {              to_page = 1;            }\t \t\t\t\t\t\t\t\t\t\t\t\tspider_page_2(this, to_page, 0, 'numeric');\t\t\t\t\t\t\treturn false;\t\t\t\t\t\t          }          return true;        }        jQuery('.bwg_load_btn_2').on('click', function () {            spider_page_2(this, 1, 1, true);            return false;        });      <\/script>      <\/span>                <\/div>        <\/form>        <style>          #bwg_container1_2 #bwg_container2_2 #spider_popup_overlay_2 {          background-color: #EEEEEE;          opacity: 0.60;          }          <\/style>        <div id=\"bwg_spider_popup_loading_2\" class=\"bwg_spider_popup_loading\"><\/div>        <div id=\"spider_popup_overlay_2\" class=\"spider_popup_overlay\" onclick=\"spider_destroypopup(1000)\"><\/div>        <input type=\"hidden\" id=\"bwg_random_seed_2\" value=\"930461953\">                <\/div>    <\/div>    <script>      if (document.readyState === 'complete') {        if( typeof bwg_main_ready == 'function' ) {          if ( jQuery(\"#bwg_container1_2\").height() ) {            bwg_main_ready(jQuery(\"#bwg_container1_2\"));          }        }      } else {        document.addEventListener('DOMContentLoaded', function() {          if( typeof bwg_main_ready == 'function' ) {            if ( jQuery(\"#bwg_container1_2\").height() ) {             bwg_main_ready(jQuery(\"#bwg_container1_2\"));            }          }        });      }    <\/script>    \r\n\r\n  <br><br><HR align=center size=1 width=\"30%\"><br><br>\r\n<p style=\"font-family: Helvetica, arial, sans-serif; font-size: 20px; color: 4b4a4d; text-align:center; line-height: 30px;\"><strong>T\u00e9moignages d&rsquo;\u00e9tudiants pr\u00e9sents lors de ce colloque<\/strong>  \r\n<br><br>\r\n<a href=\"https:\/\/www.sciencespo.fr\/fr\/actualites\/focus-campus-les-etudiants-de-nancy-invites-au-centre-mondial-pour-la-paix-a-verdun\" target=\"_blank\" rel=\"noopener\"><img class=\"lazyload\" decoding=\"async\" src=\"data:image\/gif;base64,R0lGODlhAQABAAAAACH5BAEKAAEALAAAAAABAAEAAAICTAEAOw==\" data-orig-src=\"http:\/\/cmpaix.eu\/fr\/wp-content\/uploads\/2023\/02\/focus-sciences-po.jpg\" width=\"97%\"><\/a><\/p>\r\n<div class=\"fusion-sep-clear\"><\/div><div class=\"fusion-separator fusion-full-width-sep\" style=\"margin-left: auto;margin-right: auto;margin-top:5px;margin-bottom:5px;width:100%;\"><\/div><div class=\"fusion-sep-clear\"><\/div>\r\n","protected":false},"excerpt":{"rendered":"<p>Dans le cadre du 60e anniversaire du Trait\u00e9 de l\u2019Elys\u00e9e JOURN\u00c9E D\u2019\u00c9CHANGES FRANCO-ALLEMANDS Derri\u00e8re 60 ans d\u2019amiti\u00e9, 3 grandes questions franco-allemandes Un \u00e9v\u00e9nement organis\u00e9 en partenariat avec ARTE Vendredi 20 janvier 2023 Centre Mondial de la Paix, des libert\u00e9s et des droits de l&rsquo;Homme &#8211; Verdun &nbsp; Alors que les  [&#8230;]<\/p>\n","protected":false},"author":1,"featured_media":0,"comment_status":"closed","ping_status":"closed","sticky":false,"template":"","format":"standard","meta":{"ngg_post_thumbnail":0,"footnotes":""},"categories":[30],"tags":[],"class_list":["post-11248","post","type-post","status-publish","format-standard","hentry","category-conferences"],"_links":{"self":[{"href":"https:\/\/cmpaix.eu\/fr\/wp-json\/wp\/v2\/posts\/11248","targetHints":{"allow":["GET"]}}],"collection":[{"href":"https:\/\/cmpaix.eu\/fr\/wp-json\/wp\/v2\/posts"}],"about":[{"href":"https:\/\/cmpaix.eu\/fr\/wp-json\/wp\/v2\/types\/post"}],"author":[{"embeddable":true,"href":"https:\/\/cmpaix.eu\/fr\/wp-json\/wp\/v2\/users\/1"}],"replies":[{"embeddable":true,"href":"https:\/\/cmpaix.eu\/fr\/wp-json\/wp\/v2\/comments?post=11248"}],"version-history":[{"count":13,"href":"https:\/\/cmpaix.eu\/fr\/wp-json\/wp\/v2\/posts\/11248\/revisions"}],"predecessor-version":[{"id":11497,"href":"https:\/\/cmpaix.eu\/fr\/wp-json\/wp\/v2\/posts\/11248\/revisions\/11497"}],"wp:attachment":[{"href":"https:\/\/cmpaix.eu\/fr\/wp-json\/wp\/v2\/media?parent=11248"}],"wp:term":[{"taxonomy":"category","embeddable":true,"href":"https:\/\/cmpaix.eu\/fr\/wp-json\/wp\/v2\/categories?post=11248"},{"taxonomy":"post_tag","embeddable":true,"href":"https:\/\/cmpaix.eu\/fr\/wp-json\/wp\/v2\/tags?post=11248"}],"curies":[{"name":"wp","href":"https:\/\/api.w.org\/{rel}","templated":true}]}}