{"id":5243,"date":"2013-06-13T17:52:29","date_gmt":"2013-06-13T16:52:29","guid":{"rendered":"http:\/\/cmpaix.eu\/fr\/?p=5243"},"modified":"2013-06-13T17:52:29","modified_gmt":"2013-06-13T16:52:29","slug":"4-jours-de-verdun-2013","status":"publish","type":"post","link":"https:\/\/cmpaix.eu\/fr\/4-jours-de-verdun-2013\/","title":{"rendered":"4 jours de Verdun 2013"},"content":{"rendered":"<p>Dans le cadre des <strong>4 jours de Verdun<\/strong>, la Mission Histoire du Conseil G\u00e9n\u00e9ral de la Meuse a le plaisir de vous inviter \u00e0 la journ\u00e9e d&rsquo;\u00e9tude <strong><em>\u00ab 14-18 les for\u00eats de l\u2019Histoire \u00bb<\/em><\/strong>, samedi 22 juin \u00e0 9h30 au Centre Mondial de la Paix.  Entr\u00e9e libre<\/p>\n<p>En matin\u00e9e (9h30-12h30) : Les for\u00eats de l\u2019histoire en Meuse<br \/>\nPr\u00e9sident de s\u00e9ance : Jean-Paul Amat (Professeur de biog\u00e9ographie \u00e0 l\u2019universit\u00e9 Paris IV- Sorbonne)<\/p>\n<p>&#8211; La for\u00eat meusienne, victime de guerre, recours des apr\u00e8s-guerres , intervention de Jean-Paul Amat (Professeur de biog\u00e9ographie \u00e0 l\u2019universit\u00e9 Paris IV- Sorbonne);<br \/>\n&#8211; Les sites de m\u00e9moire : une biodiversit\u00e9 insoup\u00e7onn\u00e9e, intervention de R\u00e9gine Millarakis et Bernard Stoufflet (Meuse Nature Environnement);<br \/>\n&#8211; M\u00e9moire de paysages, paysages de m\u00e9moire, intervention d\u2019Isabelle Masson-Loodts (journaliste documentariste);<br \/>\n&#8211; Le projet d&rsquo;inscription au Patrimoine Mondial de l&rsquo;Unesco des paysages et sites de m\u00e9moire : \u00e9tat d\u2019avancement, intervention de Juliette ROY et Marjolaine Thouvenot (Mission Histoire CG55);<br \/>\n&#8211; Le champ de bataille : un tremplin pour la r\u00e9insertion, intervention de Henri Schwindt (Pr\u00e9sident de l\u2019Association pour la Sauvegarde du Champ de Bataille, chantier d\u2019insertion).<\/p>\n<p>L\u2019apr\u00e8s-midi (14h-17h) : le projet For\u00eat d\u2019exception en For\u00eat Domaniale de Verdun<br \/>\nPr\u00e9sident de s\u00e9ance : Jean-Pierre Renaud (Directeur Territorial, ONF)<\/p>\n<p>&#8211; Sous les arbres : la Guerre, intervention de St\u00e9phanie Jacquemot (DRAC Lorraine);<br \/>\n&#8211; De la Guerre de 1914 \u00e0 Natura 2000, intervention de Sophie Ouzet (DREAL Lorraine);<br \/>\n&#8211; Au c\u0153ur de la for\u00eat : l\u2019ensemble M\u00e9morial &#8211; p\u00f4le d\u2019accueil, intervention du Comit\u00e9 D\u00e9partemental du Tourisme de la Meuse et de Francis Lefort (M\u00e9morial de Verdun);<br \/>\n&#8211; Piloter une for\u00eat exceptionnelle : les forestiers \u00e0 l\u2019\u0153uvre , intervention d\u2019Andr\u00e9 Hopfner et Gersende G\u00e9rard (ONF).<\/p>\n<p>Synth\u00e8se et conclusion de la journ\u00e9e par Jean-Paul Amat et Jean-Pierre Renaud.<\/p>\n<p>Ce colloque sera accompagn\u00e9 de l&rsquo;exposition <strong>\u00ab Ga\u00efa\u2026 Meuse, la biodiversit\u00e9 en h\u00e9ritage \u00bb<\/strong><em>.<br \/>\nCette exposition montre dans toutes ses dimensions l&rsquo;immense diversit\u00e9 que rev\u00eat le d\u00e9partement de la Meuse. Prenant appui sur des photos de Yann Arthus Bertrand, elle d\u00e9cline \u00e0 l&rsquo;aide de clich\u00e9s de photographes naturalistes lorrains les \u00e9tapes d&rsquo;un extraordinaire voyage \u00e0 travers les paysages et la faune de notre territoire.<\/p>\n<p>Renseignements :<br \/>\nMission Histoire<br \/>\nT\u00e9l. : 03 29 83 77 68<br \/>\nMail : mission-histoire@cg55.fr<\/p>\n","protected":false},"excerpt":{"rendered":"<p>Dans le cadre des 4 jours de Verdun, la Mission Histoire du Conseil G\u00e9n\u00e9ral de la Meuse a le plaisir de vous inviter \u00e0 la journ\u00e9e d&rsquo;\u00e9tude \u00ab 14-18 les for\u00eats de l\u2019Histoire \u00bb, samedi 22 juin \u00e0 9h30 au Centre Mondial de la Paix. Entr\u00e9e libre En matin\u00e9e (9h30-12h30)  [&#8230;]<\/p>\n","protected":false},"author":1,"featured_media":5244,"comment_status":"closed","ping_status":"closed","sticky":false,"template":"","format":"standard","meta":{"ngg_post_thumbnail":0,"footnotes":""},"categories":[31],"tags":[],"class_list":["post-5243","post","type-post","status-publish","format-standard","has-post-thumbnail","hentry","category-colloques"],"_links":{"self":[{"href":"https:\/\/cmpaix.eu\/fr\/wp-json\/wp\/v2\/posts\/5243","targetHints":{"allow":["GET"]}}],"collection":[{"href":"https:\/\/cmpaix.eu\/fr\/wp-json\/wp\/v2\/posts"}],"about":[{"href":"https:\/\/cmpaix.eu\/fr\/wp-json\/wp\/v2\/types\/post"}],"author":[{"embeddable":true,"href":"https:\/\/cmpaix.eu\/fr\/wp-json\/wp\/v2\/users\/1"}],"replies":[{"embeddable":true,"href":"https:\/\/cmpaix.eu\/fr\/wp-json\/wp\/v2\/comments?post=5243"}],"version-history":[{"count":1,"href":"https:\/\/cmpaix.eu\/fr\/wp-json\/wp\/v2\/posts\/5243\/revisions"}],"predecessor-version":[{"id":5245,"href":"https:\/\/cmpaix.eu\/fr\/wp-json\/wp\/v2\/posts\/5243\/revisions\/5245"}],"wp:featuredmedia":[{"embeddable":true,"href":"https:\/\/cmpaix.eu\/fr\/wp-json\/wp\/v2\/media\/5244"}],"wp:attachment":[{"href":"https:\/\/cmpaix.eu\/fr\/wp-json\/wp\/v2\/media?parent=5243"}],"wp:term":[{"taxonomy":"category","embeddable":true,"href":"https:\/\/cmpaix.eu\/fr\/wp-json\/wp\/v2\/categories?post=5243"},{"taxonomy":"post_tag","embeddable":true,"href":"https:\/\/cmpaix.eu\/fr\/wp-json\/wp\/v2\/tags?post=5243"}],"curies":[{"name":"wp","href":"https:\/\/api.w.org\/{rel}","templated":true}]}}