{"id":5283,"date":"2013-11-07T12:57:19","date_gmt":"2013-11-07T10:57:19","guid":{"rendered":"http:\/\/cmpaix.eu\/fr\/?p=5283"},"modified":"2021-09-29T17:06:19","modified_gmt":"2021-09-29T15:06:19","slug":"10e-salon-du-livre-dhistoire-de-verdun","status":"publish","type":"post","link":"https:\/\/cmpaix.eu\/fr\/10e-salon-du-livre-dhistoire-de-verdun\/","title":{"rendered":"10e Salon du Livre d&rsquo;Histoire de Verdun"},"content":{"rendered":"<p>les 9 et 10 novembre 2013 &#8211; de 10h \u00e0 12h30 et de 14h \u00e0 18h &#8211; entr\u00e9e libre<\/p>\n<p>Le rendez-vous des passionn\u00e9s d\u2019Histoire aura lieu cette ann\u00e9e les samedi 9 et dimanche 10 novembre, au Centre Mondial de la Paix \u00e0 Verdun. Comme tous les ans depuis 2004, l\u2019association \u00ab 14\/18 Meuse \u00bb et le Centre Mondial de la Paix organisent le Salon du Livre d\u2019Histoire de Verdun, o\u00f9 seront pr\u00e9sent\u00e9es les derni\u00e8res parutions en lien avec l\u2019Histoire au sens large. Toutefois, en raison du lieu, l\u2019Histoire contemporaine sera plus particuli\u00e8rement mise en avant.<\/p>\n<p>Chaque ann\u00e9e, ce sont pr\u00e8s de cinquante auteurs qui pr\u00e9sentent leurs ouvrages, les d\u00e9dicacent, \u00e9changent et discutent avec le public. Tous les genres participent pour le plus grand plaisir du public : essais, romans, nouvelles, biographies, jeunesse, BD, documents&#8230; qui trouvent toujours l\u2019Histoire en point commun, qu\u2019elle soit locale, nationale ou mondiale. Pour cette \u00e9dition, plusieurs auteurs de bandes dessin\u00e9s participeront au salon, gr\u00e2ce \u00e0 l\u2019importante actualit\u00e9 du genre qui traite de l\u2019Histoire.<\/p>\n<p>Plusieurs animations seront pr\u00e9vues au cours du weekend : la remise du Prix \u00ab Mondes en guerre, mondes en paix \u00bb, des conf\u00e9rences, une exposition et un coin lecture. Un espace sp\u00e9cifi que sera d\u00e9di\u00e9 aux amateurs d\u2019ouvrages anciens, dont une grande partie traitera de la Grande Guerre.<\/p>\n<p>Venez vivre un \u00e9v\u00e9nement convivial et familial, autour du Livre et de l\u2019Histoire. L\u2019entr\u00e9e du Salon est libre et les portes seront ouvertes au public de 10h \u00e0 12h30 et de 14h \u00e0 18h.<\/p>\n<p>\n<a href=\"http:\/\/cmpaix.eu\/img\/DP_Salon2013.pdf\" target=\"_blank\" rel=\"noopener\"><img class=\"lazyload\" decoding=\"async\" src=\"data:image\/svg+xml,%3Csvg%20xmlns%3D%27http%3A%2F%2Fwww.w3.org%2F2000%2Fsvg%27%20width%3D%2740%27%20height%3D%2740%27%20viewBox%3D%270%200%2040%2040%27%3E%3Crect%20width%3D%2740%27%20height%3D%2740%27%20fill-opacity%3D%220%22%2F%3E%3C%2Fsvg%3E\" data-orig-src=\"http:\/\/cmpaix.eu\/fr\/wp-content\/uploads\/2013\/09\/fleche-vers-bas-telecharger.png\" width=\"40\" height=\"40\" \/>T\u00e9l\u00e9charger le dossier de presse du salon<\/a><\/p>\n<div class=\"fusion-fullwidth fullwidth-box fusion-builder-row-1 hundred-percent-fullwidth non-hundred-percent-height-scrolling\" style=\"--awb-border-radius-top-left:0px;--awb-border-radius-top-right:0px;--awb-border-radius-bottom-right:0px;--awb-border-radius-bottom-left:0px;--awb-overflow:visible;--awb-flex-wrap:wrap;\" ><div class=\"fusion-builder-row fusion-row\"><div class=\"fusion-layout-column fusion_builder_column fusion-builder-column-0 fusion_builder_column_1_1 1_1 fusion-one-full fusion-column-first fusion-column-last fusion-column-no-min-height\" style=\"--awb-bg-size:cover;--awb-margin-bottom:0px;\"><div class=\"fusion-column-wrapper fusion-flex-column-wrapper-legacy\"><div class=\"fusion-video fusion-youtube\" style=\"--awb-max-width:500px;--awb-max-height:500px;\"><div class=\"video-shortcode\"><div class=\"fluid-width-video-wrapper\" style=\"padding-top:100%;\" ><iframe title=\"YouTube video player 1\" src=\"https:\/\/www.youtube.com\/embed\/wklsYBSHs94?wmode=transparent&autoplay=0&oida=1\" width=\"500\" height=\"500\" allowfullscreen allow=\"autoplay; clipboard-write; encrypted-media; gyroscope; picture-in-picture;\"><\/iframe><\/div><\/div><\/div><div class=\"fusion-clearfix\"><\/div><\/div><\/div><\/div><\/div>\n","protected":false},"excerpt":{"rendered":"<p>les 9 et 10 novembre 2013 &#8211; de 10h \u00e0 12h30 et de 14h \u00e0 18h &#8211; entr\u00e9e libre Le rendez-vous des passionn\u00e9s d\u2019Histoire aura lieu cette ann\u00e9e les samedi 9 et dimanche 10 novembre, au Centre Mondial de la Paix \u00e0 Verdun. Comme tous les ans depuis 2004, l\u2019association  [&#8230;]<\/p>\n","protected":false},"author":1,"featured_media":3633,"comment_status":"closed","ping_status":"closed","sticky":false,"template":"","format":"standard","meta":{"ngg_post_thumbnail":0,"footnotes":""},"categories":[35],"tags":[],"class_list":["post-5283","post","type-post","status-publish","format-standard","has-post-thumbnail","hentry","category-salon-du-livre-dhistoire"],"_links":{"self":[{"href":"https:\/\/cmpaix.eu\/fr\/wp-json\/wp\/v2\/posts\/5283","targetHints":{"allow":["GET"]}}],"collection":[{"href":"https:\/\/cmpaix.eu\/fr\/wp-json\/wp\/v2\/posts"}],"about":[{"href":"https:\/\/cmpaix.eu\/fr\/wp-json\/wp\/v2\/types\/post"}],"author":[{"embeddable":true,"href":"https:\/\/cmpaix.eu\/fr\/wp-json\/wp\/v2\/users\/1"}],"replies":[{"embeddable":true,"href":"https:\/\/cmpaix.eu\/fr\/wp-json\/wp\/v2\/comments?post=5283"}],"version-history":[{"count":9,"href":"https:\/\/cmpaix.eu\/fr\/wp-json\/wp\/v2\/posts\/5283\/revisions"}],"predecessor-version":[{"id":10248,"href":"https:\/\/cmpaix.eu\/fr\/wp-json\/wp\/v2\/posts\/5283\/revisions\/10248"}],"wp:featuredmedia":[{"embeddable":true,"href":"https:\/\/cmpaix.eu\/fr\/wp-json\/wp\/v2\/media\/3633"}],"wp:attachment":[{"href":"https:\/\/cmpaix.eu\/fr\/wp-json\/wp\/v2\/media?parent=5283"}],"wp:term":[{"taxonomy":"category","embeddable":true,"href":"https:\/\/cmpaix.eu\/fr\/wp-json\/wp\/v2\/categories?post=5283"},{"taxonomy":"post_tag","embeddable":true,"href":"https:\/\/cmpaix.eu\/fr\/wp-json\/wp\/v2\/tags?post=5283"}],"curies":[{"name":"wp","href":"https:\/\/api.w.org\/{rel}","templated":true}]}}