{"id":5578,"date":"2013-11-12T13:02:36","date_gmt":"2013-11-12T11:02:36","guid":{"rendered":"http:\/\/cmpaix.eu\/fr\/?p=5578"},"modified":"2021-09-29T17:06:19","modified_gmt":"2021-09-29T15:06:19","slug":"temoignage-exceptionnel-de-marthe-cohn","status":"publish","type":"post","link":"https:\/\/cmpaix.eu\/fr\/temoignage-exceptionnel-de-marthe-cohn\/","title":{"rendered":"T\u00e9moignage exceptionnel de Marthe COHN"},"content":{"rendered":"<p>T\u00e9moignage exceptionnel de Marthe COHN, Espionne et R\u00e9sistante Juive dans l\u2019Allemagne nazie, <strong>mercredi 13 novembre 2013 \u00e0 18h30<\/strong> au Centre Mondial de la Paix.<\/p>\n<p>Le Centre Mondial de la Paix, des libert\u00e9s et des droits de l\u2019Homme, en partenariat avec la France Mutualiste, accueille l\u2019exceptionnel t\u00e9moignage de Marthe COHN, R\u00e9sistante juive messine qui espionna l\u2019Allemagne nazie.<\/p>\n<p>Madame COHN, auteur de l\u2019ouvrage \u00ab Derri\u00e8re les lignes ennemies \u00bb vit aujourd\u2019hui aux \u00c9tats-Unis en Californie, qu\u2019elle quitte r\u00e9guli\u00e8rement pour pr\u00e9senter son t\u00e9moignage dans le monde entier.<\/p>\n<p>Habitant \u00e0 Metz pendant la 2nde guerre mondiale, une partie de son enfance s\u2019est d\u00e9roul\u00e9e \u00e0 \u00c9tain o\u00f9 son p\u00e8re avait un commerce. Elle en conserve le souvenir d\u2019une enfance partag\u00e9e entre les tranch\u00e9es encore bien conserv\u00e9es qu\u2019elle aimait fr\u00e9quenter et Verdun. Venir t\u00e9moigner dans la capitale de la Paix promet une immense \u00e9motion de cette \u00ab grande petite dame de 93 ans \u00bb.<br \/>\nElle met la \u00ab vitalit\u00e9 de ses 20 ans \u00bb au service de la transmission de son t\u00e9moignage de r\u00e9sistante d\u2019abord au profit du public adulte au Centre Mondial de la Paix le 13 novembre, puis dans des \u00e9tablissements scolaires le lendemain.<\/p>\n<p>La croix de guerre, la m\u00e9daille militaire, l\u2019insigne de chevalier de la l\u00e9gion d\u2019honneur sont autant d\u2019hommages qui ont \u00e9t\u00e9 rendus \u00e0 sa bravoure, celle d\u2019une juive de 20 ans, blonde et parlant parfaitement l\u2019allemand, qui va choisir de servir les alli\u00e9s en cherchant de pr\u00e9cieux renseignements sur les positions en territoire ennemi. N\u00e9e Hoffnung, elle prend le patronyme de Len\u00f4tre avant d\u2019utiliser celui d\u2019Ulrich pour mener ses missions. Pourquoi faire 14 tentatives pour entrer en Allemagne en se faisant passer pour une infirmi\u00e8re allemande et ainsi glaner les informations sur les positions nazies sur la ligne Siegfried ? Peut-\u00eatre par besoin de r\u00e9agir \u00e0 l\u2019arrestation de sa s\u0153ur et de son p\u00e8re qui seront d\u00e9port\u00e9s \u00e0 Auschwitz. Peut-\u00eatre aussi pour ne pas laisser les ex\u00e9cutions sommaires se poursuivre comme celle de son fianc\u00e9 au mont Val\u00e9rien. Peut-\u00eatre surtout par la conviction forte et ind\u00e9fectible de la n\u00e9cessit\u00e9 de lutter contre l\u2019inhumanit\u00e9. Cette m\u00eame conviction qui guide ses pas dans le monde entier pour transmettre son t\u00e9moignage.<\/p>\n<p>Le t\u00e9moignage de Marthe COHN n\u2019aurait pas \u00e9t\u00e9 possible sans le partenariat entre la France Mutualiste et le Centre Mondial de la Paix, des libert\u00e9s et des droits de l\u2019Homme.<\/p>\n<div class=\"fusion-fullwidth fullwidth-box fusion-builder-row-1 hundred-percent-fullwidth non-hundred-percent-height-scrolling\" style=\"--awb-border-radius-top-left:0px;--awb-border-radius-top-right:0px;--awb-border-radius-bottom-right:0px;--awb-border-radius-bottom-left:0px;--awb-overflow:visible;--awb-flex-wrap:wrap;\" ><div class=\"fusion-builder-row fusion-row\"><div class=\"fusion-layout-column fusion_builder_column fusion-builder-column-0 fusion_builder_column_1_1 1_1 fusion-one-full fusion-column-first fusion-column-last fusion-column-no-min-height\" style=\"--awb-bg-size:cover;--awb-margin-bottom:0px;\"><div class=\"fusion-column-wrapper fusion-flex-column-wrapper-legacy\"><div class=\"fusion-video fusion-youtube\" style=\"--awb-max-width:500px;--awb-max-height:500px;\"><div class=\"video-shortcode\"><div class=\"fluid-width-video-wrapper\" style=\"padding-top:100%;\" ><iframe title=\"YouTube video player 1\" src=\"https:\/\/www.youtube.com\/embed\/tZT2-nDRILg?wmode=transparent&autoplay=0&oida=1\" width=\"500\" height=\"500\" allowfullscreen allow=\"autoplay; clipboard-write; encrypted-media; gyroscope; picture-in-picture;\"><\/iframe><\/div><\/div><\/div>\n<div class=\"fusion-clearfix\"><\/div><\/div><\/div><div class=\"fusion-layout-column fusion_builder_column fusion-builder-column-1 fusion_builder_column_1_1 1_1 fusion-one-full fusion-column-first fusion-column-last fusion-column-no-min-height\" style=\"--awb-bg-size:cover;--awb-margin-bottom:0px;\"><div class=\"fusion-column-wrapper fusion-flex-column-wrapper-legacy\">ngg_shortcode_0_placeholder\n<div class=\"fusion-clearfix\"><\/div><\/div><\/div><\/div><\/div>\n","protected":false},"excerpt":{"rendered":"<p>T\u00e9moignage exceptionnel de Marthe COHN, Espionne et R\u00e9sistante Juive dans l\u2019Allemagne nazie, mercredi 13 novembre 2013 \u00e0 18h30 au Centre Mondial de la Paix. Le Centre Mondial de la Paix, des libert\u00e9s et des droits de l\u2019Homme, en partenariat avec la France Mutualiste, accueille l\u2019exceptionnel t\u00e9moignage de Marthe COHN, R\u00e9sistante  [&#8230;]<\/p>\n","protected":false},"author":1,"featured_media":5580,"comment_status":"closed","ping_status":"closed","sticky":false,"template":"","format":"standard","meta":{"ngg_post_thumbnail":0,"footnotes":""},"categories":[30],"tags":[],"class_list":["post-5578","post","type-post","status-publish","format-standard","has-post-thumbnail","hentry","category-conferences"],"_links":{"self":[{"href":"https:\/\/cmpaix.eu\/fr\/wp-json\/wp\/v2\/posts\/5578","targetHints":{"allow":["GET"]}}],"collection":[{"href":"https:\/\/cmpaix.eu\/fr\/wp-json\/wp\/v2\/posts"}],"about":[{"href":"https:\/\/cmpaix.eu\/fr\/wp-json\/wp\/v2\/types\/post"}],"author":[{"embeddable":true,"href":"https:\/\/cmpaix.eu\/fr\/wp-json\/wp\/v2\/users\/1"}],"replies":[{"embeddable":true,"href":"https:\/\/cmpaix.eu\/fr\/wp-json\/wp\/v2\/comments?post=5578"}],"version-history":[{"count":9,"href":"https:\/\/cmpaix.eu\/fr\/wp-json\/wp\/v2\/posts\/5578\/revisions"}],"predecessor-version":[{"id":10247,"href":"https:\/\/cmpaix.eu\/fr\/wp-json\/wp\/v2\/posts\/5578\/revisions\/10247"}],"wp:featuredmedia":[{"embeddable":true,"href":"https:\/\/cmpaix.eu\/fr\/wp-json\/wp\/v2\/media\/5580"}],"wp:attachment":[{"href":"https:\/\/cmpaix.eu\/fr\/wp-json\/wp\/v2\/media?parent=5578"}],"wp:term":[{"taxonomy":"category","embeddable":true,"href":"https:\/\/cmpaix.eu\/fr\/wp-json\/wp\/v2\/categories?post=5578"},{"taxonomy":"post_tag","embeddable":true,"href":"https:\/\/cmpaix.eu\/fr\/wp-json\/wp\/v2\/tags?post=5578"}],"curies":[{"name":"wp","href":"https:\/\/api.w.org\/{rel}","templated":true}]}}