{"id":5650,"date":"2013-12-02T12:50:45","date_gmt":"2013-12-02T10:50:45","guid":{"rendered":"http:\/\/cmpaix.eu\/fr\/?p=5650"},"modified":"2021-09-29T17:06:19","modified_gmt":"2021-09-29T15:06:19","slug":"palmares-salon-du-livre-dhistoire-de-verdun13","status":"publish","type":"post","link":"https:\/\/cmpaix.eu\/fr\/palmares-salon-du-livre-dhistoire-de-verdun13\/","title":{"rendered":"Palmar\u00e8s &#8211; Salon du livre d&rsquo;Histoire de Verdun 2013"},"content":{"rendered":"<p>Ces r\u00e9compenses ont \u00e9t\u00e9 d\u00e9cern\u00e9es le <strong>9 novembre 2013<\/strong> \u00e0 Verdun par Lyne ROUSSEAU, Pr\u00e9sidente de l\u2019association \u00ab 14-18 Meuse \u00bb et G\u00e9rard LONGUET, Pr\u00e9sident du Centre Mondial de la Paix, des libert\u00e9s et des droits de l\u2019Homme.<\/p>\n<p>Ces choix ont \u00e9t\u00e9 exprim\u00e9s par le jury d\u2019historiens pr\u00e9sid\u00e9 par Jean-Pierre RIOUX et compos\u00e9 de Paule RENEE-BAZIN, Fr\u00e9d\u00e9ric GUELTON, Fran\u00e7ois COCHET, Hubert TISON, Olivier FORCADE et Jean-Pierre FILIU.<\/p>\n<p>Chaque ann\u00e9e, la s\u00e9lection du Salon du Livre d\u2019Histoire de Verdun est ouverte \u00e0 tous les auteurs pr\u00e9sentant un ouvrage publi\u00e9 par un \u00e9diteur, et qui traite du th\u00e8me Mondes en guerre, Mondes en paix.<\/p>\n<p>Parmi les ouvrages s\u00e9lectionn\u00e9s, le jury choisit 10 ouvrages finalistes desquels seront issus les ouvrages prim\u00e9s.<br \/>\nLe 11e Salon du Livre d\u2019Histoire de Verdun se tiendra les 8 et 9 novembre 2014.<\/p>\n<p><strong>Le choix du jury du 10e Salon du livre d\u2019histoire de Verdun<\/strong><\/p>\n<p>1er Prix : <strong><em>\u00ab Les gendarmes dans la Grande Guerre \u00bb<\/em><\/strong> de Louis N. PANEL est un ouvrage de r\u00e9f\u00e9rence qui fera date en \u00e9tant une des premi\u00e8res publications sur ce sujet souvent m\u00e9connu. Le jury a particuli\u00e8rement appr\u00e9ci\u00e9 la <strong>qualit\u00e9 de la r\u00e9daction<\/strong> qui offre une <strong>lecture ais\u00e9e<\/strong>, <strong>bien document\u00e9e<\/strong> et particuli\u00e8rement pr\u00e9cise gr\u00e2ce \u00e0 un <strong>travail de recherche<\/strong> et d\u2019analyses d\u2019archives particuli\u00e8rement m\u00e9ticuleux. Ainsi cet ouvrage offre un <strong>panorama m\u00e9connu de la Grande Guerre<\/strong> dont le Centenaire sera comm\u00e9mor\u00e9 \u00e0 partir de 2014.<br \/>\nLorsque la Premi\u00e8re Guerre mondiale \u00e9clate, la gendarmerie appara\u00eet comme une \u00ab arm\u00e9e de l&rsquo;int\u00e9rieur \u00bb, assurant la d\u00e9fense nationale et la protection des civils fragilis\u00e9s par le conflit. Une mission pourtant bien loin de ce que vivent les soldats partis au front : ob\u00e9issant \u00e0 l&rsquo;ordre de les maintenir au combat quoiqu&rsquo;il advienne, \u00ab for\u00e7ant, au besoin, leur ob\u00e9issance \u00bb, les gendarmes deviennent pour eux \u00ab la police des d\u00e9bineurs \u00bb, des l\u00e2ches rest\u00e9s \u00e0 l&rsquo;arri\u00e8re. Invisibles aux yeux des troupes, ils sont pourtant bien pr\u00e9sents dans les tranch\u00e9es, mais peu nombreux, leurs effectifs d\u00e9j\u00e0 limit\u00e9s \u00e9tant accapar\u00e9s par les multiples missions de l&rsquo;int\u00e9rieur, indispensables \u00e0 la survie de l&rsquo;arm\u00e9e comme \u00e0 celle des civils.<br \/>\nD\u00e9terminante pour l&rsquo;avenir de l&rsquo;institution, la guerre d&rsquo;usure change le regard port\u00e9 sur la gendarmerie dont le r\u00f4le est devenu \u00e0 la fois protecteur et r\u00e9pressif. Expos\u00e9e au m\u00e9pris des soldats en permission, elle subit \u00e9galement la transformation chaotique mais d\u00e9cisive de son institution, au gr\u00e9 des crises internes et des r\u00e9formes. Lorsque la Grande Guerre prend fin, le gendarme a gagn\u00e9 en autonomie, mais doit faire face \u00e0 une impopularit\u00e9 certaine.<br \/>\n<strong>Gr\u00e2ce \u00e0 des recherches approfondies et \u00e0 une analyse \u00e0 la fois historique et sociologique, Louis N. Panel nous plonge dans le quotidien des gendarmes, mettant en lumi\u00e8re le travail et les conditions de vie de ces oubli\u00e9s de la Grande Guerre<\/strong>.<br \/>\nAncien officier de gendarmerie, Louis N. Panel est docteur en histoire et conservateur des Monuments historiques. Sa th\u00e8se, dont ce livre est issu, a re\u00e7u le Prix des experts 2011. Il est \u00e9galement l&rsquo;auteur de Gendarmerie et contre-espionnage (Service historique de la D\u00e9fense, 2004) et de nombreux travaux sur la Premi\u00e8re Guerre mondiale.<\/p>\n<p>2\u00e8me Prix ex aequo :<strong> <em>\u00ab Histoire de la Cavalerie \u00bb<\/em><\/strong> de Fr\u00e9d\u00e9ric CHAUVIRE est une premi\u00e8re <strong>parution tr\u00e8s compl\u00e8te<\/strong> sur la cavalerie avant sa p\u00e9riode Arme Blind\u00e9e Cavalerie. Il revient notamment sur l\u2019<strong>importance de la m\u00eal\u00e9e<\/strong> de cavalerie.<br \/>\nLa cavalerie, d&rsquo;essence chevaleresque, est l&rsquo;arme \u00e0 la fois la plus prestigieuse et la plus propice au d\u00e9ploiement des mythologies guerri\u00e8res : que l&rsquo;on songe aux chevaliers de Fran\u00e7ois Ier \u00e0 Marignan, au panache blanc d&rsquo;Henri IV \u00e0 Ivry ou \u00e0 la charge des dix mille cavaliers de Mur\u00e2t \u00e0 Eylau. Sa geste occupe ainsi une place consid\u00e9rable dans l&rsquo;histoire, une place \u00e0 la hauteur des malentendus qu&rsquo;elle suscite et qui oscille entre une sur\u00e9valuation manifeste de son action et une tendance \u00e0 minorer sa capacit\u00e9 \u00e0 peser dans les combats.<br \/>\n<strong>D\u00e9m\u00ealant l&rsquo;\u00e9cheveau des repr\u00e9sentations et des imaginations, Fr\u00e9d\u00e9ric Chauvir\u00e9 raconte la longue \u00e9volution du couple homme\/cheval dans la guerre. Il nous entra\u00eene au coeur de la m\u00eal\u00e9e en expliquant ce moment paroxystique des batailles qu&rsquo;est la charge et donne \u00e0 comprendre le r\u00f4le effectivement jou\u00e9 par la cavalerie, de l&rsquo;Antiquit\u00e9 \u00e0 la Premi\u00e8re Guerre mondiale.<\/strong> A travers le r\u00e9cit vivant des plus grandes charges, il remet en cause l&rsquo;image d&rsquo;une arme archa\u00efque, que l&rsquo;\u00e9volution de l&rsquo;art militaire \u2013 et notamment l&rsquo;introduction du feu \u2013 aurait rel\u00e9gu\u00e9e dans une position secondaire. Un livre fondateur et passionnant.<br \/>\nDocteur en histoire, sp\u00e9cialiste de la guerre et de la cavalerie \u00e0 l&rsquo;\u00e9poque moderne, Fr\u00e9d\u00e9ric Chauvir\u00e9 est charg\u00e9 de cours \u00e0 l&rsquo;universit\u00e9 de Rennes 2. Il a notamment publi\u00e9 Bayard, chevalier ou cavalier ? Le combat de cavalerie sous la Renaissance.<br \/>\n\u00ab Le livre que propose Fr\u00e9d\u00e9ric Chauvir\u00e9 est un beau livre. Mieux : c&rsquo;est un livre qui sera lu. \u00bb Jean-Pierre Bois<\/p>\n<p>2\u00e8me Prix ex aequo: <strong><em>\u00ab L\u2019a\u00e9ronautique militaire fran\u00e7aise : Outre-Mer, 1911-1939 \u00bb<\/em><\/strong> de Jean-Baptiste MANCHON<br \/>\nDurant les derni\u00e8res ann\u00e9es de la Belle Epoque, alors m\u00eame que l\u2019aviation militaire n\u2019en \u00e9tait qu\u2019\u00e0 ses d\u00e9buts en France, plusieurs territoires de l\u2019Empire connurent des essais d\u2019implantation a\u00e9ronautique. Parfois infructueux, ils montrent cependant l\u2019engouement g\u00e9n\u00e9ralis\u00e9 que suscita alors l\u2019apparition de l\u2019a\u00e9roplane. Ces t\u00e2tonnements amen\u00e8rent la cr\u00e9ation d\u2019une aviation coloniale militaire en Afrique du Nord, mais le d\u00e9clenchement de la Grande Guerre mit fin \u00e0 l\u2019exp\u00e9rience. La r\u00e9apparition de l\u2019aviation dans l\u2019Empire r\u00e9sultat du d\u00e9veloppement des fronts p\u00e9riph\u00e9riques \u00e0 partir de 1916. Avec le retour \u00e0 la paix, puis l\u2019extension de l\u2019a\u00e9ronautique d\u00e9ploy\u00e9e outre-mer durant l\u2019entre-deux-guerres, se constitua une v\u00e9ritable aviation aux colonies, d\u00e9volue \u00e0 l\u2019am\u00e9nagement et au contr\u00f4le des territoires de l\u2019Empire. Toutefois, la mont\u00e9e des p\u00e9rils en Europe et Extr\u00eame-Orient dans la seconde moiti\u00e9 des ann\u00e9es 1930, amena l\u2019a\u00e9ronautique fran\u00e7aise d\u00e9ploy\u00e9e outre-mer \u00e0 \u00e9voluer pour devenir un v\u00e9ritable outil de d\u00e9fense, c\u2019est-\u00e0-dire une aviation imp\u00e9riale.<\/p>\n","protected":false},"excerpt":{"rendered":"<p>Ces r\u00e9compenses ont \u00e9t\u00e9 d\u00e9cern\u00e9es le 9 novembre 2013 \u00e0 Verdun par Lyne ROUSSEAU, Pr\u00e9sidente de l\u2019association \u00ab 14-18 Meuse \u00bb et G\u00e9rard LONGUET, Pr\u00e9sident du Centre Mondial de la Paix, des libert\u00e9s et des droits de l\u2019Homme. Ces choix ont \u00e9t\u00e9 exprim\u00e9s par le jury d\u2019historiens pr\u00e9sid\u00e9 par Jean-Pierre  [&#8230;]<\/p>\n","protected":false},"author":1,"featured_media":3633,"comment_status":"closed","ping_status":"closed","sticky":false,"template":"","format":"standard","meta":{"ngg_post_thumbnail":0,"footnotes":""},"categories":[35],"tags":[],"class_list":["post-5650","post","type-post","status-publish","format-standard","has-post-thumbnail","hentry","category-salon-du-livre-dhistoire"],"_links":{"self":[{"href":"https:\/\/cmpaix.eu\/fr\/wp-json\/wp\/v2\/posts\/5650","targetHints":{"allow":["GET"]}}],"collection":[{"href":"https:\/\/cmpaix.eu\/fr\/wp-json\/wp\/v2\/posts"}],"about":[{"href":"https:\/\/cmpaix.eu\/fr\/wp-json\/wp\/v2\/types\/post"}],"author":[{"embeddable":true,"href":"https:\/\/cmpaix.eu\/fr\/wp-json\/wp\/v2\/users\/1"}],"replies":[{"embeddable":true,"href":"https:\/\/cmpaix.eu\/fr\/wp-json\/wp\/v2\/comments?post=5650"}],"version-history":[{"count":8,"href":"https:\/\/cmpaix.eu\/fr\/wp-json\/wp\/v2\/posts\/5650\/revisions"}],"predecessor-version":[{"id":10244,"href":"https:\/\/cmpaix.eu\/fr\/wp-json\/wp\/v2\/posts\/5650\/revisions\/10244"}],"wp:featuredmedia":[{"embeddable":true,"href":"https:\/\/cmpaix.eu\/fr\/wp-json\/wp\/v2\/media\/3633"}],"wp:attachment":[{"href":"https:\/\/cmpaix.eu\/fr\/wp-json\/wp\/v2\/media?parent=5650"}],"wp:term":[{"taxonomy":"category","embeddable":true,"href":"https:\/\/cmpaix.eu\/fr\/wp-json\/wp\/v2\/categories?post=5650"},{"taxonomy":"post_tag","embeddable":true,"href":"https:\/\/cmpaix.eu\/fr\/wp-json\/wp\/v2\/tags?post=5650"}],"curies":[{"name":"wp","href":"https:\/\/api.w.org\/{rel}","templated":true}]}}