{"id":5866,"date":"2014-04-03T14:58:10","date_gmt":"2014-04-03T12:58:10","guid":{"rendered":"http:\/\/cmpaix.eu\/fr\/?p=5866"},"modified":"2021-09-29T17:06:18","modified_gmt":"2021-09-29T15:06:18","slug":"collection-dobjets-souvenir-made-in-meuse","status":"publish","type":"post","link":"https:\/\/cmpaix.eu\/fr\/collection-dobjets-souvenir-made-in-meuse\/","title":{"rendered":"Collection d\u2019objets souvenir \u00ab Made in Meuse \u00bb"},"content":{"rendered":"<p>Pr\u00e9sentation officielle d\u2019une <strong>collection d\u2019objets souvenir \u00ab Made in Meuse \u00bb<\/strong> d\u00e9velopp\u00e9s \u00e0 l\u2019occasion du Centenaire de la Grande Guerre par le Centre Social et Culturel de Stenay.<\/p>\n<p>Le <strong>4 avril 2014 \u00e0 15<\/strong>h aura lieu la pr\u00e9sentation officielle des premiers objets du centenaire fabriqu\u00e9s \u00e0 Stenay dans les ateliers Etoffe Meuse du Centre Social et Culturel du canton de Stenay.<\/p>\n<p>En vedette, la <strong>MUSETTE DU SOLDAT<\/strong> est <strong>un objet num\u00e9rot\u00e9 et limit\u00e9 \u00e0 1914 exemplaires<\/strong>. La conception et la r\u00e9alisation  de cet objet reposent sur l\u2019\u00e9tude des musettes utilis\u00e9es durant la Grande Guerre. Sa fabrication 100% Meuse est r\u00e9alis\u00e9e par des personnes en insertion et\/ou des personnes handicap\u00e9es au sein du Centre Social et Culturel du canton de Stenay. Le projet s\u2019ouvrira \u00e0 d\u2019autres structures d\u2019insertion du d\u00e9partement en fonction de l\u2019arriv\u00e9e des commandes.<\/p>\n<p>D\u2019autres objets (\u0153illets fran\u00e7ais et allemands, cocardes, kits de cr\u00e9ation pour enfants \u00ab Porte bonheur du poilu \u00bb) sont \u00e9galement confectionn\u00e9s. Ils seront compl\u00e9t\u00e9s par plusieurs autres en phase de conception. Ces  objets sont destin\u00e9s aux acteurs touristiques impliqu\u00e9s dans les \u00e9v\u00e9nements de la comm\u00e9moration du Centenaire de la Grande Guerre en Meuse.<br \/>\nAu cours de cette pr\u00e9sentation officielle, la premi\u00e8re s\u00e9rie d\u2019objets num\u00e9rot\u00e9s sera remise au Centre Mondial de la Paix, des libert\u00e9s et des droits de l\u2019Homme \u00e0 VERDUN, qui les proposera \u00e0 la vente, d\u00e8s le lendemain le 5 avril prochain. <\/p>\n<p>La musette n\u00b0 1 sera en vitrine !<\/p>\n","protected":false},"excerpt":{"rendered":"<p>Pr\u00e9sentation officielle d\u2019une collection d\u2019objets souvenir \u00ab Made in Meuse \u00bb d\u00e9velopp\u00e9s \u00e0 l\u2019occasion du Centenaire de la Grande Guerre par le Centre Social et Culturel de Stenay. Le 4 avril 2014 \u00e0 15h aura lieu la pr\u00e9sentation officielle des premiers objets du centenaire fabriqu\u00e9s \u00e0 Stenay dans les ateliers  [&#8230;]<\/p>\n","protected":false},"author":1,"featured_media":0,"comment_status":"closed","ping_status":"closed","sticky":false,"template":"","format":"standard","meta":{"ngg_post_thumbnail":0,"footnotes":""},"categories":[41,37],"tags":[],"class_list":["post-5866","post","type-post","status-publish","format-standard","hentry","category-centenaire","category-divers"],"_links":{"self":[{"href":"https:\/\/cmpaix.eu\/fr\/wp-json\/wp\/v2\/posts\/5866","targetHints":{"allow":["GET"]}}],"collection":[{"href":"https:\/\/cmpaix.eu\/fr\/wp-json\/wp\/v2\/posts"}],"about":[{"href":"https:\/\/cmpaix.eu\/fr\/wp-json\/wp\/v2\/types\/post"}],"author":[{"embeddable":true,"href":"https:\/\/cmpaix.eu\/fr\/wp-json\/wp\/v2\/users\/1"}],"replies":[{"embeddable":true,"href":"https:\/\/cmpaix.eu\/fr\/wp-json\/wp\/v2\/comments?post=5866"}],"version-history":[{"count":1,"href":"https:\/\/cmpaix.eu\/fr\/wp-json\/wp\/v2\/posts\/5866\/revisions"}],"predecessor-version":[{"id":5867,"href":"https:\/\/cmpaix.eu\/fr\/wp-json\/wp\/v2\/posts\/5866\/revisions\/5867"}],"wp:attachment":[{"href":"https:\/\/cmpaix.eu\/fr\/wp-json\/wp\/v2\/media?parent=5866"}],"wp:term":[{"taxonomy":"category","embeddable":true,"href":"https:\/\/cmpaix.eu\/fr\/wp-json\/wp\/v2\/categories?post=5866"},{"taxonomy":"post_tag","embeddable":true,"href":"https:\/\/cmpaix.eu\/fr\/wp-json\/wp\/v2\/tags?post=5866"}],"curies":[{"name":"wp","href":"https:\/\/api.w.org\/{rel}","templated":true}]}}