{"id":5958,"date":"2014-06-10T12:30:26","date_gmt":"2014-06-10T10:30:26","guid":{"rendered":"http:\/\/cmpaix.eu\/fr\/?p=5958"},"modified":"2021-09-29T17:06:15","modified_gmt":"2021-09-29T15:06:15","slug":"journee-academique-de-commemoration-de-la-premiere-guerre-mondiale","status":"publish","type":"post","link":"https:\/\/cmpaix.eu\/fr\/journee-academique-de-commemoration-de-la-premiere-guerre-mondiale\/","title":{"rendered":"Journ\u00e9e acad\u00e9mique de comm\u00e9moration de la Premi\u00e8re Guerre mondiale"},"content":{"rendered":"<p>Journ\u00e9e acad\u00e9mique de comm\u00e9moration de la Premi\u00e8re Guerre mondiale, Mercredi 11 juin 2014 \u00e0 14h au Centre mondial de la Paix, des Libert\u00e9s et des Droits de l\u2019Homme<\/p>\n<p>Labellis\u00e9 au niveau national par la Mission du centenaire, le projet acad\u00e9mique de comm\u00e9moration de la Premi\u00e8re Guerre mondiale intitul\u00e9 : \u00ab La guerre d\u2019il y a cent ans : traces, m\u00e9moires, fronti\u00e8res \u00bb a vocation \u00e0 englober et f\u00e9d\u00e9rer toutes les initiatives p\u00e9dagogiques se d\u00e9roulant dans l\u2019acad\u00e9mie.<br \/>\nDu lancement des comm\u00e9morations avec l\u2019avant-premi\u00e8re du documentaire \u00ab On a retrouv\u00e9 le soldat Borical \u00bb en septembre dernier, \u00e0 la r\u00e9alisation du film tourn\u00e9 par des \u00e9tudiants et d\u00e9di\u00e9 aux actions p\u00e9dagogiques dans l\u2019acad\u00e9mie, le Centenaire a mobilis\u00e9 120 \u00e9tablissements dans des projets pluridisciplinaires durant toute l\u2019ann\u00e9e scolaire. <\/p>\n<p>Territoire fronti\u00e8re, l\u2019acad\u00e9mie de Nancy-Metz a souhait\u00e9 construire la comm\u00e9moration de la Premi\u00e8re Guerre mondiale avec la r\u00e9gion sarroise. C\u2019est dans cet esprit que la journ\u00e9e acad\u00e9mique du 11 juin 2014, temps fort de la comm\u00e9moration, a \u00e9t\u00e9 pens\u00e9e.<br \/>\nPour l\u2019occasion, pr\u00e8s de 1000 \u00e9l\u00e8ves de Lorraine et de Sarre seront r\u00e9unis afin de rendre hommage aux soldats fran\u00e7ais et allemands morts pendant la guerre, de c\u00e9l\u00e9brer la r\u00e9conciliation franco-allemande et de manifester la volont\u00e9 de construire un avenir commun.<br \/>\nEn pr\u00e9sence de Gilles P\u00e9cout, Recteur de l\u2019acad\u00e9mie de Nancy-Metz, Chancelier des universit\u00e9s de Lorraine, G\u00e9rard Longuet, S\u00e9nateur de la Meuse et Pr\u00e9sident du Centre mondial de la Paix, et Ulrich Commer\u00e7on, Ministre de l\u2019Education et de la Culture du Land de Sarre, nous vous invitons \u00e0 participer \u00e0 la c\u00e9r\u00e9monie officielle franco-sarroise de comm\u00e9moration de la Premi\u00e8re Guerre mondiale.<\/p>\n<div class=\"fusion-fullwidth fullwidth-box fusion-builder-row-1 hundred-percent-fullwidth non-hundred-percent-height-scrolling\" style=\"--awb-border-radius-top-left:0px;--awb-border-radius-top-right:0px;--awb-border-radius-bottom-right:0px;--awb-border-radius-bottom-left:0px;--awb-overflow:visible;--awb-flex-wrap:wrap;\" ><div class=\"fusion-builder-row fusion-row\"><div class=\"fusion-layout-column fusion_builder_column fusion-builder-column-0 fusion_builder_column_1_1 1_1 fusion-one-full fusion-column-first fusion-column-last fusion-column-no-min-height\" style=\"--awb-bg-size:cover;--awb-margin-bottom:0px;\"><div class=\"fusion-column-wrapper fusion-flex-column-wrapper-legacy\">ngg_shortcode_0_placeholder\n<div class=\"fusion-clearfix\"><\/div><\/div><\/div><\/div><\/div>\n","protected":false},"excerpt":{"rendered":"<p>Journ\u00e9e acad\u00e9mique de comm\u00e9moration de la Premi\u00e8re Guerre mondiale, Mercredi 11 juin 2014 \u00e0 14h au Centre mondial de la Paix, des Libert\u00e9s et des Droits de l\u2019Homme Labellis\u00e9 au niveau national par la Mission du centenaire, le projet acad\u00e9mique de comm\u00e9moration de la Premi\u00e8re Guerre mondiale intitul\u00e9 : \u00ab  [&#8230;]<\/p>\n","protected":false},"author":1,"featured_media":0,"comment_status":"closed","ping_status":"closed","sticky":false,"template":"","format":"standard","meta":{"ngg_post_thumbnail":0,"footnotes":""},"categories":[41,37],"tags":[],"class_list":["post-5958","post","type-post","status-publish","format-standard","hentry","category-centenaire","category-divers"],"_links":{"self":[{"href":"https:\/\/cmpaix.eu\/fr\/wp-json\/wp\/v2\/posts\/5958","targetHints":{"allow":["GET"]}}],"collection":[{"href":"https:\/\/cmpaix.eu\/fr\/wp-json\/wp\/v2\/posts"}],"about":[{"href":"https:\/\/cmpaix.eu\/fr\/wp-json\/wp\/v2\/types\/post"}],"author":[{"embeddable":true,"href":"https:\/\/cmpaix.eu\/fr\/wp-json\/wp\/v2\/users\/1"}],"replies":[{"embeddable":true,"href":"https:\/\/cmpaix.eu\/fr\/wp-json\/wp\/v2\/comments?post=5958"}],"version-history":[{"count":4,"href":"https:\/\/cmpaix.eu\/fr\/wp-json\/wp\/v2\/posts\/5958\/revisions"}],"predecessor-version":[{"id":10232,"href":"https:\/\/cmpaix.eu\/fr\/wp-json\/wp\/v2\/posts\/5958\/revisions\/10232"}],"wp:attachment":[{"href":"https:\/\/cmpaix.eu\/fr\/wp-json\/wp\/v2\/media?parent=5958"}],"wp:term":[{"taxonomy":"category","embeddable":true,"href":"https:\/\/cmpaix.eu\/fr\/wp-json\/wp\/v2\/categories?post=5958"},{"taxonomy":"post_tag","embeddable":true,"href":"https:\/\/cmpaix.eu\/fr\/wp-json\/wp\/v2\/tags?post=5958"}],"curies":[{"name":"wp","href":"https:\/\/api.w.org\/{rel}","templated":true}]}}