{"id":5960,"date":"2014-06-15T17:08:53","date_gmt":"2014-06-15T15:08:53","guid":{"rendered":"http:\/\/cmpaix.eu\/fr\/?p=5960"},"modified":"2014-06-19T08:36:19","modified_gmt":"2014-06-19T06:36:19","slug":"conference-maurice-genevoix-temoin-de-la-grande-guerre","status":"publish","type":"post","link":"https:\/\/cmpaix.eu\/fr\/conference-maurice-genevoix-temoin-de-la-grande-guerre\/","title":{"rendered":"Conf\u00e9rence &#8211; Maurice Genevoix, t\u00e9moin de la Grande Guerre"},"content":{"rendered":"<p>Dans le cadre des 4 jours de Verdun, la Mission Histoire du Conseil G\u00e9n\u00e9ral de la Meuse vous invite \u00e0 conf\u00e9rence de Monsieur Michel Bernard (sous-pr\u00e9fet de Reims) et Madame Liliane Beauquel jeudi 19 juin \u00e0 17h dans la salle vo\u00fbt\u00e9e du Centre Mondial de la Paix, sur le th\u00e8me \u00ab\u00a0Maurice Genevoix, t\u00e9moin de la Grande Guerre\u00a0\u00bb.<\/p>\n","protected":false},"excerpt":{"rendered":"<p>Dans le cadre des 4 jours de Verdun, la Mission Histoire du Conseil G\u00e9n\u00e9ral de la Meuse vous invite \u00e0 conf\u00e9rence de Monsieur Michel Bernard (sous-pr\u00e9fet de Reims) et Madame Liliane Beauquel jeudi 19 juin \u00e0 17h dans la salle vo\u00fbt\u00e9e du Centre Mondial de la Paix, sur le th\u00e8me  [&#8230;]<\/p>\n","protected":false},"author":1,"featured_media":0,"comment_status":"closed","ping_status":"closed","sticky":false,"template":"","format":"standard","meta":{"ngg_post_thumbnail":0,"footnotes":""},"categories":[41,30],"tags":[],"class_list":["post-5960","post","type-post","status-publish","format-standard","hentry","category-centenaire","category-conferences"],"_links":{"self":[{"href":"https:\/\/cmpaix.eu\/fr\/wp-json\/wp\/v2\/posts\/5960","targetHints":{"allow":["GET"]}}],"collection":[{"href":"https:\/\/cmpaix.eu\/fr\/wp-json\/wp\/v2\/posts"}],"about":[{"href":"https:\/\/cmpaix.eu\/fr\/wp-json\/wp\/v2\/types\/post"}],"author":[{"embeddable":true,"href":"https:\/\/cmpaix.eu\/fr\/wp-json\/wp\/v2\/users\/1"}],"replies":[{"embeddable":true,"href":"https:\/\/cmpaix.eu\/fr\/wp-json\/wp\/v2\/comments?post=5960"}],"version-history":[{"count":2,"href":"https:\/\/cmpaix.eu\/fr\/wp-json\/wp\/v2\/posts\/5960\/revisions"}],"predecessor-version":[{"id":5983,"href":"https:\/\/cmpaix.eu\/fr\/wp-json\/wp\/v2\/posts\/5960\/revisions\/5983"}],"wp:attachment":[{"href":"https:\/\/cmpaix.eu\/fr\/wp-json\/wp\/v2\/media?parent=5960"}],"wp:term":[{"taxonomy":"category","embeddable":true,"href":"https:\/\/cmpaix.eu\/fr\/wp-json\/wp\/v2\/categories?post=5960"},{"taxonomy":"post_tag","embeddable":true,"href":"https:\/\/cmpaix.eu\/fr\/wp-json\/wp\/v2\/tags?post=5960"}],"curies":[{"name":"wp","href":"https:\/\/api.w.org\/{rel}","templated":true}]}}