{"id":5968,"date":"2014-06-11T17:29:10","date_gmt":"2014-06-11T15:29:10","guid":{"rendered":"http:\/\/cmpaix.eu\/fr\/?p=5968"},"modified":"2014-06-15T17:30:31","modified_gmt":"2014-06-15T15:30:31","slug":"600-choristes-collegiens-chantent-lamitie-franco-allemande","status":"publish","type":"post","link":"https:\/\/cmpaix.eu\/fr\/600-choristes-collegiens-chantent-lamitie-franco-allemande\/","title":{"rendered":"600 choristes coll\u00e9giens chantent l\u2019amiti\u00e9 franco-allemande"},"content":{"rendered":"<p>600 choristes coll\u00e9giens chantent l\u2019amiti\u00e9 franco-allemande<br \/>\nIls ont r\u00e9p\u00e9t\u00e9 toute l\u2019ann\u00e9e dans leurs coll\u00e8ges et viendront se produire au Centre Mondial de la Paix pour un grand concert d\u00e9di\u00e9 \u00e0 l\u2019amiti\u00e9 franco-allemande vendredi 13 juin \u00e0 18h dans la cour.<\/p>\nngg_shortcode_0_placeholder\n","protected":false},"excerpt":{"rendered":"<p>600 choristes coll\u00e9giens chantent l\u2019amiti\u00e9 franco-allemande Ils ont r\u00e9p\u00e9t\u00e9 toute l\u2019ann\u00e9e dans leurs coll\u00e8ges et viendront se produire au Centre Mondial de la Paix pour un grand concert d\u00e9di\u00e9 \u00e0 l\u2019amiti\u00e9 franco-allemande vendredi 13 juin \u00e0 18h dans la cour.<\/p>\n","protected":false},"author":1,"featured_media":0,"comment_status":"closed","ping_status":"closed","sticky":false,"template":"","format":"standard","meta":{"ngg_post_thumbnail":0,"footnotes":""},"categories":[41,33],"tags":[],"class_list":["post-5968","post","type-post","status-publish","format-standard","hentry","category-centenaire","category-concerts"],"_links":{"self":[{"href":"https:\/\/cmpaix.eu\/fr\/wp-json\/wp\/v2\/posts\/5968","targetHints":{"allow":["GET"]}}],"collection":[{"href":"https:\/\/cmpaix.eu\/fr\/wp-json\/wp\/v2\/posts"}],"about":[{"href":"https:\/\/cmpaix.eu\/fr\/wp-json\/wp\/v2\/types\/post"}],"author":[{"embeddable":true,"href":"https:\/\/cmpaix.eu\/fr\/wp-json\/wp\/v2\/users\/1"}],"replies":[{"embeddable":true,"href":"https:\/\/cmpaix.eu\/fr\/wp-json\/wp\/v2\/comments?post=5968"}],"version-history":[{"count":3,"href":"https:\/\/cmpaix.eu\/fr\/wp-json\/wp\/v2\/posts\/5968\/revisions"}],"predecessor-version":[{"id":5971,"href":"https:\/\/cmpaix.eu\/fr\/wp-json\/wp\/v2\/posts\/5968\/revisions\/5971"}],"wp:attachment":[{"href":"https:\/\/cmpaix.eu\/fr\/wp-json\/wp\/v2\/media?parent=5968"}],"wp:term":[{"taxonomy":"category","embeddable":true,"href":"https:\/\/cmpaix.eu\/fr\/wp-json\/wp\/v2\/categories?post=5968"},{"taxonomy":"post_tag","embeddable":true,"href":"https:\/\/cmpaix.eu\/fr\/wp-json\/wp\/v2\/tags?post=5968"}],"curies":[{"name":"wp","href":"https:\/\/api.w.org\/{rel}","templated":true}]}}