{"id":5985,"date":"2014-06-30T16:41:29","date_gmt":"2014-06-30T14:41:29","guid":{"rendered":"http:\/\/cmpaix.eu\/fr\/?p=5985"},"modified":"2014-06-30T16:41:46","modified_gmt":"2014-06-30T14:41:46","slug":"conference-avec-maurice-genevoix-sous-verdun-aout-septembre-1914","status":"publish","type":"post","link":"https:\/\/cmpaix.eu\/fr\/conference-avec-maurice-genevoix-sous-verdun-aout-septembre-1914\/","title":{"rendered":"Conf\u00e9rence &#8211; Avec Maurice Genevoix, sous Verdun, ao\u00fbt-septembre 1914"},"content":{"rendered":"<p>L\u2019Association Nationale du Souvenir de la Bataille de Verdun  vous propose une conf\u00e9rence donn\u00e9e par le Professeur Jean Lanher intitul\u00e9e \u00ab Avec Maurice Genevoix, sous Verdun, ao\u00fbt-septembre 1914 : paysages, relief et routes, travaux et gens de Meuse\u00a0\u00bb le 11 juillet \u00e0 16h30 au Centre Mondial de la Paix.<\/p>\n","protected":false},"excerpt":{"rendered":"<p>L\u2019Association Nationale du Souvenir de la Bataille de Verdun vous propose une conf\u00e9rence donn\u00e9e par le Professeur Jean Lanher intitul\u00e9e \u00ab Avec Maurice Genevoix, sous Verdun, ao\u00fbt-septembre 1914 : paysages, relief et routes, travaux et gens de Meuse\u00a0\u00bb le 11 juillet \u00e0 16h30 au Centre Mondial de la Paix.<\/p>\n","protected":false},"author":1,"featured_media":0,"comment_status":"closed","ping_status":"closed","sticky":false,"template":"","format":"standard","meta":{"ngg_post_thumbnail":0,"footnotes":""},"categories":[41,30],"tags":[],"class_list":["post-5985","post","type-post","status-publish","format-standard","hentry","category-centenaire","category-conferences"],"_links":{"self":[{"href":"https:\/\/cmpaix.eu\/fr\/wp-json\/wp\/v2\/posts\/5985","targetHints":{"allow":["GET"]}}],"collection":[{"href":"https:\/\/cmpaix.eu\/fr\/wp-json\/wp\/v2\/posts"}],"about":[{"href":"https:\/\/cmpaix.eu\/fr\/wp-json\/wp\/v2\/types\/post"}],"author":[{"embeddable":true,"href":"https:\/\/cmpaix.eu\/fr\/wp-json\/wp\/v2\/users\/1"}],"replies":[{"embeddable":true,"href":"https:\/\/cmpaix.eu\/fr\/wp-json\/wp\/v2\/comments?post=5985"}],"version-history":[{"count":2,"href":"https:\/\/cmpaix.eu\/fr\/wp-json\/wp\/v2\/posts\/5985\/revisions"}],"predecessor-version":[{"id":5987,"href":"https:\/\/cmpaix.eu\/fr\/wp-json\/wp\/v2\/posts\/5985\/revisions\/5987"}],"wp:attachment":[{"href":"https:\/\/cmpaix.eu\/fr\/wp-json\/wp\/v2\/media?parent=5985"}],"wp:term":[{"taxonomy":"category","embeddable":true,"href":"https:\/\/cmpaix.eu\/fr\/wp-json\/wp\/v2\/categories?post=5985"},{"taxonomy":"post_tag","embeddable":true,"href":"https:\/\/cmpaix.eu\/fr\/wp-json\/wp\/v2\/tags?post=5985"}],"curies":[{"name":"wp","href":"https:\/\/api.w.org\/{rel}","templated":true}]}}