{"id":6089,"date":"2014-09-27T10:48:45","date_gmt":"2014-09-27T08:48:45","guid":{"rendered":"http:\/\/cmpaix.eu\/fr\/?p=6089"},"modified":"2021-09-29T17:06:15","modified_gmt":"2021-09-29T15:06:15","slug":"conference-les-animaux-en-meuse-pendant-la-grande-guerre","status":"publish","type":"post","link":"https:\/\/cmpaix.eu\/fr\/conference-les-animaux-en-meuse-pendant-la-grande-guerre\/","title":{"rendered":"Conf\u00e9rence &#8211; Les animaux en Meuse pendant la Grande Guerre"},"content":{"rendered":"<p>Conf\u00e9rence organis\u00e9e par l\u2019association \u00ab 14-18 Meuse \u00bb sur le th\u00e8me \u00ab Les animaux en Meuse pendant la Grande Guerre \u00bb anim\u00e9e par Jean-Fran\u00e7ois SAINT-BASTIEN, Soci\u00e9t\u00e9 d\u2019Etudes Ardennaises, vendredi 3 octobre 2014 \u00e0 20h au Centre Mondial de la Paix.<\/p>\n<p><a href=\"http:\/\/cmpaix.eu\/fr\/wp-content\/uploads\/2014\/09\/cycle1418.jpg\"><img decoding=\"async\" src=\"http:\/\/cmpaix.eu\/fr\/wp-content\/uploads\/2014\/09\/cycle1418.jpg\" data-orig-src=\"http:\/\/cmpaix.eu\/fr\/wp-content\/uploads\/2014\/09\/cycle1418.jpg\" alt=\"cycle1418.indd\" width=\"389\" height=\"591\" class=\"lazyload aligncenter size-full wp-image-6091\" srcset=\"data:image\/svg+xml,%3Csvg%20xmlns%3D%27http%3A%2F%2Fwww.w3.org%2F2000%2Fsvg%27%20width%3D%27389%27%20height%3D%27591%27%20viewBox%3D%270%200%20389%20591%27%3E%3Crect%20width%3D%27389%27%20height%3D%27591%27%20fill-opacity%3D%220%22%2F%3E%3C%2Fsvg%3E\" data-srcset=\"https:\/\/cmpaix.eu\/fr\/wp-content\/uploads\/2014\/09\/cycle1418-197x300.jpg 197w, https:\/\/cmpaix.eu\/fr\/wp-content\/uploads\/2014\/09\/cycle1418-300x456.jpg 300w, https:\/\/cmpaix.eu\/fr\/wp-content\/uploads\/2014\/09\/cycle1418.jpg 389w\" data-sizes=\"auto\" data-orig-sizes=\"(max-width: 389px) 100vw, 389px\" \/><\/a><\/p>\n","protected":false},"excerpt":{"rendered":"<p>Conf\u00e9rence organis\u00e9e par l\u2019association \u00ab 14-18 Meuse \u00bb sur le th\u00e8me \u00ab Les animaux en Meuse pendant la Grande Guerre \u00bb anim\u00e9e par Jean-Fran\u00e7ois SAINT-BASTIEN, Soci\u00e9t\u00e9 d\u2019Etudes Ardennaises, vendredi 3 octobre 2014 \u00e0 20h au Centre Mondial de la Paix.<\/p>\n","protected":false},"author":1,"featured_media":6090,"comment_status":"closed","ping_status":"closed","sticky":false,"template":"","format":"standard","meta":{"ngg_post_thumbnail":0,"footnotes":""},"categories":[41,30],"tags":[],"class_list":["post-6089","post","type-post","status-publish","format-standard","has-post-thumbnail","hentry","category-centenaire","category-conferences"],"_links":{"self":[{"href":"https:\/\/cmpaix.eu\/fr\/wp-json\/wp\/v2\/posts\/6089","targetHints":{"allow":["GET"]}}],"collection":[{"href":"https:\/\/cmpaix.eu\/fr\/wp-json\/wp\/v2\/posts"}],"about":[{"href":"https:\/\/cmpaix.eu\/fr\/wp-json\/wp\/v2\/types\/post"}],"author":[{"embeddable":true,"href":"https:\/\/cmpaix.eu\/fr\/wp-json\/wp\/v2\/users\/1"}],"replies":[{"embeddable":true,"href":"https:\/\/cmpaix.eu\/fr\/wp-json\/wp\/v2\/comments?post=6089"}],"version-history":[{"count":3,"href":"https:\/\/cmpaix.eu\/fr\/wp-json\/wp\/v2\/posts\/6089\/revisions"}],"predecessor-version":[{"id":6136,"href":"https:\/\/cmpaix.eu\/fr\/wp-json\/wp\/v2\/posts\/6089\/revisions\/6136"}],"wp:featuredmedia":[{"embeddable":true,"href":"https:\/\/cmpaix.eu\/fr\/wp-json\/wp\/v2\/media\/6090"}],"wp:attachment":[{"href":"https:\/\/cmpaix.eu\/fr\/wp-json\/wp\/v2\/media?parent=6089"}],"wp:term":[{"taxonomy":"category","embeddable":true,"href":"https:\/\/cmpaix.eu\/fr\/wp-json\/wp\/v2\/categories?post=6089"},{"taxonomy":"post_tag","embeddable":true,"href":"https:\/\/cmpaix.eu\/fr\/wp-json\/wp\/v2\/tags?post=6089"}],"curies":[{"name":"wp","href":"https:\/\/api.w.org\/{rel}","templated":true}]}}