{"id":6160,"date":"2014-10-07T15:56:09","date_gmt":"2014-10-07T13:56:09","guid":{"rendered":"http:\/\/cmpaix.eu\/fr\/?p=6160"},"modified":"2014-10-31T20:51:31","modified_gmt":"2014-10-31T18:51:31","slug":"les-radioamateurs-celebrent-le-centenaire-de-la-grande-guerre-au-centre-mondial-de-la-paix","status":"publish","type":"post","link":"https:\/\/cmpaix.eu\/fr\/les-radioamateurs-celebrent-le-centenaire-de-la-grande-guerre-au-centre-mondial-de-la-paix\/","title":{"rendered":"Les radioamateurs c\u00e9l\u00e8brent le Centenaire de la grande Guerre au Centre Mondial  de la Paix"},"content":{"rendered":"<p>Le Centre Mondial de la Paix, des libert\u00e9s et des droits de l&rsquo;Homme accueille dimanche 19 octobre 2014 de 10h00 \u00e0 18h00, une \u00e9quipe de radioamateurs qui organise une \u00e9mission destin\u00e9e aux radioamateurs du monde entier.<\/p>\n<p>Les \u00e9changes seront consacr\u00e9s \u00e0 la Grande Guerre qui a vu la naissance et le d\u00e9veloppement des transmissions. Durant cette \u00e9mission, les animateurs rappelleront \u00e9galement la tenue de la premi\u00e8re Assise Mondiale de la Paix, organis\u00e9e par l&rsquo;Union Mondiale des Villes Martyrs les 15, 16 et 17 Octobre en 1982.<\/p>\n<p>Une ancienne ambulance adapt\u00e9e en station de transmission sera install\u00e9e dans les jardins du Centre Mondial de la Paix, des libert\u00e9s et des droits de l&rsquo;Homme. Des appareils de transmission datant de 1900 \u00e0 1920 seront pr\u00e9sent\u00e9s \u00e0 l&rsquo;accueil du Centre Mondial de la Paix. Des explications seront d\u00e9livr\u00e9es aux visiteurs.<\/p>\n<p>Cette animation vous est propos\u00e9e par le R\u00e9seau des Emetteurs Fran\u00e7ais section MEUSE.<\/p>\n","protected":false},"excerpt":{"rendered":"<p>Le Centre Mondial de la Paix, des libert\u00e9s et des droits de l&rsquo;Homme accueille dimanche 19 octobre 2014 de 10h00 \u00e0 18h00, une \u00e9quipe de radioamateurs qui organise une \u00e9mission destin\u00e9e aux radioamateurs du monde entier. Les \u00e9changes seront consacr\u00e9s \u00e0 la Grande Guerre qui a vu la naissance et  [&#8230;]<\/p>\n","protected":false},"author":1,"featured_media":6163,"comment_status":"closed","ping_status":"closed","sticky":false,"template":"","format":"standard","meta":{"ngg_post_thumbnail":0,"footnotes":""},"categories":[41,37],"tags":[],"class_list":["post-6160","post","type-post","status-publish","format-standard","has-post-thumbnail","hentry","category-centenaire","category-divers"],"_links":{"self":[{"href":"https:\/\/cmpaix.eu\/fr\/wp-json\/wp\/v2\/posts\/6160","targetHints":{"allow":["GET"]}}],"collection":[{"href":"https:\/\/cmpaix.eu\/fr\/wp-json\/wp\/v2\/posts"}],"about":[{"href":"https:\/\/cmpaix.eu\/fr\/wp-json\/wp\/v2\/types\/post"}],"author":[{"embeddable":true,"href":"https:\/\/cmpaix.eu\/fr\/wp-json\/wp\/v2\/users\/1"}],"replies":[{"embeddable":true,"href":"https:\/\/cmpaix.eu\/fr\/wp-json\/wp\/v2\/comments?post=6160"}],"version-history":[{"count":11,"href":"https:\/\/cmpaix.eu\/fr\/wp-json\/wp\/v2\/posts\/6160\/revisions"}],"predecessor-version":[{"id":6195,"href":"https:\/\/cmpaix.eu\/fr\/wp-json\/wp\/v2\/posts\/6160\/revisions\/6195"}],"wp:featuredmedia":[{"embeddable":true,"href":"https:\/\/cmpaix.eu\/fr\/wp-json\/wp\/v2\/media\/6163"}],"wp:attachment":[{"href":"https:\/\/cmpaix.eu\/fr\/wp-json\/wp\/v2\/media?parent=6160"}],"wp:term":[{"taxonomy":"category","embeddable":true,"href":"https:\/\/cmpaix.eu\/fr\/wp-json\/wp\/v2\/categories?post=6160"},{"taxonomy":"post_tag","embeddable":true,"href":"https:\/\/cmpaix.eu\/fr\/wp-json\/wp\/v2\/tags?post=6160"}],"curies":[{"name":"wp","href":"https:\/\/api.w.org\/{rel}","templated":true}]}}