{"id":6199,"date":"2014-11-02T11:51:04","date_gmt":"2014-11-02T09:51:04","guid":{"rendered":"http:\/\/cmpaix.eu\/fr\/?p=6199"},"modified":"2014-11-02T11:51:04","modified_gmt":"2014-11-02T09:51:04","slug":"afs-vivre-sans-frontiere-celebre-son-centenaire-au-centre-mondial-de-la-paix","status":"publish","type":"post","link":"https:\/\/cmpaix.eu\/fr\/afs-vivre-sans-frontiere-celebre-son-centenaire-au-centre-mondial-de-la-paix\/","title":{"rendered":"AFS Vivre Sans Fronti\u00e8re c\u00e9l\u00e8bre son Centenaire au Centre Mondial de la Paix"},"content":{"rendered":"<p>\u00c0 l\u2019occasion du Centenaire 14\/18 et des comm\u00e9morations de l\u2019armistice de la Premi\u00e8re Guerre mondiale, AFS Vivre Sans Fronti\u00e8re, association reconnue d\u2019utilit\u00e9 publique depuis 1965, c\u00e9l\u00e8bre son Centenaire au Centre Mondial de la Paix, des libert\u00e9s et des droits de l\u2019Homme le 11 novembre 2014 \u00e0 Verdun. <\/p>\n<p>George King III sera au Centre Mondial de la Paix avec son ambulance d\u2019\u00e9poque. Cet Am\u00e9ricain a lui m\u00eame r\u00e9alis\u00e9 la r\u00e9plique exacte d\u2019une Ford T de l\u2019American Field Service, avec laquelle il a effectu\u00e9 un tour de France pour l\u2019association AFS Vivre Sans Fronti\u00e8re. Derni\u00e8re \u00e9tape de cette Ambulance Tour, Verdun et le Centre Mondial de la Paix. <\/p>\n<p>Venez d\u00e9couvrir l\u2019ambulance et participer \u00e0 la c\u00e9r\u00e9monie comm\u00e9morative \u00e0 13h30.<\/p>\n","protected":false},"excerpt":{"rendered":"<p>\u00c0 l\u2019occasion du Centenaire 14\/18 et des comm\u00e9morations de l\u2019armistice de la Premi\u00e8re Guerre mondiale, AFS Vivre Sans Fronti\u00e8re, association reconnue d\u2019utilit\u00e9 publique depuis 1965, c\u00e9l\u00e8bre son Centenaire au Centre Mondial de la Paix, des libert\u00e9s et des droits de l\u2019Homme le 11 novembre 2014 \u00e0 Verdun. George King III  [&#8230;]<\/p>\n","protected":false},"author":1,"featured_media":6200,"comment_status":"closed","ping_status":"closed","sticky":false,"template":"","format":"standard","meta":{"ngg_post_thumbnail":0,"footnotes":""},"categories":[41,37],"tags":[70,68],"class_list":["post-6199","post","type-post","status-publish","format-standard","has-post-thumbnail","hentry","category-centenaire","category-divers","tag-afs","tag-commemoration"],"_links":{"self":[{"href":"https:\/\/cmpaix.eu\/fr\/wp-json\/wp\/v2\/posts\/6199","targetHints":{"allow":["GET"]}}],"collection":[{"href":"https:\/\/cmpaix.eu\/fr\/wp-json\/wp\/v2\/posts"}],"about":[{"href":"https:\/\/cmpaix.eu\/fr\/wp-json\/wp\/v2\/types\/post"}],"author":[{"embeddable":true,"href":"https:\/\/cmpaix.eu\/fr\/wp-json\/wp\/v2\/users\/1"}],"replies":[{"embeddable":true,"href":"https:\/\/cmpaix.eu\/fr\/wp-json\/wp\/v2\/comments?post=6199"}],"version-history":[{"count":1,"href":"https:\/\/cmpaix.eu\/fr\/wp-json\/wp\/v2\/posts\/6199\/revisions"}],"predecessor-version":[{"id":6201,"href":"https:\/\/cmpaix.eu\/fr\/wp-json\/wp\/v2\/posts\/6199\/revisions\/6201"}],"wp:featuredmedia":[{"embeddable":true,"href":"https:\/\/cmpaix.eu\/fr\/wp-json\/wp\/v2\/media\/6200"}],"wp:attachment":[{"href":"https:\/\/cmpaix.eu\/fr\/wp-json\/wp\/v2\/media?parent=6199"}],"wp:term":[{"taxonomy":"category","embeddable":true,"href":"https:\/\/cmpaix.eu\/fr\/wp-json\/wp\/v2\/categories?post=6199"},{"taxonomy":"post_tag","embeddable":true,"href":"https:\/\/cmpaix.eu\/fr\/wp-json\/wp\/v2\/tags?post=6199"}],"curies":[{"name":"wp","href":"https:\/\/api.w.org\/{rel}","templated":true}]}}