{"id":6202,"date":"2014-11-02T12:01:12","date_gmt":"2014-11-02T10:01:12","guid":{"rendered":"http:\/\/cmpaix.eu\/fr\/?p=6202"},"modified":"2021-09-29T17:06:14","modified_gmt":"2021-09-29T15:06:14","slug":"chroniques-de-notre-mere-la-guerre","status":"publish","type":"post","link":"https:\/\/cmpaix.eu\/fr\/chroniques-de-notre-mere-la-guerre\/","title":{"rendered":"Chroniques de Notre M\u00e8re la guerre"},"content":{"rendered":"<p>Chroniques de Notre M\u00e8re la guerre<br \/>\nle 20 novembre 2014<\/p>\n<p>Pr\u00e9sentation \u00e0 la presse \u00e0 10h<br \/>\nPr\u00e9sentation grand public et d\u00e9dicaces \u00e0 11h<\/p>\n<p><strong>A l\u2019occasion de la sortie en libraire de la bande-dessin\u00e9e <em>Chroniques de Notre M\u00e8re la guerre<\/em>, l\u2019auteur \u00e0 succ\u00e8s, Kris, et les six dessinateurs Ma\u00ebl, Jeff Pourqui\u00e9, Vincent Bailly, Edith, Damien Cuviliier et Hardoc viendront exceptionnellement pr\u00e9senter leur travail au Centre Mondial de la Paix \u00e0 Verdun, le jeudi 20 novembre.<\/strong><\/p>\n<p>Fascin\u00e9 par la visite de Verdun alors qu\u2019il avait douze ans, le sc\u00e9nariste Kris eut une r\u00e9v\u00e9lation en d\u00e9couvrant les innombrables traces laiss\u00e9es dans le paysage et dans les m\u00e9moires par les combats. Enrichi de nombreuses lectures, il a d\u00e9cid\u00e9 d\u2019en faire une histoire. Est alors n\u00e9e Notre M\u00e8re la guerre. <\/p>\n<p>Publi\u00e9s entre 2009 et 2012 aux \u00e9ditions Futuropolis, les quatre volumes de <em>Notre M\u00e8re<\/em>, men\u00e9s d\u2019une main de ma\u00eetre par Kris et Ma\u00ebl, ont plong\u00e9 le lecteur dans la folie meurtri\u00e8re de la Grande Guerre. Depuis la sortie du premier volume, cette aventure artistique, \u00e9ditoriale, humaine et historique qui s\u2019appuie sur un travail documentaire d\u2019une quinzaine d\u2019ann\u00e9es, connait un succ\u00e8s public et critique significatif.<\/p>\n<p>Les <em>Chroniques de Notre M\u00e8re la guerre<\/em> sont un prolongement de ce livre collectif. Il est le fruit d\u2019une r\u00e9flexion commune avec six talents du 9e art qui en sont les illustrateurs : Ma\u00ebl, Jeff Pourqui\u00e9, Vincent Bailly, Edith, Damien Cuviliier et Hardoc. Des histoires courtes racontent des anecdotes mettant en sc\u00e8ne des personnages c\u00e9l\u00e8bres comme Charles P\u00e9guy, Louis Barthas ou Vera Brittain qui ont fortement inspir\u00e9es les personnages imaginaires de Notre M\u00e8re.<\/p>\n<p>Ainsi, le 20 novembre 2014, les Verdunois auront la chance de participer \u00e0 une matin\u00e9e d\u2019\u00e9change et de d\u00e9dicace en pr\u00e9sence de Kris et des six illustrateurs. <\/p>\n<p>Les <em>Chroniques de Notre M\u00e8re la guerre<\/em> sont une co\u00e9dition de la Mission du centenaire de la Premi\u00e8re Guerre mondiale, des \u00e9ditions La Goutti\u00e8re et de Futuropolis. <\/p>\n<p><a href=\"http:\/\/cmpaix.eu\/fr\/wp-content\/uploads\/2014\/11\/logo-notremerelaguerre.jpg\"><img decoding=\"async\" src=\"http:\/\/cmpaix.eu\/fr\/wp-content\/uploads\/2014\/11\/logo-notremerelaguerre.jpg\" data-orig-src=\"http:\/\/cmpaix.eu\/fr\/wp-content\/uploads\/2014\/11\/logo-notremerelaguerre.jpg\" alt=\"logo-notremerelaguerre\" width=\"490\" height=\"30\" class=\"lazyload aligncenter size-full wp-image-6205\" srcset=\"data:image\/svg+xml,%3Csvg%20xmlns%3D%27http%3A%2F%2Fwww.w3.org%2F2000%2Fsvg%27%20width%3D%27490%27%20height%3D%2730%27%20viewBox%3D%270%200%20490%2030%27%3E%3Crect%20width%3D%27490%27%20height%3D%2730%27%20fill-opacity%3D%220%22%2F%3E%3C%2Fsvg%3E\" data-srcset=\"https:\/\/cmpaix.eu\/fr\/wp-content\/uploads\/2014\/11\/logo-notremerelaguerre-300x18.jpg 300w, https:\/\/cmpaix.eu\/fr\/wp-content\/uploads\/2014\/11\/logo-notremerelaguerre.jpg 490w\" data-sizes=\"auto\" data-orig-sizes=\"(max-width: 490px) 100vw, 490px\" \/><\/a><\/p>\n<div class=\"fusion-fullwidth fullwidth-box fusion-builder-row-1 hundred-percent-fullwidth non-hundred-percent-height-scrolling\" style=\"--awb-border-radius-top-left:0px;--awb-border-radius-top-right:0px;--awb-border-radius-bottom-right:0px;--awb-border-radius-bottom-left:0px;--awb-overflow:visible;--awb-flex-wrap:wrap;\" ><div class=\"fusion-builder-row fusion-row\"><div class=\"fusion-layout-column fusion_builder_column fusion-builder-column-0 fusion_builder_column_1_1 1_1 fusion-one-full fusion-column-first fusion-column-last fusion-column-no-min-height\" style=\"--awb-bg-size:cover;--awb-margin-bottom:0px;\"><div class=\"fusion-column-wrapper fusion-flex-column-wrapper-legacy\">ngg_shortcode_0_placeholder\n<div class=\"fusion-clearfix\"><\/div><\/div><\/div><\/div><\/div>\n","protected":false},"excerpt":{"rendered":"<p>Chroniques de Notre M\u00e8re la guerre le 20 novembre 2014 Pr\u00e9sentation \u00e0 la presse \u00e0 10h Pr\u00e9sentation grand public et d\u00e9dicaces \u00e0 11h A l\u2019occasion de la sortie en libraire de la bande-dessin\u00e9e Chroniques de Notre M\u00e8re la guerre, l\u2019auteur \u00e0 succ\u00e8s, Kris, et les six dessinateurs Ma\u00ebl, Jeff Pourqui\u00e9,  [&#8230;]<\/p>\n","protected":false},"author":1,"featured_media":6203,"comment_status":"closed","ping_status":"closed","sticky":false,"template":"","format":"standard","meta":{"ngg_post_thumbnail":0,"footnotes":""},"categories":[41,37],"tags":[72,74,54,73,71],"class_list":["post-6202","post","type-post","status-publish","format-standard","has-post-thumbnail","hentry","category-centenaire","category-divers","tag-bande-dessinee","tag-bd","tag-centre-mondial-de-la-paix","tag-dedicace","tag-presentation"],"_links":{"self":[{"href":"https:\/\/cmpaix.eu\/fr\/wp-json\/wp\/v2\/posts\/6202","targetHints":{"allow":["GET"]}}],"collection":[{"href":"https:\/\/cmpaix.eu\/fr\/wp-json\/wp\/v2\/posts"}],"about":[{"href":"https:\/\/cmpaix.eu\/fr\/wp-json\/wp\/v2\/types\/post"}],"author":[{"embeddable":true,"href":"https:\/\/cmpaix.eu\/fr\/wp-json\/wp\/v2\/users\/1"}],"replies":[{"embeddable":true,"href":"https:\/\/cmpaix.eu\/fr\/wp-json\/wp\/v2\/comments?post=6202"}],"version-history":[{"count":6,"href":"https:\/\/cmpaix.eu\/fr\/wp-json\/wp\/v2\/posts\/6202\/revisions"}],"predecessor-version":[{"id":10223,"href":"https:\/\/cmpaix.eu\/fr\/wp-json\/wp\/v2\/posts\/6202\/revisions\/10223"}],"wp:featuredmedia":[{"embeddable":true,"href":"https:\/\/cmpaix.eu\/fr\/wp-json\/wp\/v2\/media\/6203"}],"wp:attachment":[{"href":"https:\/\/cmpaix.eu\/fr\/wp-json\/wp\/v2\/media?parent=6202"}],"wp:term":[{"taxonomy":"category","embeddable":true,"href":"https:\/\/cmpaix.eu\/fr\/wp-json\/wp\/v2\/categories?post=6202"},{"taxonomy":"post_tag","embeddable":true,"href":"https:\/\/cmpaix.eu\/fr\/wp-json\/wp\/v2\/tags?post=6202"}],"curies":[{"name":"wp","href":"https:\/\/api.w.org\/{rel}","templated":true}]}}