{"id":6221,"date":"2014-11-19T11:33:14","date_gmt":"2014-11-19T09:33:14","guid":{"rendered":"http:\/\/cmpaix.eu\/fr\/?p=6221"},"modified":"2014-11-19T11:35:28","modified_gmt":"2014-11-19T09:35:28","slug":"soutenance-de-these-du-general-2s-jacques-defretin","status":"publish","type":"post","link":"https:\/\/cmpaix.eu\/fr\/soutenance-de-these-du-general-2s-jacques-defretin\/","title":{"rendered":"Soutenance de th\u00e8se du g\u00e9n\u00e9ral (2s) Jacques Defretin"},"content":{"rendered":"<p>Le Centre Mondial de la Paix a le plaisir de vous inviter \u00e0 la soutenance de th\u00e8se de doctorat d&rsquo;histoire <strong>du g\u00e9n\u00e9ral (2s) Jacques Defretin<\/strong>. Cette th\u00e8se portera sur <strong><em>\u00ab\u00a0Le r\u00f4le du G\u00e9nie dans la bataille de Verdun\u00a0\u00bb<\/em><\/strong>. <\/p>\n<p>La soutenance aura lieu le 4 d\u00e9cembre \u00e0 9h30 dans la salle vo\u00fbt\u00e9e du Centre Mondial de la Paix.<br \/>\n<em>Soutenance ouverte au public<\/em><\/p>\n<p>Le jury sera compos\u00e9 de :<br \/>\n&#8211; Madame Julie d&rsquo;Andurain : docteur en histoire, Minist\u00e8re de la D\u00e9fense, CDEF\/DREX<br \/>\n&#8211; Pr Fran\u00e7ois Cochet : directeur de la th\u00e8se, universit\u00e9 de Lorraine-Metz<br \/>\n&#8211; Pr Fran\u00e7ois Audigier : universit\u00e9 de Lorraine-Metz<br \/>\n&#8211; Pr Hubert Heyri\u00e8s : universit\u00e9 de Montpellier-Paul Valery<br \/>\n&#8211; Jean-Noel Grandhomme : Ma\u00eetre de conf\u00e9rences-HDR, universit\u00e9 de Strasbourg, rapporteur<br \/>\n&#8211; Lieutenant-colonel Remy Porte : HDR, rapporteur<\/p>\n","protected":false},"excerpt":{"rendered":"<p>Le Centre Mondial de la Paix a le plaisir de vous inviter \u00e0 la soutenance de th\u00e8se de doctorat d&rsquo;histoire du g\u00e9n\u00e9ral (2s) Jacques Defretin. Cette th\u00e8se portera sur \u00ab\u00a0Le r\u00f4le du G\u00e9nie dans la bataille de Verdun\u00a0\u00bb. La soutenance aura lieu le 4 d\u00e9cembre \u00e0 9h30 dans la salle  [&#8230;]<\/p>\n","protected":false},"author":1,"featured_media":0,"comment_status":"closed","ping_status":"closed","sticky":false,"template":"","format":"standard","meta":{"ngg_post_thumbnail":0,"footnotes":""},"categories":[41,30],"tags":[],"class_list":["post-6221","post","type-post","status-publish","format-standard","hentry","category-centenaire","category-conferences"],"_links":{"self":[{"href":"https:\/\/cmpaix.eu\/fr\/wp-json\/wp\/v2\/posts\/6221","targetHints":{"allow":["GET"]}}],"collection":[{"href":"https:\/\/cmpaix.eu\/fr\/wp-json\/wp\/v2\/posts"}],"about":[{"href":"https:\/\/cmpaix.eu\/fr\/wp-json\/wp\/v2\/types\/post"}],"author":[{"embeddable":true,"href":"https:\/\/cmpaix.eu\/fr\/wp-json\/wp\/v2\/users\/1"}],"replies":[{"embeddable":true,"href":"https:\/\/cmpaix.eu\/fr\/wp-json\/wp\/v2\/comments?post=6221"}],"version-history":[{"count":3,"href":"https:\/\/cmpaix.eu\/fr\/wp-json\/wp\/v2\/posts\/6221\/revisions"}],"predecessor-version":[{"id":6223,"href":"https:\/\/cmpaix.eu\/fr\/wp-json\/wp\/v2\/posts\/6221\/revisions\/6223"}],"wp:attachment":[{"href":"https:\/\/cmpaix.eu\/fr\/wp-json\/wp\/v2\/media?parent=6221"}],"wp:term":[{"taxonomy":"category","embeddable":true,"href":"https:\/\/cmpaix.eu\/fr\/wp-json\/wp\/v2\/categories?post=6221"},{"taxonomy":"post_tag","embeddable":true,"href":"https:\/\/cmpaix.eu\/fr\/wp-json\/wp\/v2\/tags?post=6221"}],"curies":[{"name":"wp","href":"https:\/\/api.w.org\/{rel}","templated":true}]}}