{"id":6723,"date":"2015-02-09T18:56:02","date_gmt":"2015-02-09T16:56:02","guid":{"rendered":"http:\/\/cmpaix.eu\/fr\/?p=6723"},"modified":"2021-09-29T17:06:13","modified_gmt":"2021-09-29T15:06:13","slug":"cafe-de-lhistoire-la-poste-mobilisee-dans-la-grande-guerre","status":"publish","type":"post","link":"https:\/\/cmpaix.eu\/fr\/cafe-de-lhistoire-la-poste-mobilisee-dans-la-grande-guerre\/","title":{"rendered":"Caf\u00e9 de l\u2019Histoire &#8211; La Poste mobilis\u00e9e dans la Grande Guerre"},"content":{"rendered":"<p>Caf\u00e9 de l\u2019Histoire organis\u00e9 par la Mission Histoire et le Groupe La Poste, et anim\u00e9 par <strong>S\u00e9bastien RICHEZ<\/strong>, charg\u00e9 de recherche au Comit\u00e9 pour l\u2019histoire de la Poste, sur le th\u00e8me \u00ab La Poste mobilis\u00e9e dans la Grande Guerre \u00bb le 19 f\u00e9vrier \u00e0 17h30 au Centre Mondial de la Paix.<\/p>\n<p><a href=\"http:\/\/cmpaix.eu\/fr\/wp-content\/uploads\/2015\/02\/cid_image001_jpg@01D04168.jpg\"><img decoding=\"async\" src=\"http:\/\/cmpaix.eu\/fr\/wp-content\/uploads\/2015\/02\/cid_image001_jpg@01D04168.jpg\" data-orig-src=\"http:\/\/cmpaix.eu\/fr\/wp-content\/uploads\/2015\/02\/cid_image001_jpg@01D04168.jpg\"  width=\"900\" height=\"710\" class=\"lazyload aligncenter size-full wp-image-6725\" srcset=\"data:image\/svg+xml,%3Csvg%20xmlns%3D%27http%3A%2F%2Fwww.w3.org%2F2000%2Fsvg%27%20width%3D%27900%27%20height%3D%27710%27%20viewBox%3D%270%200%20900%20710%27%3E%3Crect%20width%3D%27900%27%20height%3D%27710%27%20fill-opacity%3D%220%22%2F%3E%3C%2Fsvg%3E\" data-srcset=\"https:\/\/cmpaix.eu\/fr\/wp-content\/uploads\/2015\/02\/cid_image001_jpg@01D04168-300x237.jpg 300w, https:\/\/cmpaix.eu\/fr\/wp-content\/uploads\/2015\/02\/cid_image001_jpg@01D04168.jpg 900w\" data-sizes=\"auto\" data-orig-sizes=\"(max-width: 900px) 100vw, 900px\" \/><\/a><br \/>\n<a href=\"http:\/\/cmpaix.eu\/fr\/wp-content\/uploads\/2015\/02\/cid_image004_jpg@01D04168.jpg\"><img decoding=\"async\" src=\"http:\/\/cmpaix.eu\/fr\/wp-content\/uploads\/2015\/02\/cid_image004_jpg@01D04168.jpg\" data-orig-src=\"http:\/\/cmpaix.eu\/fr\/wp-content\/uploads\/2015\/02\/cid_image004_jpg@01D04168.jpg\"  width=\"900\" height=\"234\" class=\"lazyload aligncenter size-full wp-image-6728\" srcset=\"data:image\/svg+xml,%3Csvg%20xmlns%3D%27http%3A%2F%2Fwww.w3.org%2F2000%2Fsvg%27%20width%3D%27900%27%20height%3D%27234%27%20viewBox%3D%270%200%20900%20234%27%3E%3Crect%20width%3D%27900%27%20height%3D%27234%27%20fill-opacity%3D%220%22%2F%3E%3C%2Fsvg%3E\" data-srcset=\"https:\/\/cmpaix.eu\/fr\/wp-content\/uploads\/2015\/02\/cid_image004_jpg@01D04168-300x78.jpg 300w, https:\/\/cmpaix.eu\/fr\/wp-content\/uploads\/2015\/02\/cid_image004_jpg@01D04168.jpg 900w\" data-sizes=\"auto\" data-orig-sizes=\"(max-width: 900px) 100vw, 900px\" \/><\/a><\/p>\n","protected":false},"excerpt":{"rendered":"<p>Caf\u00e9 de l\u2019Histoire organis\u00e9 par la Mission Histoire et le Groupe La Poste, et anim\u00e9 par S\u00e9bastien RICHEZ, charg\u00e9 de recherche au Comit\u00e9 pour l\u2019histoire de la Poste, sur le th\u00e8me \u00ab La Poste mobilis\u00e9e dans la Grande Guerre \u00bb le 19 f\u00e9vrier \u00e0 17h30 au Centre Mondial de la  [&#8230;]<\/p>\n","protected":false},"author":1,"featured_media":0,"comment_status":"closed","ping_status":"closed","sticky":false,"template":"","format":"standard","meta":{"ngg_post_thumbnail":0,"footnotes":""},"categories":[41,30],"tags":[],"class_list":["post-6723","post","type-post","status-publish","format-standard","hentry","category-centenaire","category-conferences"],"_links":{"self":[{"href":"https:\/\/cmpaix.eu\/fr\/wp-json\/wp\/v2\/posts\/6723","targetHints":{"allow":["GET"]}}],"collection":[{"href":"https:\/\/cmpaix.eu\/fr\/wp-json\/wp\/v2\/posts"}],"about":[{"href":"https:\/\/cmpaix.eu\/fr\/wp-json\/wp\/v2\/types\/post"}],"author":[{"embeddable":true,"href":"https:\/\/cmpaix.eu\/fr\/wp-json\/wp\/v2\/users\/1"}],"replies":[{"embeddable":true,"href":"https:\/\/cmpaix.eu\/fr\/wp-json\/wp\/v2\/comments?post=6723"}],"version-history":[{"count":4,"href":"https:\/\/cmpaix.eu\/fr\/wp-json\/wp\/v2\/posts\/6723\/revisions"}],"predecessor-version":[{"id":6729,"href":"https:\/\/cmpaix.eu\/fr\/wp-json\/wp\/v2\/posts\/6723\/revisions\/6729"}],"wp:attachment":[{"href":"https:\/\/cmpaix.eu\/fr\/wp-json\/wp\/v2\/media?parent=6723"}],"wp:term":[{"taxonomy":"category","embeddable":true,"href":"https:\/\/cmpaix.eu\/fr\/wp-json\/wp\/v2\/categories?post=6723"},{"taxonomy":"post_tag","embeddable":true,"href":"https:\/\/cmpaix.eu\/fr\/wp-json\/wp\/v2\/tags?post=6723"}],"curies":[{"name":"wp","href":"https:\/\/api.w.org\/{rel}","templated":true}]}}