{"id":6799,"date":"2015-02-18T18:57:25","date_gmt":"2015-02-18T16:57:25","guid":{"rendered":"http:\/\/cmpaix.eu\/fr\/?p=6799"},"modified":"2015-03-24T18:08:07","modified_gmt":"2015-03-24T16:08:07","slug":"conference-benoit-xv-la-guerre-et-la-paix","status":"publish","type":"post","link":"https:\/\/cmpaix.eu\/fr\/conference-benoit-xv-la-guerre-et-la-paix\/","title":{"rendered":"Conf\u00e9rence &#8211; Beno\u00eet XV, la guerre et la paix"},"content":{"rendered":"<p>Conf\u00e9rence organis\u00e9e par l\u2019association \u00ab 14-18 Meuse \u00bb sur le th\u00e8me \u00abBeno\u00eet XV, la guerre et la paix \u00bb anim\u00e9e par Xavier BONIFACE, professeur \u00e0 l&rsquo;Universit\u00e9 de Picardie, vendredi 27 mars 2015 \u00e0 18h au Centre Mondial de la Paix.<\/p>\n<p>Le pape Beno\u00eet XV, \u00e9lu le 3 septembre 1914, est l\u2019une des rares voix \u00e0 condamner la guerre. Pendant quatre ans, il s\u2019exprime r\u00e9guli\u00e8rement pour exprimer sa tristesse, d\u00e9noncer \u00ab le suicide de l\u2019Europe civilis\u00e9e \u00bb, d\u00e9plorer \u00ab les massacres inutiles \u00bb. Faute d\u2019\u00eatre entendu dans sa d\u00e9fense des principes de neutralit\u00e9 et d\u2019impartialit\u00e9, il tente une d\u00e9marche \u00e0 caract\u00e8re diplomatique avec sa note de paix du 1er ao\u00fbt 1917, par laquelle il cherche \u00e0 appara\u00eetre comme un m\u00e9diateur. Mais ses interventions suscitent une opposition g\u00e9n\u00e9ralis\u00e9e, qui fustige aussi bien le \u00ab pape boche \u00bb que le \u00ab pape fran\u00e7ais \u00bb. Beno\u00eet XV cherche \u00e9galement \u00e0 d\u00e9fendre les int\u00e9r\u00eats de l\u2019\u00c9glise catholique, notamment en Orient, et \u00e0 faire reconna\u00eetre un statut international \u00e0 la papaut\u00e9, l\u00e0 encore sans \u00eatre toujours entendu. Enfin, le Saint-Si\u00e8ge est pr\u00e9sent dans le domaine de l\u2019humanitaire, o\u00f9 son action en faveur des prisonniers, des r\u00e9fugi\u00e9s et des populations occup\u00e9es est davantage reconnue. Beno\u00eet XV est-il alors un pape qui a \u00e9chou\u00e9, ou bien ses prises de position en font-ils une sorte de proph\u00e8te ?<\/p>\n","protected":false},"excerpt":{"rendered":"<p>Conf\u00e9rence organis\u00e9e par l\u2019association \u00ab 14-18 Meuse \u00bb sur le th\u00e8me \u00abBeno\u00eet XV, la guerre et la paix \u00bb anim\u00e9e par Xavier BONIFACE, professeur \u00e0 l&rsquo;Universit\u00e9 de Picardie, vendredi 27 mars 2015 \u00e0 18h au Centre Mondial de la Paix. Le pape Beno\u00eet XV, \u00e9lu le 3 septembre 1914, est  [&#8230;]<\/p>\n","protected":false},"author":1,"featured_media":0,"comment_status":"closed","ping_status":"closed","sticky":false,"template":"","format":"standard","meta":{"ngg_post_thumbnail":0,"footnotes":""},"categories":[41,30],"tags":[],"class_list":["post-6799","post","type-post","status-publish","format-standard","hentry","category-centenaire","category-conferences"],"_links":{"self":[{"href":"https:\/\/cmpaix.eu\/fr\/wp-json\/wp\/v2\/posts\/6799","targetHints":{"allow":["GET"]}}],"collection":[{"href":"https:\/\/cmpaix.eu\/fr\/wp-json\/wp\/v2\/posts"}],"about":[{"href":"https:\/\/cmpaix.eu\/fr\/wp-json\/wp\/v2\/types\/post"}],"author":[{"embeddable":true,"href":"https:\/\/cmpaix.eu\/fr\/wp-json\/wp\/v2\/users\/1"}],"replies":[{"embeddable":true,"href":"https:\/\/cmpaix.eu\/fr\/wp-json\/wp\/v2\/comments?post=6799"}],"version-history":[{"count":3,"href":"https:\/\/cmpaix.eu\/fr\/wp-json\/wp\/v2\/posts\/6799\/revisions"}],"predecessor-version":[{"id":6899,"href":"https:\/\/cmpaix.eu\/fr\/wp-json\/wp\/v2\/posts\/6799\/revisions\/6899"}],"wp:attachment":[{"href":"https:\/\/cmpaix.eu\/fr\/wp-json\/wp\/v2\/media?parent=6799"}],"wp:term":[{"taxonomy":"category","embeddable":true,"href":"https:\/\/cmpaix.eu\/fr\/wp-json\/wp\/v2\/categories?post=6799"},{"taxonomy":"post_tag","embeddable":true,"href":"https:\/\/cmpaix.eu\/fr\/wp-json\/wp\/v2\/tags?post=6799"}],"curies":[{"name":"wp","href":"https:\/\/api.w.org\/{rel}","templated":true}]}}