{"id":6832,"date":"2015-03-09T12:24:57","date_gmt":"2015-03-09T10:24:57","guid":{"rendered":"http:\/\/cmpaix.eu\/fr\/?p=6832"},"modified":"2015-03-11T12:00:54","modified_gmt":"2015-03-11T10:00:54","slug":"conference-sere-de-rivieres-1874-2014-une-frontiere-un-systeme-une-histoire","status":"publish","type":"post","link":"https:\/\/cmpaix.eu\/fr\/conference-sere-de-rivieres-1874-2014-une-frontiere-un-systeme-une-histoire\/","title":{"rendered":"Conf\u00e9rence &#8211; S\u00e9r\u00e9 de Rivi\u00e8res (1874-2014) : une fronti\u00e8re, un syst\u00e8me, une histoire"},"content":{"rendered":"<p>Conf\u00e9rence sur le th\u00e8me \u00ab S\u00e9r\u00e9 de Rivi\u00e8res (1874-2014) : une fronti\u00e8re, un syst\u00e8me, une histoire \u00bb anim\u00e9e par Airy DURUP de BALEINE, Capitaine de R\u00e9serve &#8211; Groupement de Soutien de la Base de D\u00e9fense de Verdun, jeudi 26 mars 2015 \u00e0 18h30 au Centre Mondial de la Paix.<\/p>\n<p><strong>S\u00e9r\u00e9 de Rivi\u00e8res (1874-2014) : une fronti\u00e8re, un syst\u00e8me, une histoire.<\/strong><br \/>\n<em>1871 : l&rsquo;\u00e9chec fran\u00e7ais lors de la Guerre Franco-Prussienne, en imposant l&rsquo;annexion de l&rsquo;Alsace-Moselle, cr\u00e9e en Lorraine une nouvelle fronti\u00e8re. Sur les marches de l&rsquo;Est, mais aussi sur l&rsquo;ensemble des fronti\u00e8res terrestres et maritimes d&rsquo;une France meurtrie par la d\u00e9faite, le G\u00e9n\u00e9ral S\u00e9r\u00e9 de Rivi\u00e8res se voir confier la r\u00e9alisation d&rsquo;une organisation d\u00e9fensive fortifi\u00e9e, baptis\u00e9e \u00ab Syst\u00e8me S\u00e9r\u00e9 de Rivi\u00e8res \u00bb : une aventure strat\u00e9gique, technique et historique d\u00e9but\u00e9e voici juste 140 ans, et qui sera revisit\u00e9e autour de trois questions : Quels sont les aspects techniques de ces nouvelles d\u00e9fenses  qui se mettent en place avant 1914 ? Quel r\u00f4le ont elles jou\u00e9 au cours du conflit, notamment \u00e0 Verdun ? Quelle empreinte cette aventure porte-t-elle encore sur nos territoires meusiens ?<\/em><\/p>\n","protected":false},"excerpt":{"rendered":"<p>Conf\u00e9rence sur le th\u00e8me \u00ab S\u00e9r\u00e9 de Rivi\u00e8res (1874-2014) : une fronti\u00e8re, un syst\u00e8me, une histoire \u00bb anim\u00e9e par Airy DURUP de BALEINE, Capitaine de R\u00e9serve &#8211; Groupement de Soutien de la Base de D\u00e9fense de Verdun, jeudi 26 mars 2015 \u00e0 18h30 au Centre Mondial de la Paix. S\u00e9r\u00e9  [&#8230;]<\/p>\n","protected":false},"author":1,"featured_media":0,"comment_status":"closed","ping_status":"closed","sticky":false,"template":"","format":"standard","meta":{"ngg_post_thumbnail":0,"footnotes":""},"categories":[41,30],"tags":[],"class_list":["post-6832","post","type-post","status-publish","format-standard","hentry","category-centenaire","category-conferences"],"_links":{"self":[{"href":"https:\/\/cmpaix.eu\/fr\/wp-json\/wp\/v2\/posts\/6832","targetHints":{"allow":["GET"]}}],"collection":[{"href":"https:\/\/cmpaix.eu\/fr\/wp-json\/wp\/v2\/posts"}],"about":[{"href":"https:\/\/cmpaix.eu\/fr\/wp-json\/wp\/v2\/types\/post"}],"author":[{"embeddable":true,"href":"https:\/\/cmpaix.eu\/fr\/wp-json\/wp\/v2\/users\/1"}],"replies":[{"embeddable":true,"href":"https:\/\/cmpaix.eu\/fr\/wp-json\/wp\/v2\/comments?post=6832"}],"version-history":[{"count":2,"href":"https:\/\/cmpaix.eu\/fr\/wp-json\/wp\/v2\/posts\/6832\/revisions"}],"predecessor-version":[{"id":6855,"href":"https:\/\/cmpaix.eu\/fr\/wp-json\/wp\/v2\/posts\/6832\/revisions\/6855"}],"wp:attachment":[{"href":"https:\/\/cmpaix.eu\/fr\/wp-json\/wp\/v2\/media?parent=6832"}],"wp:term":[{"taxonomy":"category","embeddable":true,"href":"https:\/\/cmpaix.eu\/fr\/wp-json\/wp\/v2\/categories?post=6832"},{"taxonomy":"post_tag","embeddable":true,"href":"https:\/\/cmpaix.eu\/fr\/wp-json\/wp\/v2\/tags?post=6832"}],"curies":[{"name":"wp","href":"https:\/\/api.w.org\/{rel}","templated":true}]}}