{"id":6949,"date":"2015-04-07T13:00:27","date_gmt":"2015-04-07T11:00:27","guid":{"rendered":"http:\/\/cmpaix.eu\/fr\/?p=6949"},"modified":"2021-09-29T17:06:13","modified_gmt":"2021-09-29T15:06:13","slug":"presentation-oeuvre-terra-firma","status":"publish","type":"post","link":"https:\/\/cmpaix.eu\/fr\/presentation-oeuvre-terra-firma\/","title":{"rendered":"Pr\u00e9sentation \u0153uvre Terra Firma"},"content":{"rendered":"<p>Le 8 avril 2015, le Centre Mondial de la Paix, des libert\u00e9s et des droits de l&rsquo;Homme accueille dans ses jardins l&rsquo;\u0153uvre TERRA FIRMA, une repr\u00e9sentation en verre du champ de bataille de Verdun. <\/p>\n<p>R\u00e9alis\u00e9e par Florence Tassan-Toffola dans le cadre de ses \u00e9tudes au Centre Europ\u00e9en de Recherche et de Formation aux Arts Verriers (CERFAV), cette \u0153uvre est une repr\u00e9sentation du terrain sur lequel se sont affront\u00e9s fran\u00e7ais et allemands lors de la Premi\u00e8re Guerre mondiale. Elle montre la r\u00e9alit\u00e9 d&rsquo;un pass\u00e9 sans artifice, les cicatrices d\u00e9voil\u00e9es d&rsquo;une terre meurtrie par l&rsquo;homme, malax\u00e9e par la guerre.<\/p>\n<p>L&rsquo;\u0153uvre repose sur une carte du champ de bataille. Les positions des lignes de fronts y sont indiqu\u00e9es laissant le spectateur se projeter sur ce territoire.<\/p>\n<p>L&rsquo;\u0153uvre sera pr\u00e9sent\u00e9e officiellement le 8 avril 2015 \u00e0 15h45 en pr\u00e9sence de 100 jeunes lorrains et bourguignons qui participent \u00e0 la Journ\u00e9e D\u00e9fense Citoyennet\u00e9, organis\u00e9e dans le cadre des comm\u00e9morations du Centenaire de la Premi\u00e8re Guerre mondiale. La tenue de cette journ\u00e9e, dans un lieu charg\u00e9 de symboles, est l\u2019occasion de rappeler \u00e0 ces jeunes citoyens le r\u00f4le jou\u00e9 par les arm\u00e9es dans le maintien de la paix. Le sacrifice des anciennes g\u00e9n\u00e9rations dans les tranch\u00e9es rappelle \u00e0 chacun leur engagement pour d\u00e9fendre la d\u00e9mocratie et ses valeurs.<br \/>\nL&rsquo;\u0153uvre TERRA FIRMA symbolise l&rsquo;ensemble de ces valeurs et l&rsquo;engagement de la jeunesse dans le travail m\u00e9moriel.<\/p>\n<div class=\"fusion-fullwidth fullwidth-box fusion-builder-row-1 hundred-percent-fullwidth non-hundred-percent-height-scrolling\" style=\"--awb-border-radius-top-left:0px;--awb-border-radius-top-right:0px;--awb-border-radius-bottom-right:0px;--awb-border-radius-bottom-left:0px;--awb-overflow:visible;--awb-flex-wrap:wrap;\" ><div class=\"fusion-builder-row fusion-row\"><div class=\"fusion-layout-column fusion_builder_column fusion-builder-column-0 fusion_builder_column_1_1 1_1 fusion-one-full fusion-column-first fusion-column-last fusion-column-no-min-height\" style=\"--awb-bg-size:cover;--awb-margin-bottom:0px;\"><div class=\"fusion-column-wrapper fusion-flex-column-wrapper-legacy\"><div class=\"fusion-video fusion-youtube\" style=\"--awb-max-width:500px;--awb-max-height:500px;\"><div class=\"video-shortcode\"><div class=\"fluid-width-video-wrapper\" style=\"padding-top:100%;\" ><iframe title=\"YouTube video player 1\" src=\"https:\/\/www.youtube.com\/embed\/Xn0IulQq8rk?wmode=transparent&autoplay=0&oida=1\" width=\"500\" height=\"500\" allowfullscreen allow=\"autoplay; clipboard-write; encrypted-media; gyroscope; picture-in-picture;\"><\/iframe><\/div><\/div><\/div>\n<div class=\"fusion-clearfix\"><\/div><\/div><\/div><\/div><\/div>\n","protected":false},"excerpt":{"rendered":"<p>Le 8 avril 2015, le Centre Mondial de la Paix, des libert\u00e9s et des droits de l&rsquo;Homme accueille dans ses jardins l&rsquo;\u0153uvre TERRA FIRMA, une repr\u00e9sentation en verre du champ de bataille de Verdun. R\u00e9alis\u00e9e par Florence Tassan-Toffola dans le cadre de ses \u00e9tudes au Centre Europ\u00e9en de Recherche et  [&#8230;]<\/p>\n","protected":false},"author":1,"featured_media":0,"comment_status":"closed","ping_status":"closed","sticky":false,"template":"","format":"standard","meta":{"ngg_post_thumbnail":0,"footnotes":""},"categories":[41,37],"tags":[],"class_list":["post-6949","post","type-post","status-publish","format-standard","hentry","category-centenaire","category-divers"],"_links":{"self":[{"href":"https:\/\/cmpaix.eu\/fr\/wp-json\/wp\/v2\/posts\/6949","targetHints":{"allow":["GET"]}}],"collection":[{"href":"https:\/\/cmpaix.eu\/fr\/wp-json\/wp\/v2\/posts"}],"about":[{"href":"https:\/\/cmpaix.eu\/fr\/wp-json\/wp\/v2\/types\/post"}],"author":[{"embeddable":true,"href":"https:\/\/cmpaix.eu\/fr\/wp-json\/wp\/v2\/users\/1"}],"replies":[{"embeddable":true,"href":"https:\/\/cmpaix.eu\/fr\/wp-json\/wp\/v2\/comments?post=6949"}],"version-history":[{"count":3,"href":"https:\/\/cmpaix.eu\/fr\/wp-json\/wp\/v2\/posts\/6949\/revisions"}],"predecessor-version":[{"id":10215,"href":"https:\/\/cmpaix.eu\/fr\/wp-json\/wp\/v2\/posts\/6949\/revisions\/10215"}],"wp:attachment":[{"href":"https:\/\/cmpaix.eu\/fr\/wp-json\/wp\/v2\/media?parent=6949"}],"wp:term":[{"taxonomy":"category","embeddable":true,"href":"https:\/\/cmpaix.eu\/fr\/wp-json\/wp\/v2\/categories?post=6949"},{"taxonomy":"post_tag","embeddable":true,"href":"https:\/\/cmpaix.eu\/fr\/wp-json\/wp\/v2\/tags?post=6949"}],"curies":[{"name":"wp","href":"https:\/\/api.w.org\/{rel}","templated":true}]}}