{"id":6951,"date":"2015-04-07T13:02:41","date_gmt":"2015-04-07T11:02:41","guid":{"rendered":"http:\/\/cmpaix.eu\/fr\/?p=6951"},"modified":"2015-04-08T11:19:38","modified_gmt":"2015-04-08T09:19:38","slug":"journee-defense-citoyennete-speciale-centenaire-de-la-grande-guerre","status":"publish","type":"post","link":"https:\/\/cmpaix.eu\/fr\/journee-defense-citoyennete-speciale-centenaire-de-la-grande-guerre\/","title":{"rendered":"Journ\u00e9e D\u00e9fense Citoyennet\u00e9  Sp\u00e9ciale Centenaire de la Grande Guerre"},"content":{"rendered":"<p>Dans le cadre des comm\u00e9morations du Centenaire de la Premi\u00e8re Guerre mondiale, 100 jeunes lorrains et bourguignons sont convoqu\u00e9s au Centre Mondial de la Paix, des libert\u00e9s et des droits de l\u2019Homme, \u00e0 Verdun, pour participer \u00e0 leur Journ\u00e9e D\u00e9fense et Citoyennet\u00e9. La tenue de cette journ\u00e9e, dans un lieu charg\u00e9 de symboles, est l\u2019occasion de rappeler \u00e0 ces jeunes citoyens le r\u00f4le jou\u00e9 par les arm\u00e9es dans le maintien de la paix. Le sacrifice des anciennes g\u00e9n\u00e9rations dans les tranch\u00e9es rappelle \u00e0 chacun leur engagement pour d\u00e9fendre la d\u00e9mocratie et ses valeurs.<\/p>\n<p>Ce travail de m\u00e9moire est possible gr\u00e2ce au t\u00e9moignage de militaires fran\u00e7ais autour du sens qu\u2019ils continuent \u00e0 donner au m\u00e9tier des armes au service de la paix, mais \u00e9galement d\u2019un parcours p\u00e9dagogique offert par les \u00e9quipes du Centre Mondial de la Paix et du M\u00e9morial de Verdun ; parcours au cours duquel seront notamment abord\u00e9es les questions suivantes : Quelles furent les r\u00e9alit\u00e9s de la Grande Guerre ? Comment ce conflit a fait basculer l\u2019\u00e9quilibre g\u00e9ostrat\u00e9gique mondial ? Comment le paroxysme de l\u2019horreur des combats entre les 2 nations a pu \u00eatre surmont\u00e9 pour aujourd\u2019hui parler d\u2019une r\u00e9elle amiti\u00e9 franco-allemande.<\/p>\n<p>Cette JDC est organis\u00e9e en liaison avec l\u2019\u00c9ducation Nationale. Les jeunes Bourguignons originaires de Decize effectuent un voyage scolaire de trois jours sur les traces de la Premi\u00e8re Guerre mondiale. Une occasion de red\u00e9couvrir la figure de Maurice Genevoix, dont leur lyc\u00e9e porte le nom. Ancien Poilu, grand \u00e9crivain n\u00e9 \u00e0 Decize, M. Genevoix fut le pr\u00e9sident-fondateur du M\u00e9morial de Verdun.<\/p>\n<p>A l\u2019occasion de cette journ\u00e9e, les participants assisteront \u00e0 la pr\u00e9sentation officielle de l\u2019oeuvre de verre  TERRA FIRMA repr\u00e9sentant le Champ de Bataille de Verdun. Cette oeuvre a \u00e9t\u00e9 r\u00e9alis\u00e9e par Florence Tassan Toffola dans le cadre de ses \u00e9tudes au Centre europ\u00e9en de recherche et de formation aux arts verriers. A l\u2019issue de cette JDC, chaque participant recevra son dipl\u00f4me des mains des autorit\u00e9s pr\u00e9sentes.<\/p>\nngg_shortcode_0_placeholder\n","protected":false},"excerpt":{"rendered":"<p>Dans le cadre des comm\u00e9morations du Centenaire de la Premi\u00e8re Guerre mondiale, 100 jeunes lorrains et bourguignons sont convoqu\u00e9s au Centre Mondial de la Paix, des libert\u00e9s et des droits de l\u2019Homme, \u00e0 Verdun, pour participer \u00e0 leur Journ\u00e9e D\u00e9fense et Citoyennet\u00e9. La tenue de cette journ\u00e9e, dans un lieu  [&#8230;]<\/p>\n","protected":false},"author":1,"featured_media":0,"comment_status":"closed","ping_status":"closed","sticky":false,"template":"","format":"standard","meta":{"ngg_post_thumbnail":0,"footnotes":""},"categories":[41],"tags":[],"class_list":["post-6951","post","type-post","status-publish","format-standard","hentry","category-centenaire"],"_links":{"self":[{"href":"https:\/\/cmpaix.eu\/fr\/wp-json\/wp\/v2\/posts\/6951","targetHints":{"allow":["GET"]}}],"collection":[{"href":"https:\/\/cmpaix.eu\/fr\/wp-json\/wp\/v2\/posts"}],"about":[{"href":"https:\/\/cmpaix.eu\/fr\/wp-json\/wp\/v2\/types\/post"}],"author":[{"embeddable":true,"href":"https:\/\/cmpaix.eu\/fr\/wp-json\/wp\/v2\/users\/1"}],"replies":[{"embeddable":true,"href":"https:\/\/cmpaix.eu\/fr\/wp-json\/wp\/v2\/comments?post=6951"}],"version-history":[{"count":2,"href":"https:\/\/cmpaix.eu\/fr\/wp-json\/wp\/v2\/posts\/6951\/revisions"}],"predecessor-version":[{"id":6977,"href":"https:\/\/cmpaix.eu\/fr\/wp-json\/wp\/v2\/posts\/6951\/revisions\/6977"}],"wp:attachment":[{"href":"https:\/\/cmpaix.eu\/fr\/wp-json\/wp\/v2\/media?parent=6951"}],"wp:term":[{"taxonomy":"category","embeddable":true,"href":"https:\/\/cmpaix.eu\/fr\/wp-json\/wp\/v2\/categories?post=6951"},{"taxonomy":"post_tag","embeddable":true,"href":"https:\/\/cmpaix.eu\/fr\/wp-json\/wp\/v2\/tags?post=6951"}],"curies":[{"name":"wp","href":"https:\/\/api.w.org\/{rel}","templated":true}]}}