{"id":7440,"date":"2015-10-30T11:47:34","date_gmt":"2015-10-30T09:47:34","guid":{"rendered":"http:\/\/cmpaix.eu\/fr\/?p=7440"},"modified":"2021-09-29T17:06:10","modified_gmt":"2021-09-29T15:06:10","slug":"12e-salon-du-livre-dhistoire-de-verdun","status":"publish","type":"post","link":"https:\/\/cmpaix.eu\/fr\/12e-salon-du-livre-dhistoire-de-verdun\/","title":{"rendered":"12e Salon du Livre d\u2019Histoire de Verdun"},"content":{"rendered":"<p><a href=\"http:\/\/cmpaix.eu\/fr\/wp-content\/uploads\/2015\/07\/MARQUE-PAGE-2015-1.jpg\"><img decoding=\"async\" src=\"http:\/\/cmpaix.eu\/fr\/wp-content\/uploads\/2015\/07\/MARQUE-PAGE-2015-1.jpg\" data-orig-src=\"http:\/\/cmpaix.eu\/fr\/wp-content\/uploads\/2015\/07\/MARQUE-PAGE-2015-1.jpg\" style=\"padding-bottom: 1em; float: left; margin:15px;  alt=\"MARQUE PAGE 2015-1\" width=\"200\"  class=\"lazyload aligncenter size-full wp-image-7443\" srcset=\"data:image\/gif;base64,R0lGODlhAQABAAAAACH5BAEKAAEALAAAAAABAAEAAAICTAEAOw==\" data-srcset=\"https:\/\/cmpaix.eu\/fr\/wp-content\/uploads\/2015\/07\/MARQUE-PAGE-2015-1-255x1024.jpg 255w, https:\/\/cmpaix.eu\/fr\/wp-content\/uploads\/2015\/07\/MARQUE-PAGE-2015-1-300x1206.jpg 300w, https:\/\/cmpaix.eu\/fr\/wp-content\/uploads\/2015\/07\/MARQUE-PAGE-2015-1.jpg 614w\" data-sizes=\"auto\" data-orig-sizes=\"(max-width: 614px) 100vw, 614px\" \/><\/a><br \/>\nSamedi 7 et dimanche 8 novembre 2015, de 10h00 \u00e0 12h30 et de 14h00 \u00e0 18h00, le Centre Mondial de la Paix, des libert\u00e9s et des droits de l\u2019Homme accueillera le <strong>12e Salon du Livre d\u2019Histoire de Verdun<\/strong> labellis\u00e9 par la Mission Centenaire nationale. Samedi 7 novembre \u00e0 11h00, les Prix Mondes en guerre, mondes en paix et Sergent Maginot seront remis aux laur\u00e9ats.<\/p>\n<p>Le 12e Salon du Livre d\u2019Histoire de Verdun revient sur l\u2019actualit\u00e9 du livre 2015. Environ 50 auteurs pr\u00e9senteront leur dernier ouvrage traitant de g\u00e9opolitique, de relations internationales, d\u2019histoire et en particulier de la Premi\u00e8re Guerre mondiale. Cette ann\u00e9e, en plus des auteurs jeunesse, un espace sera d\u00e9di\u00e9 aux bandes dessin\u00e9es avec la pr\u00e9sence de dessinateurs et de sc\u00e9naristes de plusieurs maisons d\u2019\u00e9dition.  Plusieurs libraires proposeront des livres anciens. <\/p>\n<p>Le prix \u00ab Mondes en guerres, mondes en paix \u00bb, cr\u00e9\u00e9 en 2005,r\u00e9compense le meilleur ouvrage d\u2019approche contemporaine \u00ab guerre et paix \u00bb, paru au cours de l\u2019ann\u00e9e.<br \/>\nLe prix \u00ab Sergent Maginot \u00bb, cr\u00e9\u00e9 pour le Centenaire, prime le meilleur ouvrage paru dans l\u2019ann\u00e9e traitant de la guerre de 14-18. Il est dot\u00e9 par la F\u00e9d\u00e9ration nationale Andr\u00e9 Maginot.<br \/>\nCes prix sont d\u00e9cern\u00e9s par un jury compos\u00e9 d\u2019historiens, pr\u00e9sid\u00e9 par Maurice VAISSE, professeur \u00e9m\u00e9rite \u00e0 Sciences Po.<\/p>\n<p>Le Salon du Livre d\u2019Histoire de Verdun est organis\u00e9 par l\u2019association<br \/>\n\u00ab 14-18 Meuse \u00bb, au Centre Mondial de la Paix, en partenariat avec la Librairie Commercienne. Il est labellis\u00e9 par la Mission Centenaire.<\/p>\n<p>Auteurs pr\u00e9sents (sous r\u00e9serve de modification)<\/p>\n<p>AMAT Jean-Paul \u2022 ANDRE Sylvie \u2022 BERNEDE Allain \u2022 BRUANT Philippe \u2022 BUSCOT Gilles \u2022 CHAVENON Marie-Jos\u00e9 \u2022 CHEVREAU Eric \u2022 CZUBAK Nicolas \u2022 DAVOZ Pascal \u2022 ESTRADA J\u00e9r\u00f4me \u2022 FRANCIOLI Marc \u2022 FRANCOIS-DENEVE Corinne \u2022 GASQUET Martine \u2022 GILLERON Olier \u2022GEORGE Micha\u00ebl \u2022 GOEURIOT K\u00e9vin \u2022 GOUREVITCH Jean-Paul \u2022HARLAUT Yann \u2022 HEISBOURG Fran\u00e7ois \u2022 HENRY Gilbert \u2022 HUSSON Jean-Pierre \u2022 JALABERT Laurent \u2022 LE QUELLENEC Catherine \u2022 LE NAOUR Jean-Yves \u2022 MAADIAR \u2022 MANON Philippe \u2022 MARTIN Maryline \u2022 MARKO \u2022 MASSON-LOODTS Isabelle \u2022 MATHIAS Gr\u00e9goire \u2022 MEYER Franck \u2022 MONTACIE Jean \u2022 MONTAGNON Pierre \u2022 MOY Jean-Yves \u2022 NICOLAS Paul \u2022 PARENTEAU-DENOEL R\u00e9gis \u2022 PLUMAIL Claude \u2022 RENAUD Patrick-Charles \u2022REPIQUET Jean-Philippe \u2022 ROUX Jean \u2022 ROUYER Bruno \u2022 ROUZET Jacques \u2022 ROYNETTE Odile \u2022 SAUVADET Jacques \u2022 SCHANG Laurent \u2022 VIDAL-NAQUET Cl\u00e9mentine \u2022 VON HAUCK Jean-Louis \u2022 WAZYLINA Ellen \u2022 WEBER Fran\u00e7ois \u2022 ZAHRA Bernard<\/p>\n","protected":false},"excerpt":{"rendered":"","protected":false},"author":1,"featured_media":3633,"comment_status":"closed","ping_status":"closed","sticky":false,"template":"","format":"standard","meta":{"ngg_post_thumbnail":0,"footnotes":""},"categories":[35],"tags":[],"class_list":["post-7440","post","type-post","status-publish","format-standard","has-post-thumbnail","hentry","category-salon-du-livre-dhistoire"],"_links":{"self":[{"href":"https:\/\/cmpaix.eu\/fr\/wp-json\/wp\/v2\/posts\/7440","targetHints":{"allow":["GET"]}}],"collection":[{"href":"https:\/\/cmpaix.eu\/fr\/wp-json\/wp\/v2\/posts"}],"about":[{"href":"https:\/\/cmpaix.eu\/fr\/wp-json\/wp\/v2\/types\/post"}],"author":[{"embeddable":true,"href":"https:\/\/cmpaix.eu\/fr\/wp-json\/wp\/v2\/users\/1"}],"replies":[{"embeddable":true,"href":"https:\/\/cmpaix.eu\/fr\/wp-json\/wp\/v2\/comments?post=7440"}],"version-history":[{"count":8,"href":"https:\/\/cmpaix.eu\/fr\/wp-json\/wp\/v2\/posts\/7440\/revisions"}],"predecessor-version":[{"id":7595,"href":"https:\/\/cmpaix.eu\/fr\/wp-json\/wp\/v2\/posts\/7440\/revisions\/7595"}],"wp:featuredmedia":[{"embeddable":true,"href":"https:\/\/cmpaix.eu\/fr\/wp-json\/wp\/v2\/media\/3633"}],"wp:attachment":[{"href":"https:\/\/cmpaix.eu\/fr\/wp-json\/wp\/v2\/media?parent=7440"}],"wp:term":[{"taxonomy":"category","embeddable":true,"href":"https:\/\/cmpaix.eu\/fr\/wp-json\/wp\/v2\/categories?post=7440"},{"taxonomy":"post_tag","embeddable":true,"href":"https:\/\/cmpaix.eu\/fr\/wp-json\/wp\/v2\/tags?post=7440"}],"curies":[{"name":"wp","href":"https:\/\/api.w.org\/{rel}","templated":true}]}}