{"id":7674,"date":"2016-01-28T14:08:57","date_gmt":"2016-01-28T12:08:57","guid":{"rendered":"http:\/\/cmpaix.eu\/fr\/?p=7674"},"modified":"2021-09-29T17:06:09","modified_gmt":"2021-09-29T15:06:09","slug":"enseigner-et-commemorer-la-bataille-de-verdun","status":"publish","type":"post","link":"https:\/\/cmpaix.eu\/fr\/enseigner-et-commemorer-la-bataille-de-verdun\/","title":{"rendered":"Enseigner et comm\u00e9morer la bataille de Verdun"},"content":{"rendered":"<p><strong>Journ\u00e9e d\u2019\u00e9tude tri-acad\u00e9mique (Alsace, Lorraine, Champagne-Ardenne) organis\u00e9e par la R\u00e9gionale de Lorraine de l\u2019Association des Professeurs d\u2019Histoire et de G\u00e9ographie (APHG) au Centre Mondial de la Paix de Verdun. Entr\u00e9e ouverte au grand public. Samedi 27 f\u00e9vrier 2016 de 9 h \u00e0 17 h 00<\/strong>.<\/p>\n<p>Les partenaires : La Ville de Verdun, le Centre mondial de la Paix de Verdun, Verdun 2016, le M\u00e9morial de Verdun, le Souvenir fran\u00e7ais, le Conseil d\u00e9partemental de la Meuse, l\u2019Acad\u00e9mie de Nancy-Metz, Canop\u00e9 Meuse, l\u2019Association des Membres de l\u2019Ordre des Palmes Acad\u00e9miques (AMOPA), le Lyc\u00e9e Loritz de Nancy et sa section \u00ab Arts appliqu\u00e9s \u00bb&#8230;<\/p>\n<p>Le th\u00e8me : \u00ab Enseigner et comm\u00e9morer la bataille de Verdun de 1918 \u00e0 nos jours \u00bb.<br \/>\nLa date : le samedi 27 f\u00e9vrier 2016 de 9 h \u00e0 17 h 00.<br \/>\nLe lieu : la salle des Audiences (300 places) du Centre mondial de la paix, \u00e0 Verdun.<\/p>\n<p><strong>Pr\u00e9sentation du th\u00e8me<\/strong><\/p>\n<p>\u00ab Enseigner \u00bb et \u00ab comm\u00e9morer \u00bb sont deux actes diff\u00e9rents : \u00ab comm\u00e9morer \u00bb vise \u00e0 r\u00e9unir une communaut\u00e9 humaine dans le souvenir d\u2019un \u00e9v\u00e9nement marquant ; \u00ab enseigner \u00bb vise \u00e0 former des esprits libres et critiques. Mais, en d\u00e9pit des apparences, ces deux actes ne sont pas si \u00e9loign\u00e9s que cela l\u2019un de l\u2019autre : tous les deux, en effet, r\u00e9pondent \u00e0 une demande sociale ; tous les deux aussi ont \u00e9volu\u00e9 dans leurs contenus sur le temps long d\u2019un si\u00e8cle. De surcro\u00eet, lorsqu\u2019ils ont pour sujet commun la nation et l\u2019Europe, comme c\u2019est le cas avec la bataille de Verdun, ils ne peuvent manquer de conduire \u00e0 une r\u00e9flexion sur la citoyennet\u00e9 qui est au c\u0153ur m\u00eame de nos enseignements d\u2019histoire et de g\u00e9ographie aujourd\u2019hui.<\/p>\n<p><strong>LE PROGRAMME DE LA JOURN\u00c9E<\/strong><\/p>\n<p><strong>S\u00e9ance de la matin\u00e9e<\/strong><\/p>\n<p>&#8211; 9h &#8211; 9h15 : Ouverture des travaux<br \/>\n&#8211; 9h15 &#8211; 10h : \u00ab Cent ans d\u2019historiographie fran\u00e7aise \u00bb par le g\u00e9n\u00e9ral 2S Allain Bern\u00e8de, ancien professeur de l\u2019enseignement militaire sup\u00e9rieur<br \/>\n&#8211; 10h &#8211; 10h45 : \u00ab Verdun, la bataille de tous les paradoxes \u00bb par Fran\u00e7ois Cochet, professeur en histoire contemporaine \u00e0 l\u2019universit\u00e9 de Lorraine (site de Metz)<br \/>\n&#8211; 10h45 \u2013 11h30 : \u00ab Charles de Rose, le balayeur du ciel de Verdun \u00bb par Jean-No\u00ebl Grandhomme, professeur en histoire contemporaine \u00e0 l\u2019universit\u00e9 de Lorraine (site de Nancy)<br \/>\n&#8211; 11h30 \u2013 12h : \u00ab L\u2019action p\u00e9dagogique du M\u00e9morial de Verdun d\u2019hier \u00e0 aujourd\u2019hui \u00bb par Nicolas Czubak, professeur d\u2019histoire-g\u00e9ographie d\u00e9tach\u00e9 au M\u00e9morial.<\/p>\n<p><strong><br \/>\nS\u00e9ance de l\u2019apr\u00e8s-midi<\/strong><\/p>\n<p>&#8211; 14h \u2013 14h45 : \u00ab Cent ans de comm\u00e9morations \u00bb par Serge Barcellini, pr\u00e9sident g\u00e9n\u00e9ral du Souvenir fran\u00e7ais<br \/>\n&#8211; 14h45 \u2013 15h15 : \u00ab Les lieux de m\u00e9moire de la bataille de Verdun et de la Grande Guerre dans la cit\u00e9 verdunoise \u00bb par Franck Meyer, professeur d\u2019histoire-g\u00e9ographie au lyc\u00e9e Margueritte et membre du conseil scientifique du M\u00e9morial<br \/>\n&#8211; 15h15 \u2013 15h45 : \u00ab Le mod\u00e8le alsacien et le devenir du champ de bataille de Verdun \u00bb par Florian Hensel, doctorant en histoire.<br \/>\n&#8211; 15h45 \u2013 16h30 : \u00ab La figure du combattant de Verdun dans les manuels scolaires fran\u00e7ais et allemands, approche compar\u00e9e \u00bb par Hubert Tison, secr\u00e9taire national de l\u2019APHG et Rainer Bendick, professeur d\u2019histoire au lyc\u00e9e d\u2019Osnasbr\u00fcck (RFA)<br \/>\n&#8211; 16h30 \u2013 17h : \u00ab L\u2019apport des archives s\u00e9natoriales dans la connaissance de la bataille de Verdun \u00bb par Jean-Ren\u00e9 Montaci\u00e9, docteur en histoire et pr\u00e9sident du comit\u00e9 de Nancy du Souvenir fran\u00e7ais<\/p>\n<p>&#8211; 17h \u2013 17h15 : Conclusion des travaux<\/p>\n<p><img decoding=\"async\" src=\"http:\/\/cmpaix.eu\/fr\/wp-content\/uploads\/2016\/01\/images-affiche-aphg-verdun-2016-a6197.jpg\" data-orig-src=\"http:\/\/cmpaix.eu\/fr\/wp-content\/uploads\/2016\/01\/images-affiche-aphg-verdun-2016-a6197.jpg\" alt=\"images-affiche-aphg-verdun-2016-a6197\" width=\"640\" height=\"960\" class=\"lazyload aligncenter size-full wp-image-7675\" srcset=\"data:image\/svg+xml,%3Csvg%20xmlns%3D%27http%3A%2F%2Fwww.w3.org%2F2000%2Fsvg%27%20width%3D%27640%27%20height%3D%27960%27%20viewBox%3D%270%200%20640%20960%27%3E%3Crect%20width%3D%27640%27%20height%3D%27960%27%20fill-opacity%3D%220%22%2F%3E%3C%2Fsvg%3E\" data-srcset=\"https:\/\/cmpaix.eu\/fr\/wp-content\/uploads\/2016\/01\/images-affiche-aphg-verdun-2016-a6197-200x300.jpg 200w, https:\/\/cmpaix.eu\/fr\/wp-content\/uploads\/2016\/01\/images-affiche-aphg-verdun-2016-a6197-300x450.jpg 300w, https:\/\/cmpaix.eu\/fr\/wp-content\/uploads\/2016\/01\/images-affiche-aphg-verdun-2016-a6197.jpg 640w\" data-sizes=\"auto\" data-orig-sizes=\"(max-width: 640px) 100vw, 640px\" \/><\/p>\n","protected":false},"excerpt":{"rendered":"<p>Journ\u00e9e d\u2019\u00e9tude tri-acad\u00e9mique (Alsace, Lorraine, Champagne-Ardenne) organis\u00e9e par la R\u00e9gionale de Lorraine de l\u2019Association des Professeurs d\u2019Histoire et de G\u00e9ographie (APHG) au Centre Mondial de la Paix de Verdun. Entr\u00e9e ouverte au grand public. Samedi 27 f\u00e9vrier 2016 de 9 h \u00e0 17 h 00. Les partenaires : La Ville  [&#8230;]<\/p>\n","protected":false},"author":1,"featured_media":7677,"comment_status":"closed","ping_status":"closed","sticky":false,"template":"","format":"standard","meta":{"ngg_post_thumbnail":0,"footnotes":""},"categories":[41,31,30],"tags":[],"class_list":["post-7674","post","type-post","status-publish","format-standard","has-post-thumbnail","hentry","category-centenaire","category-colloques","category-conferences"],"_links":{"self":[{"href":"https:\/\/cmpaix.eu\/fr\/wp-json\/wp\/v2\/posts\/7674","targetHints":{"allow":["GET"]}}],"collection":[{"href":"https:\/\/cmpaix.eu\/fr\/wp-json\/wp\/v2\/posts"}],"about":[{"href":"https:\/\/cmpaix.eu\/fr\/wp-json\/wp\/v2\/types\/post"}],"author":[{"embeddable":true,"href":"https:\/\/cmpaix.eu\/fr\/wp-json\/wp\/v2\/users\/1"}],"replies":[{"embeddable":true,"href":"https:\/\/cmpaix.eu\/fr\/wp-json\/wp\/v2\/comments?post=7674"}],"version-history":[{"count":1,"href":"https:\/\/cmpaix.eu\/fr\/wp-json\/wp\/v2\/posts\/7674\/revisions"}],"predecessor-version":[{"id":7676,"href":"https:\/\/cmpaix.eu\/fr\/wp-json\/wp\/v2\/posts\/7674\/revisions\/7676"}],"wp:featuredmedia":[{"embeddable":true,"href":"https:\/\/cmpaix.eu\/fr\/wp-json\/wp\/v2\/media\/7677"}],"wp:attachment":[{"href":"https:\/\/cmpaix.eu\/fr\/wp-json\/wp\/v2\/media?parent=7674"}],"wp:term":[{"taxonomy":"category","embeddable":true,"href":"https:\/\/cmpaix.eu\/fr\/wp-json\/wp\/v2\/categories?post=7674"},{"taxonomy":"post_tag","embeddable":true,"href":"https:\/\/cmpaix.eu\/fr\/wp-json\/wp\/v2\/tags?post=7674"}],"curies":[{"name":"wp","href":"https:\/\/api.w.org\/{rel}","templated":true}]}}