{"id":7689,"date":"2016-02-02T13:55:35","date_gmt":"2016-02-02T11:55:35","guid":{"rendered":"http:\/\/cmpaix.eu\/fr\/?p=7689"},"modified":"2016-06-30T15:22:21","modified_gmt":"2016-06-30T13:22:21","slug":"verdun-1914-1916-la-vie-continue","status":"publish","type":"post","link":"https:\/\/cmpaix.eu\/fr\/verdun-1914-1916-la-vie-continue\/","title":{"rendered":"Verdun 1914-1916 la vie continue!"},"content":{"rendered":"<p>Verdun 1914-1916 la vie continue!<br \/>\nDu 21 f\u00e9vrier au 30 juin 2016<\/p>\n<p>A travers de nombreux documents originaux et in\u00e9dits, les archives de la Ville de Verdun en collaboration avec la biblioth\u00e8que du Grand Verdun mettent en lumi\u00e8re le destin extraordinaire des habitants de la cit\u00e9.<\/p>\n<p>Car s&rsquo;il y a eu beaucoup de mouvements de population au d\u00e9but de la guerre, la ville n&rsquo;est pas rest\u00e9e sans vie. Malgr\u00e9 un quotidien totalement boulevers\u00e9 par la pr\u00e9sence accrue des militaires et les bombardements, les cin\u00e9mas, commerces et caf\u00e9s restent ouverts, les enfants vont \u00e0 l&rsquo;\u00e9cole, les travaux agricoles sont maintenus: la vie continue&#8230;<\/p>\n","protected":false},"excerpt":{"rendered":"<p>Verdun 1914-1916 la vie continue! Du 21 f\u00e9vrier au 30 juin 2016 A travers de nombreux documents originaux et in\u00e9dits, les archives de la Ville de Verdun en collaboration avec la biblioth\u00e8que du Grand Verdun mettent en lumi\u00e8re le destin extraordinaire des habitants de la cit\u00e9. Car s&rsquo;il y a  [&#8230;]<\/p>\n","protected":false},"author":1,"featured_media":7690,"comment_status":"closed","ping_status":"closed","sticky":false,"template":"","format":"standard","meta":{"ngg_post_thumbnail":0,"footnotes":""},"categories":[41,3],"tags":[],"class_list":["post-7689","post","type-post","status-publish","format-standard","has-post-thumbnail","hentry","category-centenaire","category-expositions"],"_links":{"self":[{"href":"https:\/\/cmpaix.eu\/fr\/wp-json\/wp\/v2\/posts\/7689","targetHints":{"allow":["GET"]}}],"collection":[{"href":"https:\/\/cmpaix.eu\/fr\/wp-json\/wp\/v2\/posts"}],"about":[{"href":"https:\/\/cmpaix.eu\/fr\/wp-json\/wp\/v2\/types\/post"}],"author":[{"embeddable":true,"href":"https:\/\/cmpaix.eu\/fr\/wp-json\/wp\/v2\/users\/1"}],"replies":[{"embeddable":true,"href":"https:\/\/cmpaix.eu\/fr\/wp-json\/wp\/v2\/comments?post=7689"}],"version-history":[{"count":1,"href":"https:\/\/cmpaix.eu\/fr\/wp-json\/wp\/v2\/posts\/7689\/revisions"}],"predecessor-version":[{"id":7691,"href":"https:\/\/cmpaix.eu\/fr\/wp-json\/wp\/v2\/posts\/7689\/revisions\/7691"}],"wp:featuredmedia":[{"embeddable":true,"href":"https:\/\/cmpaix.eu\/fr\/wp-json\/wp\/v2\/media\/7690"}],"wp:attachment":[{"href":"https:\/\/cmpaix.eu\/fr\/wp-json\/wp\/v2\/media?parent=7689"}],"wp:term":[{"taxonomy":"category","embeddable":true,"href":"https:\/\/cmpaix.eu\/fr\/wp-json\/wp\/v2\/categories?post=7689"},{"taxonomy":"post_tag","embeddable":true,"href":"https:\/\/cmpaix.eu\/fr\/wp-json\/wp\/v2\/tags?post=7689"}],"curies":[{"name":"wp","href":"https:\/\/api.w.org\/{rel}","templated":true}]}}